{"id":967,"date":"2014-03-25T16:14:17","date_gmt":"2014-03-25T15:14:17","guid":{"rendered":"http:\/\/www.samskitchen.at\/?p=967"},"modified":"2014-03-25T16:14:17","modified_gmt":"2014-03-25T15:14:17","slug":"la-tourte-de-meule-lievito-madre","status":"publish","type":"post","link":"https:\/\/www.samskitchen.at\/?p=967","title":{"rendered":"La Tourte de Meule (lievito madre)"},"content":{"rendered":"<p><a href=\"http:\/\/www.samskitchen.at\/?attachment_id=974#main\" rel=\"attachment wp-att-974\"><img decoding=\"async\" loading=\"lazy\" class=\"alignnone size-medium wp-image-974\" alt=\"2014-03-25 16.04.12\" src=\"http:\/\/www.samskitchen.at\/wp-content\/uploads\/2014\/03\/2014-03-25-16.04.12-300x225.jpg\" width=\"300\" height=\"225\" srcset=\"https:\/\/www.samskitchen.at\/wp-content\/uploads\/2014\/03\/2014-03-25-16.04.12-300x225.jpg 300w, https:\/\/www.samskitchen.at\/wp-content\/uploads\/2014\/03\/2014-03-25-16.04.12-510x382.jpg 510w, https:\/\/www.samskitchen.at\/wp-content\/uploads\/2014\/03\/2014-03-25-16.04.12-330x247.jpg 330w, https:\/\/www.samskitchen.at\/wp-content\/uploads\/2014\/03\/2014-03-25-16.04.12-530x397.jpg 530w\" sizes=\"(max-width: 300px) 100vw, 300px\" \/><\/a><\/p>\n<p>Fast alle Backbloger versuchen sich irgendwann mit &#8222;la Tourte de Meule&#8220; so auch ich. Angeregt durch <a href=\"http:\/\/brotdoc.com\">Bj\u00f6rn Hollensteiner<\/a>, <a href=\"http:\/\/www.ploetzblog.de\">Lutz Geissler<\/a> und nicht zuletzt <a href=\"http:\/\/www.homebaking.at\">Dietmar Kappl<\/a>, nicht zu vergessen sind auch die vielen von mir Unerw\u00e4hnten aber nicht vergessen Bloger.<\/p>\n<p>Nachdem ich letzte Woche einen <a href=\"http:\/\/brotdoc.com\/2014\/03\/11\/lievito-madre\/\">&#8222;Lievito Madre&#8220;<\/a> angesetzt hatte, sollte der doch auch getestet werden. Und da kam mir die Tourte de Meule gerade recht. Die meisten B\u00e4cker verwenden das franz. T80. Hatte ich aber nicht. Also nahm ich einen Teil T1600 und den Rest T480. Da ich schnell ein gutes Brot backen wollte, gabs einen relativ schnellen Backgang.<\/p>\n<p><strong>Rezept:<\/strong><\/p>\n<p>640 g Weizenmehl T80 (ich habe 420 g T1600 und 220 g T550 genommen)<br \/>\n160 g Lievito madre \u00a0aus dem K\u00fchlschrank<br \/>\n530 g Wasser<br \/>\n15 g Salz<br \/>\n4 g Frischhefe<\/p>\n<p>Die Zutaten (ohne Hefe und Salz)gut vermischen und ca 50 Minuten Autolyse. Dann Salz und Hefe mit langsamer Geschwindigkeit unterkneten, bis sich der Teig von der Sch\u00fcssel zu trennen beginnt. In eine ge\u00f6lte Plastikwanne geben und 120 Minuten reifen lassen und nach 45 und 90 Minuten strecken und falten.<br \/>\nDen gut bemehlten Teig rund wirken ohne zuviel G\u00e4rgas auszudr\u00fccken. Und im G\u00e4rk\u00f6rbchen bei Raumtemperatur mit Schluss nach oben gehen lassen (3\/4 Gare).<\/p>\n<p>Danach auf einen Brotschieber st\u00fcrzen, einschneiden und in den gut vorgeheizten Ofen bei 250 Grad einschiessen. Nicht vergessen gut zu schwaden. Fallend auf 220 Grad kr\u00e4ftig ausbacken.<\/p>\n<p><a href=\"http:\/\/www.samskitchen.at\/?attachment_id=971#main\" rel=\"attachment wp-att-971\"><img decoding=\"async\" loading=\"lazy\" class=\"alignnone size-medium wp-image-971\" alt=\"2014-03-25 15.56.43\" src=\"http:\/\/www.samskitchen.at\/wp-content\/uploads\/2014\/03\/2014-03-25-15.56.43-300x224.jpg\" width=\"300\" height=\"224\" srcset=\"https:\/\/www.samskitchen.at\/wp-content\/uploads\/2014\/03\/2014-03-25-15.56.43-300x224.jpg 300w, https:\/\/www.samskitchen.at\/wp-content\/uploads\/2014\/03\/2014-03-25-15.56.43-510x382.jpg 510w, https:\/\/www.samskitchen.at\/wp-content\/uploads\/2014\/03\/2014-03-25-15.56.43-330x247.jpg 330w, https:\/\/www.samskitchen.at\/wp-content\/uploads\/2014\/03\/2014-03-25-15.56.43-530x397.jpg 530w\" sizes=\"(max-width: 300px) 100vw, 300px\" \/><\/a> <a href=\"http:\/\/www.samskitchen.at\/?attachment_id=972#main\" rel=\"attachment wp-att-972\"><img decoding=\"async\" loading=\"lazy\" class=\"alignnone size-medium wp-image-972\" alt=\"2014-03-25 15.56.33\" src=\"http:\/\/www.samskitchen.at\/wp-content\/uploads\/2014\/03\/2014-03-25-15.56.33-300x225.jpg\" width=\"300\" height=\"225\" srcset=\"https:\/\/www.samskitchen.at\/wp-content\/uploads\/2014\/03\/2014-03-25-15.56.33-300x225.jpg 300w, https:\/\/www.samskitchen.at\/wp-content\/uploads\/2014\/03\/2014-03-25-15.56.33-510x382.jpg 510w, https:\/\/www.samskitchen.at\/wp-content\/uploads\/2014\/03\/2014-03-25-15.56.33-330x247.jpg 330w, https:\/\/www.samskitchen.at\/wp-content\/uploads\/2014\/03\/2014-03-25-15.56.33-530x397.jpg 530w\" sizes=\"(max-width: 300px) 100vw, 300px\" \/><\/a><\/p>\n<p>Mit dem Ergebnis bin ich optisch nicht zufrieden, Geschmack ok. Ich glaube ich hatte \u00dcbergare. Werde bald den n\u00e4chsten Versuch wagen. Nur nicht aufgeben &#8211; heisst meine Devise.<\/p>\n<p>Quelle: <a href=\"http:\/\/brotdoc.com\/2014\/03\/17\/la-tourte-de-meule-mit-lievito-madre\/\">Brotdoc<\/a><\/p>\n","protected":false},"excerpt":{"rendered":"<p>Fast alle Backbloger versuchen sich irgendwann mit &#8222;la Tourte de Meule&#8220; so auch ich. Angeregt durch Bj\u00f6rn Hollensteiner, Lutz Geissler und nicht zuletzt Dietmar Kappl, nicht zu vergessen sind auch die vielen von mir Unerw\u00e4hnten aber nicht vergessen Bloger. Nachdem ich letzte Woche einen &#8222;Lievito Madre&#8220; angesetzt hatte, sollte der doch auch getestet werden. Und da kam mir die Tourte &hellip;<\/p>\n","protected":false},"author":1,"featured_media":974,"comment_status":"open","ping_status":"open","sticky":false,"template":"","format":"standard","meta":{"_mi_skip_tracking":false,"_exactmetrics_sitenote_active":false,"_exactmetrics_sitenote_note":"","_exactmetrics_sitenote_category":0,"ngg_post_thumbnail":0,"jetpack_post_was_ever_published":false,"_jetpack_newsletter_access":"","footnotes":"","jetpack_publicize_message":"","jetpack_is_tweetstorm":false,"jetpack_publicize_feature_enabled":true,"jetpack_social_post_already_shared":true,"jetpack_social_options":{"image_generator_settings":{"template":"highway","enabled":false}}},"categories":[2],"tags":[132,150,149,148],"jetpack_publicize_connections":[],"jetpack_featured_media_url":"https:\/\/www.samskitchen.at\/wp-content\/uploads\/2014\/03\/2014-03-25-16.04.12.jpg","jetpack_sharing_enabled":true,"jetpack_shortlink":"https:\/\/wp.me\/p41IW0-fB","_links":{"self":[{"href":"https:\/\/www.samskitchen.at\/index.php?rest_route=\/wp\/v2\/posts\/967"}],"collection":[{"href":"https:\/\/www.samskitchen.at\/index.php?rest_route=\/wp\/v2\/posts"}],"about":[{"href":"https:\/\/www.samskitchen.at\/index.php?rest_route=\/wp\/v2\/types\/post"}],"author":[{"embeddable":true,"href":"https:\/\/www.samskitchen.at\/index.php?rest_route=\/wp\/v2\/users\/1"}],"replies":[{"embeddable":true,"href":"https:\/\/www.samskitchen.at\/index.php?rest_route=%2Fwp%2Fv2%2Fcomments&post=967"}],"version-history":[{"count":6,"href":"https:\/\/www.samskitchen.at\/index.php?rest_route=\/wp\/v2\/posts\/967\/revisions"}],"predecessor-version":[{"id":976,"href":"https:\/\/www.samskitchen.at\/index.php?rest_route=\/wp\/v2\/posts\/967\/revisions\/976"}],"wp:featuredmedia":[{"embeddable":true,"href":"https:\/\/www.samskitchen.at\/index.php?rest_route=\/wp\/v2\/media\/974"}],"wp:attachment":[{"href":"https:\/\/www.samskitchen.at\/index.php?rest_route=%2Fwp%2Fv2%2Fmedia&parent=967"}],"wp:term":[{"taxonomy":"category","embeddable":true,"href":"https:\/\/www.samskitchen.at\/index.php?rest_route=%2Fwp%2Fv2%2Fcategories&post=967"},{"taxonomy":"post_tag","embeddable":true,"href":"https:\/\/www.samskitchen.at\/index.php?rest_route=%2Fwp%2Fv2%2Ftags&post=967"}],"curies":[{"name":"wp","href":"https:\/\/api.w.org\/{rel}","templated":true}]}}