{"id":858,"date":"2014-02-25T15:13:34","date_gmt":"2014-02-25T14:13:34","guid":{"rendered":"http:\/\/www.samskitchen.at\/?p=858"},"modified":"2014-02-25T16:24:26","modified_gmt":"2014-02-25T15:24:26","slug":"brioche-direkte-lange-teigfuehrung","status":"publish","type":"post","link":"https:\/\/www.samskitchen.at\/?p=858","title":{"rendered":"Brioche (direkte lange Teigf\u00fchrung)"},"content":{"rendered":"<p><a href=\"http:\/\/www.samskitchen.at\/?attachment_id=865#main\" rel=\"attachment wp-att-865\"><img decoding=\"async\" loading=\"lazy\" class=\"alignnone size-medium wp-image-865\" alt=\"2014-02-25 14.55.56\" src=\"http:\/\/www.samskitchen.at\/wp-content\/uploads\/2014\/02\/2014-02-25-14.55.56-300x225.jpg\" width=\"300\" height=\"225\" srcset=\"https:\/\/www.samskitchen.at\/wp-content\/uploads\/2014\/02\/2014-02-25-14.55.56-300x225.jpg 300w, https:\/\/www.samskitchen.at\/wp-content\/uploads\/2014\/02\/2014-02-25-14.55.56-510x382.jpg 510w, https:\/\/www.samskitchen.at\/wp-content\/uploads\/2014\/02\/2014-02-25-14.55.56-530x397.jpg 530w\" sizes=\"(max-width: 300px) 100vw, 300px\" \/><\/a><\/p>\n<p>Brioche ist eine franz\u00f6sische Backspezialit\u00e4t, die es schon seit Jahrhunderten gibt. Traditionell essen die Franzosen Brioche zum Fr\u00fchst\u00fcck mit Marmelade, Butter oder einer F\u00fcllung, die s\u00fc\u00df oder auch pikant sein kann. Die Form der Brioche ist in der Regel rund mit einem kugelf\u00f6rmigen Kopf. Brioche gibt es in allen Gr\u00f6\u00dfen. Eine gr\u00f6\u00dfer gebackene Brioche kann man in Scheiben schneiden und nach Herzenslust belegen.<\/p>\n<div>TEIG UND FORM VON BRIOCHE<\/div>\n<p>Brioche ist ein Hefegeb\u00e4ck und daher sehr locker und leicht. Damit der Hefeteig der Brioche eine lockere Beschaffenheit erlangt, braucht er vor allem \u00a0Zeit. F\u00fcr die kugelf\u00f6rmige Form der Brioche k\u00f6nnen Sie extra F\u00f6rmchen f\u00fcr Brioche verwenden. Eine andere Option ist es, Brioche in den Mulden eines Muffinbleches zu backen.<\/p>\n<p><strong style=\"line-height: 1.8em;\">Rezept:<\/strong><\/p>\n<p>3 Eier<br \/>\n55 g Puderzucker<br \/>\n75 g Milch 4\u00a0\u00ba<br \/>\n30 g Hefe<br \/>\n10 g Backmalz<br \/>\n10 g Vanillezucker<br \/>\n7 g Zitronenschale<\/p>\n<p>Verr\u00fchren bis die Hefe aufgel\u00f6st ist.<\/p>\n<p>500 g Mehl (T700 oder T550)<br \/>\n250 g Butter<br \/>\n10 g Salz<\/p>\n<p>Mehl mit ca 50 g Butter mischen \u00a0&#8211; dann die restliche Butter und das Salz bei langsamer Geschwindigkeit untermischen. Wegen des hohen Fettgehaltes ist die Mischzeit recht lange.<br \/>\nTeigruhe von ca. 30 Minuten, dann flach formen und in eine Klarsichtfolie einschlagen und tiefk\u00fchlen. Bei Bedarf im K\u00fchlschrank ca.48 Stunden reifen lassen, dabei sollte der Teig nur wenig anspringen. Am Backtag bei Raumtemperatur akklimatisieren lassen. Er sollte nun ein wenig anspringen.<\/p>\n<p>Briocherteig zusammenschlagen &#8211; zu Teilst\u00fccken von je 50 g auswiegen &#8211; rund schleifen. Teigruhe von ca 15 Minuten. Hier ist ein <a href=\"http:\/\/www.youtube.com\/watch?v=xeCEHU9toqU\">Video<\/a>, dass das Formen der Teiglinge zeigt. \u00a0Bei Raumtemperatur bis zur Dreiviertelgare gehen lassen, mit Eistreiche bestreichen und ohne Schwaden bei 200 Grad sch\u00f6n dunkelbraun ausbacken.<\/p>\n<p>Die direkte langeTeigf\u00fchrung bewirkt durch die lange Teigruhe (48 Stunden) nach der Tiefk\u00fchlphase eine noch umfassendere Fermentation mit all den damit verbundenen Vorteilen (verst\u00e4rkte Hefevermehrung, durch bessere Aufschliessung des Klebers kann der Teig mehr Fl\u00fcssigkeit aufnehmen, vorteilhaftere Porenstrucktur, l\u00e4ngere Frischhaltung des Backgutes). Zudem erm\u00f6glicht diese Art der Teigf\u00fchrung eine rationellere Herstellung von gr\u00f6sseren Teigmengen, die bei Bedarf nach und nach hergenommen und verarbeitet werden k\u00f6nnen.<\/p>\n<p>Quelle: Konditorei, Patisserie,B\u00e4ckerei \u00a0Trauner Verlag<\/p>\n<p><a href=\"http:\/\/www.samskitchen.at\/?attachment_id=867#main\" rel=\"attachment wp-att-867\"><img decoding=\"async\" loading=\"lazy\" class=\"alignnone size-medium wp-image-867\" alt=\"2014-02-25 14.22.42\" src=\"http:\/\/www.samskitchen.at\/wp-content\/uploads\/2014\/02\/2014-02-25-14.22.42-300x225.jpg\" width=\"300\" height=\"225\" srcset=\"https:\/\/www.samskitchen.at\/wp-content\/uploads\/2014\/02\/2014-02-25-14.22.42-300x225.jpg 300w, https:\/\/www.samskitchen.at\/wp-content\/uploads\/2014\/02\/2014-02-25-14.22.42-510x382.jpg 510w, https:\/\/www.samskitchen.at\/wp-content\/uploads\/2014\/02\/2014-02-25-14.22.42-530x397.jpg 530w\" sizes=\"(max-width: 300px) 100vw, 300px\" \/><\/a><\/p>\n<p><a href=\"http:\/\/www.samskitchen.at\/?attachment_id=866#main\" rel=\"attachment wp-att-866\"><img decoding=\"async\" loading=\"lazy\" class=\"alignnone size-medium wp-image-866\" alt=\"2014-02-25 14.29.49\" src=\"http:\/\/www.samskitchen.at\/wp-content\/uploads\/2014\/02\/2014-02-25-14.29.49-300x225.jpg\" width=\"300\" height=\"225\" srcset=\"https:\/\/www.samskitchen.at\/wp-content\/uploads\/2014\/02\/2014-02-25-14.29.49-300x225.jpg 300w, https:\/\/www.samskitchen.at\/wp-content\/uploads\/2014\/02\/2014-02-25-14.29.49-510x382.jpg 510w, https:\/\/www.samskitchen.at\/wp-content\/uploads\/2014\/02\/2014-02-25-14.29.49-530x397.jpg 530w\" sizes=\"(max-width: 300px) 100vw, 300px\" \/><\/a><\/p>\n<p><a href=\"http:\/\/www.samskitchen.at\/?attachment_id=868#main\" rel=\"attachment wp-att-868\"><img decoding=\"async\" loading=\"lazy\" class=\"alignnone size-medium wp-image-868\" alt=\"2014-02-25 14.55.31\" src=\"http:\/\/www.samskitchen.at\/wp-content\/uploads\/2014\/02\/2014-02-25-14.55.31-300x225.jpg\" width=\"300\" height=\"225\" srcset=\"https:\/\/www.samskitchen.at\/wp-content\/uploads\/2014\/02\/2014-02-25-14.55.31-300x225.jpg 300w, https:\/\/www.samskitchen.at\/wp-content\/uploads\/2014\/02\/2014-02-25-14.55.31-510x382.jpg 510w, https:\/\/www.samskitchen.at\/wp-content\/uploads\/2014\/02\/2014-02-25-14.55.31-530x397.jpg 530w\" sizes=\"(max-width: 300px) 100vw, 300px\" \/><\/a><\/p>\n","protected":false},"excerpt":{"rendered":"<p>Brioche ist eine franz\u00f6sische Backspezialit\u00e4t, die es schon seit Jahrhunderten gibt. Traditionell essen die Franzosen Brioche zum Fr\u00fchst\u00fcck mit Marmelade, Butter oder einer F\u00fcllung, die s\u00fc\u00df oder auch pikant sein kann. Die Form der Brioche ist in der Regel rund mit einem kugelf\u00f6rmigen Kopf. Brioche gibt es in allen Gr\u00f6\u00dfen. Eine gr\u00f6\u00dfer gebackene Brioche kann man in Scheiben schneiden und &hellip;<\/p>\n","protected":false},"author":1,"featured_media":864,"comment_status":"open","ping_status":"open","sticky":false,"template":"","format":"standard","meta":{"_mi_skip_tracking":false,"_exactmetrics_sitenote_active":false,"_exactmetrics_sitenote_note":"","_exactmetrics_sitenote_category":0,"ngg_post_thumbnail":0,"jetpack_post_was_ever_published":false,"_jetpack_newsletter_access":"","footnotes":"","jetpack_publicize_message":"","jetpack_is_tweetstorm":false,"jetpack_publicize_feature_enabled":true,"jetpack_social_post_already_shared":true,"jetpack_social_options":{"image_generator_settings":{"template":"highway","enabled":false}}},"categories":[2,103],"tags":[133,134,74],"jetpack_publicize_connections":[],"jetpack_featured_media_url":"https:\/\/www.samskitchen.at\/wp-content\/uploads\/2014\/02\/2014-02-25-14.55.20.jpg","jetpack_sharing_enabled":true,"jetpack_shortlink":"https:\/\/wp.me\/p41IW0-dQ","_links":{"self":[{"href":"https:\/\/www.samskitchen.at\/index.php?rest_route=\/wp\/v2\/posts\/858"}],"collection":[{"href":"https:\/\/www.samskitchen.at\/index.php?rest_route=\/wp\/v2\/posts"}],"about":[{"href":"https:\/\/www.samskitchen.at\/index.php?rest_route=\/wp\/v2\/types\/post"}],"author":[{"embeddable":true,"href":"https:\/\/www.samskitchen.at\/index.php?rest_route=\/wp\/v2\/users\/1"}],"replies":[{"embeddable":true,"href":"https:\/\/www.samskitchen.at\/index.php?rest_route=%2Fwp%2Fv2%2Fcomments&post=858"}],"version-history":[{"count":5,"href":"https:\/\/www.samskitchen.at\/index.php?rest_route=\/wp\/v2\/posts\/858\/revisions"}],"predecessor-version":[{"id":870,"href":"https:\/\/www.samskitchen.at\/index.php?rest_route=\/wp\/v2\/posts\/858\/revisions\/870"}],"wp:featuredmedia":[{"embeddable":true,"href":"https:\/\/www.samskitchen.at\/index.php?rest_route=\/wp\/v2\/media\/864"}],"wp:attachment":[{"href":"https:\/\/www.samskitchen.at\/index.php?rest_route=%2Fwp%2Fv2%2Fmedia&parent=858"}],"wp:term":[{"taxonomy":"category","embeddable":true,"href":"https:\/\/www.samskitchen.at\/index.php?rest_route=%2Fwp%2Fv2%2Fcategories&post=858"},{"taxonomy":"post_tag","embeddable":true,"href":"https:\/\/www.samskitchen.at\/index.php?rest_route=%2Fwp%2Fv2%2Ftags&post=858"}],"curies":[{"name":"wp","href":"https:\/\/api.w.org\/{rel}","templated":true}]}}