{"id":848,"date":"2014-02-20T14:41:33","date_gmt":"2014-02-20T13:41:33","guid":{"rendered":"http:\/\/www.samskitchen.at\/?p=848"},"modified":"2014-02-20T14:43:12","modified_gmt":"2014-02-20T13:43:12","slug":"pain-chapeau","status":"publish","type":"post","link":"https:\/\/www.samskitchen.at\/?p=848","title":{"rendered":"Pain Chapeau"},"content":{"rendered":"<p>&nbsp;<\/p>\n<p><a href=\"http:\/\/www.samskitchen.at\/?attachment_id=850#main\" rel=\"attachment wp-att-850\"><img decoding=\"async\" loading=\"lazy\" class=\"alignnone size-medium wp-image-850\" alt=\"2014-02-20 14.07.32\" src=\"http:\/\/www.samskitchen.at\/wp-content\/uploads\/2014\/02\/2014-02-20-14.07.32-300x225.jpg\" width=\"300\" height=\"225\" srcset=\"https:\/\/www.samskitchen.at\/wp-content\/uploads\/2014\/02\/2014-02-20-14.07.32-300x225.jpg 300w, https:\/\/www.samskitchen.at\/wp-content\/uploads\/2014\/02\/2014-02-20-14.07.32-510x382.jpg 510w, https:\/\/www.samskitchen.at\/wp-content\/uploads\/2014\/02\/2014-02-20-14.07.32-530x397.jpg 530w\" sizes=\"(max-width: 300px) 100vw, 300px\" \/><\/a><\/p>\n<p>Franz\u00f6sische Weissbrote haben\u00b4s mir angetan. Da kam mir das Rezept von Lutz Gei\u00dfler gerade recht. Ein Weissbrot da\u00df nur mit Sauerteig gef\u00fchrt wird. Dunkel ausgebacken, sch\u00f6n verziert und ein milder und doch feins\u00e4uerlicher Geschmack. Das richtige, f\u00fcr franz\u00f6sischen K\u00e4se, mit einem guten Rotwein. Was will man mehr?<\/p>\n<p>Aus dem Teig werden zwei Kugeln geformt, eine gro\u00dfe und eine kleine. Die kleine Kugel wird auf den Boden des G\u00e4rkorbes gesetzt, die gro\u00dfe dar\u00fcber. Beim Backen ist es genau umgekehrt. \u00a0Dort wo sich die beiden Kugeln treffen, rei\u00dft das Brot sch\u00f6n gleichm\u00e4\u00dfig auf, hebt sich ab und formt so eine Art Hut (\u201cchapeau\u201d) auf dem gro\u00dfen Teigballen (der Kopf).<\/p>\n<p><a href=\"http:\/\/www.samskitchen.at\/?attachment_id=851#main\" rel=\"attachment wp-att-851\"><img decoding=\"async\" loading=\"lazy\" class=\"alignnone size-medium wp-image-851\" alt=\"2014-02-20 14.07.48\" src=\"http:\/\/www.samskitchen.at\/wp-content\/uploads\/2014\/02\/2014-02-20-14.07.48-224x300.jpg\" width=\"224\" height=\"300\" srcset=\"https:\/\/www.samskitchen.at\/wp-content\/uploads\/2014\/02\/2014-02-20-14.07.48-224x300.jpg 224w, https:\/\/www.samskitchen.at\/wp-content\/uploads\/2014\/02\/2014-02-20-14.07.48-510x680.jpg 510w\" sizes=\"(max-width: 224px) 100vw, 224px\" \/><\/a><\/p>\n<p>&nbsp;<\/p>\n<p><strong>Weizensauerteig<\/strong><\/p>\n<div>\n<ul>\n<li>110 g Weizenmehl 550<\/li>\n<li>85 g Wasser<\/li>\n<li>11 g Anstellgut<\/li>\n<\/ul>\n<p><strong>Hauptteig<\/strong><\/p>\n<ul>\n<li>Sauerteig<\/li>\n<li>30 g Hartweizenmehl<\/li>\n<li>595 g Weizenmehl 550<\/li>\n<li>400 g Wasser<\/li>\n<li>15 g Salz<\/li>\n<\/ul>\n<p>&nbsp;<\/p>\n<\/div>\n<p>Die Sauerteigzutaten vermengen und 20 Stunden bei Raumtemperatur reifen lassen (f\u00fcr eine mildere S\u00e4ure besser bei 26\u00b0C f\u00fcr 8-10 Stunden).<\/p>\n<p>S\u00e4mtliche Zutaten 5 Minuten auf niedrigster Stufe und weitere 8 Minuten auf zweiter Stufe zu einem mittelfesten, leicht klebrigen Teig verarbeiten. (Teigtemperatur 28\u00b0C).<\/p>\n<p>3 Stunden Gare bei 24\u00b0C. Nach 30 und 60 Minuten falten.<\/p>\n<p>Den Teig schonend rundwirken und 30 Minuten abgedeckt entspannen lassen.<\/p>\n<p>Vom Teig 300 g in m\u00f6glichst einem St\u00fcck abnehmen und beide Teile nochmals grob rundwirken.<\/p>\n<p>Die kleine Kugel mit Schluss nach oben in den gut bemehlten G\u00e4rkorb setzen. Die gro\u00dfe Kugel mit Schluss nach unten darauf setzen.<\/p>\n<p>1 Stunde Gare bei 24\u00b0C.<\/p>\n<p>Den Teigling mit der gro\u00dfen Kugel unten auf einen Brotschieber oder Backpapier st\u00fcrzen. Die kleine Kugel mit einer Rasierklinge nach Belieben einritzen. Ich hab mit einer Schere kleine Einschnitte gemacht. Mit dem Finger in der Mitte der Kugeln, senkrecht nach unten ein Loch stossen.<\/p>\n<p>(Auf\u00b4s Loch hab ich vergessen)<\/p>\n<p>55 Minuten bei 280\u00b0C (250\u00b0C) fallend auf 210\u00b0C mit Dampf backen.<\/p>\n<p>Quelle: <a href=\"http:\/\/www.ploetzblog.de\/2014\/02\/08\/leserwunsch-pain-chapeau\/\">Pl\u00f6tzblog<\/a><\/p>\n<p><a href=\"http:\/\/www.samskitchen.at\/?attachment_id=854#main\" rel=\"attachment wp-att-854\"><img decoding=\"async\" loading=\"lazy\" class=\"alignnone size-medium wp-image-854\" alt=\"2014-02-20 14.31.33\" src=\"http:\/\/www.samskitchen.at\/wp-content\/uploads\/2014\/02\/2014-02-20-14.31.33-300x224.jpg\" width=\"300\" height=\"224\" srcset=\"https:\/\/www.samskitchen.at\/wp-content\/uploads\/2014\/02\/2014-02-20-14.31.33-300x224.jpg 300w, https:\/\/www.samskitchen.at\/wp-content\/uploads\/2014\/02\/2014-02-20-14.31.33-510x382.jpg 510w, https:\/\/www.samskitchen.at\/wp-content\/uploads\/2014\/02\/2014-02-20-14.31.33-530x397.jpg 530w\" sizes=\"(max-width: 300px) 100vw, 300px\" \/><\/a><\/p>\n","protected":false},"excerpt":{"rendered":"<p>&nbsp; Franz\u00f6sische Weissbrote haben\u00b4s mir angetan. Da kam mir das Rezept von Lutz Gei\u00dfler gerade recht. Ein Weissbrot da\u00df nur mit Sauerteig gef\u00fchrt wird. Dunkel ausgebacken, sch\u00f6n verziert und ein milder und doch feins\u00e4uerlicher Geschmack. Das richtige, f\u00fcr franz\u00f6sischen K\u00e4se, mit einem guten Rotwein. Was will man mehr? Aus dem Teig werden zwei Kugeln geformt, eine gro\u00dfe und eine kleine. &hellip;<\/p>\n","protected":false},"author":1,"featured_media":850,"comment_status":"open","ping_status":"open","sticky":false,"template":"","format":"standard","meta":{"_mi_skip_tracking":false,"_exactmetrics_sitenote_active":false,"_exactmetrics_sitenote_note":"","_exactmetrics_sitenote_category":0,"ngg_post_thumbnail":0,"jetpack_post_was_ever_published":false,"_jetpack_newsletter_access":"","footnotes":"","jetpack_publicize_message":"","jetpack_is_tweetstorm":false,"jetpack_publicize_feature_enabled":true,"jetpack_social_post_already_shared":true,"jetpack_social_options":{"image_generator_settings":{"template":"highway","enabled":false}}},"categories":[2],"tags":[132,131,110,66,130],"jetpack_publicize_connections":[],"jetpack_featured_media_url":"https:\/\/www.samskitchen.at\/wp-content\/uploads\/2014\/02\/2014-02-20-14.07.32.jpg","jetpack_sharing_enabled":true,"jetpack_shortlink":"https:\/\/wp.me\/p41IW0-dG","_links":{"self":[{"href":"https:\/\/www.samskitchen.at\/index.php?rest_route=\/wp\/v2\/posts\/848"}],"collection":[{"href":"https:\/\/www.samskitchen.at\/index.php?rest_route=\/wp\/v2\/posts"}],"about":[{"href":"https:\/\/www.samskitchen.at\/index.php?rest_route=\/wp\/v2\/types\/post"}],"author":[{"embeddable":true,"href":"https:\/\/www.samskitchen.at\/index.php?rest_route=\/wp\/v2\/users\/1"}],"replies":[{"embeddable":true,"href":"https:\/\/www.samskitchen.at\/index.php?rest_route=%2Fwp%2Fv2%2Fcomments&post=848"}],"version-history":[{"count":5,"href":"https:\/\/www.samskitchen.at\/index.php?rest_route=\/wp\/v2\/posts\/848\/revisions"}],"predecessor-version":[{"id":856,"href":"https:\/\/www.samskitchen.at\/index.php?rest_route=\/wp\/v2\/posts\/848\/revisions\/856"}],"wp:featuredmedia":[{"embeddable":true,"href":"https:\/\/www.samskitchen.at\/index.php?rest_route=\/wp\/v2\/media\/850"}],"wp:attachment":[{"href":"https:\/\/www.samskitchen.at\/index.php?rest_route=%2Fwp%2Fv2%2Fmedia&parent=848"}],"wp:term":[{"taxonomy":"category","embeddable":true,"href":"https:\/\/www.samskitchen.at\/index.php?rest_route=%2Fwp%2Fv2%2Fcategories&post=848"},{"taxonomy":"post_tag","embeddable":true,"href":"https:\/\/www.samskitchen.at\/index.php?rest_route=%2Fwp%2Fv2%2Ftags&post=848"}],"curies":[{"name":"wp","href":"https:\/\/api.w.org\/{rel}","templated":true}]}}