{"id":824,"date":"2014-03-02T10:17:57","date_gmt":"2014-03-02T09:17:57","guid":{"rendered":"http:\/\/www.samskitchen.at\/?p=824"},"modified":"2014-09-22T11:04:38","modified_gmt":"2014-09-22T09:04:38","slug":"wachauer-laberln","status":"publish","type":"post","link":"https:\/\/www.samskitchen.at\/?p=824","title":{"rendered":"Wachauer Laberln"},"content":{"rendered":"<h2><a href=\"http:\/\/www.samskitchen.at\/?attachment_id=833#main\" rel=\"attachment wp-att-833\"><img decoding=\"async\" loading=\"lazy\" class=\"alignnone size-medium wp-image-833\" src=\"http:\/\/www.samskitchen.at\/wp-content\/uploads\/2014\/02\/2014-02-07-16.25.58-300x225.jpg\" alt=\"2014-02-07 16.25.58\" width=\"300\" height=\"225\" srcset=\"https:\/\/www.samskitchen.at\/wp-content\/uploads\/2014\/02\/2014-02-07-16.25.58-300x225.jpg 300w, https:\/\/www.samskitchen.at\/wp-content\/uploads\/2014\/02\/2014-02-07-16.25.58-510x382.jpg 510w, https:\/\/www.samskitchen.at\/wp-content\/uploads\/2014\/02\/2014-02-07-16.25.58-530x397.jpg 530w\" sizes=\"(max-width: 300px) 100vw, 300px\" \/><\/a><\/h2>\n<div>\n<div title=\"Page 2\">\n<div>\n<div>\n<p>&nbsp;<\/p>\n<p>Mit diesem Rezept beginnt die Reihe der Nachbackversuche des Blogs vom <a href=\"http:\/\/www.homebaking.at\">Dietmar Kappl.<\/a><\/p>\n<p>Im Jahr 1857 wurde die B\u00e4ckerei und <a href=\"http:\/\/www.schmidl-duernstein.at\">Konditorei Schmidl in D\u00fcrnstein<\/a> in der Wachau gegr\u00fcndet.<br \/>\n1905 erfand Rudolf Schmidl das Wachauer Laberl. Inspiriert wurde er angeblich dabei von seinem Bruder, damals Lehrer bei den Wiener S\u00e4ngerknaben, der von einer Reise ein franz\u00f6sisches Baguette mitbrachte. Die Pariser Backware weckte den Ehrgeiz des B\u00e4ckers und so wollte er unbedingt ein Wei\u00dfgeb\u00e4ck erfinden, das mit seiner W\u00fcrzigkeit optimal zu Wein passt. So entstand das Wachauer Laberl.<br \/>\nDas Originalrezept wird heute noch von der B\u00e4ckerei Schmidl streng geh\u00fctet.<\/p>\n<p>Heute wird das Wachauer Laberl in fast allen B\u00e4ckereibetrieben in ganz \u00d6sterreich hergestellt, jedoch in unterschiedlichen Variationen.<\/p>\n<\/div>\n<\/div>\n<\/div>\n<p><span style=\"line-height: 1.8em;\">Bei von Hand gefertigten Wachauer Laberln wird das rohe Teigst\u00fcck in kreisf\u00f6rmigen Bewegungen auf einer rauen Unterlage geformt (geschliffen), so entsteht eine rissige Oberfl\u00e4che (Ausbund) und es entsteht ein gr\u00f6\u00dferer Krustenanteil nach dem Backen. Im Originalrezept sind keine besonderen Gew\u00fcrze enthalten, es schmeckt durch die Beigabe von Roggenmehl leicht abweichend von einer\u00a0Semmel. H\u00e4ufig werden Wachauer aber mit K\u00fcmmel gebacken, d.h. abweichend vom Originalrezept.<\/span><\/p>\n<p>Rezept f\u00fcr 10 Wachauer\u00a0Stk\/ 85g \u00a0 Quelle: <a href=\"http:\/\/www.homebaking.at\">Dietmar Kappl<\/a><\/p>\n<h3>SAUERTEIG:<\/h3>\n<ul>\n<li>\u00a0 5g Anstellgut<\/li>\n<li>75g Roggenmehl Type\/960<\/li>\n<li>75g Wasser<\/li>\n<\/ul>\n<p>Klumpenfrei verr\u00fchren und zugedeckt 15 Stunden an einen warmen Ort reifen lassen.<\/p>\n<h3>HAUPTTEIG:<\/h3>\n<ul>\n<li>\u00a0 155g reifer Sauerteig<\/li>\n<li>\u00a0\u00a0350g Weizenmehl Type\/700<\/li>\n<li>\u00a0\u00a0 \u00a075g Roggenmehl Type\/960<\/li>\n<li>\u00a0\u00a0\u00a0 12g Meersalz<\/li>\n<li>\u00a0 \u00a0 15g Fl\u00fcssigmalz<\/li>\n<li>\u00a0\u00a0\u00a0 \u00a0 5g Hefe<\/li>\n<li>\u00a0 250g Wasser<\/li>\n<\/ul>\n<p>Alle Zutaten zu einem geschmeidigen Teig kneten (Vorsicht: der Teig neigt durch\u00a0seinen \u00a0Roggenanteil sehr schnell zur \u00dcberknetung!) Nach dem kneten den Teig mit einer Folie abdecken und 30 Minuten entspannen lassen.<\/p>\n<p>Nach der Ruhephase kann nun der Teig in 10 gleich gro\u00dfe St\u00fccke geteilt werden und weitere\u00a0 20 Minuten zugedeckt rasten . Nach der Teiglingsruhe \u00a0kann man die Teigst\u00fccke auf einem Lainentuch durch Kreisf\u00f6rmige Bewegungen zu Wachauer schleifen.\u00a0Die geschliffene Seite der Wachauer in Roggenmehl\u00a0legen und mit dem Schluss nach unten\u00a0auf Leinent\u00fccher absetzten.<\/p>\n<p>Zugedeckt mit Plastikfolie auf die Gare stellen. Am besten f\u00fcr einige Stunden in den K\u00fchlschrank oder Keller.\u00a0Bei 2\/3 Gare die Wachauer umdrehen und fertig garen lassen.<\/p>\n<p>Wie gewoht mit Schwaden in den Ofen und r\u00f6sch ausbacken.<\/p>\n<p><a href=\"http:\/\/www.samskitchen.at\/?attachment_id=834#main\" rel=\"attachment wp-att-834\"><img decoding=\"async\" loading=\"lazy\" class=\"alignnone size-medium wp-image-834\" src=\"http:\/\/www.samskitchen.at\/wp-content\/uploads\/2014\/02\/2014-02-07-15.45.37-300x225.jpg\" alt=\"2014-02-07 15.45.37\" width=\"300\" height=\"225\" srcset=\"https:\/\/www.samskitchen.at\/wp-content\/uploads\/2014\/02\/2014-02-07-15.45.37-300x225.jpg 300w, https:\/\/www.samskitchen.at\/wp-content\/uploads\/2014\/02\/2014-02-07-15.45.37-510x382.jpg 510w, https:\/\/www.samskitchen.at\/wp-content\/uploads\/2014\/02\/2014-02-07-15.45.37-530x397.jpg 530w\" sizes=\"(max-width: 300px) 100vw, 300px\" \/><\/a><\/p>\n<p><a href=\"http:\/\/www.samskitchen.at\/?attachment_id=829#main\" rel=\"attachment wp-att-829\"><img decoding=\"async\" loading=\"lazy\" class=\"alignnone size-medium wp-image-829\" src=\"http:\/\/www.samskitchen.at\/wp-content\/uploads\/2014\/02\/2014-02-06-13.23.57-300x224.jpg\" alt=\"2014-02-06 13.23.57\" width=\"300\" height=\"224\" srcset=\"https:\/\/www.samskitchen.at\/wp-content\/uploads\/2014\/02\/2014-02-06-13.23.57-300x224.jpg 300w, https:\/\/www.samskitchen.at\/wp-content\/uploads\/2014\/02\/2014-02-06-13.23.57-510x382.jpg 510w, https:\/\/www.samskitchen.at\/wp-content\/uploads\/2014\/02\/2014-02-06-13.23.57-530x397.jpg 530w\" sizes=\"(max-width: 300px) 100vw, 300px\" \/><\/a><\/p>\n<p><a href=\"http:\/\/www.samskitchen.at\/?attachment_id=831#main\" rel=\"attachment wp-att-831\"><img decoding=\"async\" loading=\"lazy\" class=\"alignnone size-medium wp-image-831\" src=\"http:\/\/www.samskitchen.at\/wp-content\/uploads\/2014\/02\/2014-02-06-10.37.30-300x224.jpg\" alt=\"2014-02-06 10.37.30\" width=\"300\" height=\"224\" srcset=\"https:\/\/www.samskitchen.at\/wp-content\/uploads\/2014\/02\/2014-02-06-10.37.30-300x224.jpg 300w, https:\/\/www.samskitchen.at\/wp-content\/uploads\/2014\/02\/2014-02-06-10.37.30-510x382.jpg 510w, https:\/\/www.samskitchen.at\/wp-content\/uploads\/2014\/02\/2014-02-06-10.37.30-530x397.jpg 530w\" sizes=\"(max-width: 300px) 100vw, 300px\" \/><\/a><\/p>\n<p><a href=\"http:\/\/www.samskitchen.at\/?attachment_id=830#main\" rel=\"attachment wp-att-830\"><img decoding=\"async\" loading=\"lazy\" class=\"alignnone size-medium wp-image-830\" src=\"http:\/\/www.samskitchen.at\/wp-content\/uploads\/2014\/02\/2014-02-06-10.37.58-300x225.jpg\" alt=\"2014-02-06 10.37.58\" width=\"300\" height=\"225\" srcset=\"https:\/\/www.samskitchen.at\/wp-content\/uploads\/2014\/02\/2014-02-06-10.37.58-300x225.jpg 300w, https:\/\/www.samskitchen.at\/wp-content\/uploads\/2014\/02\/2014-02-06-10.37.58-510x382.jpg 510w, https:\/\/www.samskitchen.at\/wp-content\/uploads\/2014\/02\/2014-02-06-10.37.58-530x397.jpg 530w\" sizes=\"(max-width: 300px) 100vw, 300px\" \/><\/a><\/p>\n<\/div>\n","protected":false},"excerpt":{"rendered":"<p>&nbsp; Mit diesem Rezept beginnt die Reihe der Nachbackversuche des Blogs vom Dietmar Kappl. Im Jahr 1857 wurde die B\u00e4ckerei und Konditorei Schmidl in D\u00fcrnstein in der Wachau gegr\u00fcndet. 1905 erfand Rudolf Schmidl das Wachauer Laberl. Inspiriert wurde er angeblich dabei von seinem Bruder, damals Lehrer bei den Wiener S\u00e4ngerknaben, der von einer Reise ein franz\u00f6sisches Baguette mitbrachte. Die Pariser &hellip;<\/p>\n","protected":false},"author":1,"featured_media":833,"comment_status":"open","ping_status":"open","sticky":false,"template":"","format":"standard","meta":{"_mi_skip_tracking":false,"_exactmetrics_sitenote_active":false,"_exactmetrics_sitenote_note":"","_exactmetrics_sitenote_category":0,"ngg_post_thumbnail":0,"jetpack_post_was_ever_published":false,"_jetpack_newsletter_access":"","footnotes":"","jetpack_publicize_message":"","jetpack_is_tweetstorm":false,"jetpack_publicize_feature_enabled":true,"jetpack_social_post_already_shared":true,"jetpack_social_options":{"image_generator_settings":{"template":"highway","enabled":false}}},"categories":[2],"tags":[71,12,127,128],"jetpack_publicize_connections":[],"jetpack_featured_media_url":"https:\/\/www.samskitchen.at\/wp-content\/uploads\/2014\/02\/2014-02-07-16.25.58.jpg","jetpack_sharing_enabled":true,"jetpack_shortlink":"https:\/\/wp.me\/p41IW0-di","_links":{"self":[{"href":"https:\/\/www.samskitchen.at\/index.php?rest_route=\/wp\/v2\/posts\/824"}],"collection":[{"href":"https:\/\/www.samskitchen.at\/index.php?rest_route=\/wp\/v2\/posts"}],"about":[{"href":"https:\/\/www.samskitchen.at\/index.php?rest_route=\/wp\/v2\/types\/post"}],"author":[{"embeddable":true,"href":"https:\/\/www.samskitchen.at\/index.php?rest_route=\/wp\/v2\/users\/1"}],"replies":[{"embeddable":true,"href":"https:\/\/www.samskitchen.at\/index.php?rest_route=%2Fwp%2Fv2%2Fcomments&post=824"}],"version-history":[{"count":10,"href":"https:\/\/www.samskitchen.at\/index.php?rest_route=\/wp\/v2\/posts\/824\/revisions"}],"predecessor-version":[{"id":1536,"href":"https:\/\/www.samskitchen.at\/index.php?rest_route=\/wp\/v2\/posts\/824\/revisions\/1536"}],"wp:featuredmedia":[{"embeddable":true,"href":"https:\/\/www.samskitchen.at\/index.php?rest_route=\/wp\/v2\/media\/833"}],"wp:attachment":[{"href":"https:\/\/www.samskitchen.at\/index.php?rest_route=%2Fwp%2Fv2%2Fmedia&parent=824"}],"wp:term":[{"taxonomy":"category","embeddable":true,"href":"https:\/\/www.samskitchen.at\/index.php?rest_route=%2Fwp%2Fv2%2Fcategories&post=824"},{"taxonomy":"post_tag","embeddable":true,"href":"https:\/\/www.samskitchen.at\/index.php?rest_route=%2Fwp%2Fv2%2Ftags&post=824"}],"curies":[{"name":"wp","href":"https:\/\/api.w.org\/{rel}","templated":true}]}}