{"id":736,"date":"2014-01-21T16:46:43","date_gmt":"2014-01-21T15:46:43","guid":{"rendered":"http:\/\/www.samskitchen.at\/?p=736"},"modified":"2014-01-21T16:50:33","modified_gmt":"2014-01-21T15:50:33","slug":"corona-de-pan-spanisches-kronenbrot","status":"publish","type":"post","link":"https:\/\/www.samskitchen.at\/?p=736","title":{"rendered":"corona de pan (Spanisches Kronenbrot)"},"content":{"rendered":"<p><a href=\"http:\/\/www.samskitchen.at\/?attachment_id=756#main\" rel=\"attachment wp-att-756\"><img decoding=\"async\" loading=\"lazy\" class=\"alignnone size-medium wp-image-756\" alt=\"2014-01-21 16.39.09\" src=\"http:\/\/www.samskitchen.at\/wp-content\/uploads\/2014\/01\/2014-01-21-16.39.09-220x300.jpg\" width=\"220\" height=\"300\" srcset=\"https:\/\/www.samskitchen.at\/wp-content\/uploads\/2014\/01\/2014-01-21-16.39.09-220x300.jpg 220w, https:\/\/www.samskitchen.at\/wp-content\/uploads\/2014\/01\/2014-01-21-16.39.09-510x693.jpg 510w, https:\/\/www.samskitchen.at\/wp-content\/uploads\/2014\/01\/2014-01-21-16.39.09-530x720.jpg 530w, https:\/\/www.samskitchen.at\/wp-content\/uploads\/2014\/01\/2014-01-21-16.39.09.jpg 1608w\" sizes=\"(max-width: 220px) 100vw, 220px\" \/><\/a><\/p>\n<p>Auf besonderen Wunsch hab ich mich an ein rundes Kranzbrot herangewagt. Ich hab es &#8222;corona de lan&#8220; genannt, weil es bei uns mal ein Coronabrot zu kaufen gab oder noch immer gibt. Ich hoffe es gef\u00e4llt Euch.<\/p>\n<p><strong>Sauerteig:<\/strong><\/p>\n<p>30 g Dinkelvollkornmehl<br \/>\n30 g Wasser<br \/>\n5 g Anstellgut<\/p>\n<p>Vermengen und bei Raumtemperatur \u00a0ca. 20 Stunden reifen lassen.<\/p>\n<p><strong>Vorteig: (Polish)<\/strong><\/p>\n<p>100 g Weizenmehl T1600 (1050)<br \/>\n100 g Wasser<br \/>\n0,1 g Frischhefe (ca die Gr\u00f6\u00dfe eines Reiskornes)<\/p>\n<p>Vermengen und bei Raumtemperatur \u00a0ca. 20 Stunden reifen lassen.<\/p>\n<p><strong>Hauptteig:<\/strong><\/p>\n<p>Dinkelsauerteig<br \/>\nVorteig<br \/>\n80 g Weizenmehl T1600 (1050)<br \/>\n165 g Weizenmehl T700 (550)<br \/>\n65 g Roggernvollkornmehl<br \/>\n200 g Wasser<br \/>\n5 g Frischhefe<br \/>\n10 g Salz<br \/>\n10 g Oliven\u00f6l<\/p>\n<p>Sauerteig, Vorteig und die anderen Zutaten, au\u00dfer Salz und \u00d6l, 10 Minuten mit der langsamen Geschwindigkeit verkneten. Weitere 15 Minuten auf der n\u00e4chsten Stufe und langsam zuerst das \u00d6l und dann das Salz unterkneten. Noch einige Minuten weiterkneten, bis er sich beginnt vom Sch\u00fcsselboden zu l\u00f6\u00dfen. Der Teig wird durch die TA von 175 sehr weich sein, aber doch straff-elastisch und hat eine glatte Oberfl\u00e4che.<br \/>\nTeig in einer Sch\u00fcssel luftdicht abgedeckt bei Raumtemperatur (24 Grad) 3 Stunden gehen lassen. Mit der Teigkarte noch zwei Mal vom Rand der Sch\u00fcssel zur Mitte hin falten. Den Teig auf eine bemehlt Arbeitsplatte geben, in zwei Teile Teilen und vorsichtig ohne zuviel G\u00e4rgas auszudr\u00fccken in eine runde Form bringen. \u00a0Mit der Hand in der Mitte ein rundes Loch machen und so vergr\u00f6\u00dfern, dass ein sch\u00f6ner gleichm\u00e4ssiger Ring entsteht.<\/p>\n<p>&nbsp;<\/p>\n<p><a href=\"http:\/\/www.samskitchen.at\/?attachment_id=743#main\" rel=\"attachment wp-att-743\"><img decoding=\"async\" loading=\"lazy\" class=\"alignnone size-medium wp-image-743\" alt=\"2014-01-21 09.53.37\" src=\"http:\/\/www.samskitchen.at\/wp-content\/uploads\/2014\/01\/2014-01-21-09.53.37-300x224.jpg\" width=\"300\" height=\"224\" srcset=\"https:\/\/www.samskitchen.at\/wp-content\/uploads\/2014\/01\/2014-01-21-09.53.37-300x224.jpg 300w, https:\/\/www.samskitchen.at\/wp-content\/uploads\/2014\/01\/2014-01-21-09.53.37-510x382.jpg 510w, https:\/\/www.samskitchen.at\/wp-content\/uploads\/2014\/01\/2014-01-21-09.53.37-530x397.jpg 530w\" sizes=\"(max-width: 300px) 100vw, 300px\" \/><\/a>Vorsichtig in einen G\u00e4rkorb \u00a0geben, wo man in \u00a0Mitte eine Glass oder Tasse gestellt hat, damit das Loch des Kreises sch\u00f6n offen bleibt. Am besten \u00fcber alles ein bemehltes Tuch geben.<\/p>\n<p><a href=\"http:\/\/www.samskitchen.at\/?attachment_id=747#main\" rel=\"attachment wp-att-747\"><img decoding=\"async\" loading=\"lazy\" class=\"alignnone size-medium wp-image-747\" alt=\"2014-01-21 14.59.58\" src=\"http:\/\/www.samskitchen.at\/wp-content\/uploads\/2014\/01\/2014-01-21-14.59.58-300x224.jpg\" width=\"300\" height=\"224\" srcset=\"https:\/\/www.samskitchen.at\/wp-content\/uploads\/2014\/01\/2014-01-21-14.59.58-300x224.jpg 300w, https:\/\/www.samskitchen.at\/wp-content\/uploads\/2014\/01\/2014-01-21-14.59.58-510x382.jpg 510w, https:\/\/www.samskitchen.at\/wp-content\/uploads\/2014\/01\/2014-01-21-14.59.58-530x397.jpg 530w\" sizes=\"(max-width: 300px) 100vw, 300px\" \/><\/a>Den Teig ca. 50 Minuten bei Raumtemperatur (24 Grad) gehen lassen.<br \/>\nDen Brotkranz dann auf ein Bachblech \u00a0st\u00fcrzen und einschneiden. \u00a0Ofen ca eine Stunde kr\u00e4ftig aufheizen. \u00a0Bei 250 Grad ca 30 Minuten mit Schwaden backen. Nach 10 Minuten Schwaden ablassen und Temperatur auf 230 Grad senken. Am Ende der Backzeit die Ofenbt\u00fcr einen Spalt \u00f6ffnen um den Schwaden abzulassen.<\/p>\n<p><a href=\"http:\/\/www.samskitchen.at\/?attachment_id=751#main\" rel=\"attachment wp-att-751\"><img decoding=\"async\" loading=\"lazy\" class=\"alignnone  wp-image-751\" alt=\"2014-01-21 16.04.21\" src=\"http:\/\/www.samskitchen.at\/wp-content\/uploads\/2014\/01\/2014-01-21-16.04.21-225x300.jpg\" width=\"158\" height=\"210\" srcset=\"https:\/\/www.samskitchen.at\/wp-content\/uploads\/2014\/01\/2014-01-21-16.04.21-225x300.jpg 225w, https:\/\/www.samskitchen.at\/wp-content\/uploads\/2014\/01\/2014-01-21-16.04.21-510x680.jpg 510w, https:\/\/www.samskitchen.at\/wp-content\/uploads\/2014\/01\/2014-01-21-16.04.21-530x706.jpg 530w, https:\/\/www.samskitchen.at\/wp-content\/uploads\/2014\/01\/2014-01-21-16.04.21.jpg 1983w\" sizes=\"(max-width: 158px) 100vw, 158px\" \/><\/a><\/p>\n<p><a href=\"http:\/\/www.samskitchen.at\/?attachment_id=753#main\" rel=\"attachment wp-att-753\"><img decoding=\"async\" loading=\"lazy\" class=\"alignnone size-medium wp-image-753\" alt=\"2014-01-21 16.26.34\" src=\"http:\/\/www.samskitchen.at\/wp-content\/uploads\/2014\/01\/2014-01-21-16.26.34-300x224.jpg\" width=\"300\" height=\"224\" srcset=\"https:\/\/www.samskitchen.at\/wp-content\/uploads\/2014\/01\/2014-01-21-16.26.34-300x224.jpg 300w, https:\/\/www.samskitchen.at\/wp-content\/uploads\/2014\/01\/2014-01-21-16.26.34-510x382.jpg 510w, https:\/\/www.samskitchen.at\/wp-content\/uploads\/2014\/01\/2014-01-21-16.26.34-530x397.jpg 530w\" sizes=\"(max-width: 300px) 100vw, 300px\" \/><\/a><\/p>\n<p><a href=\"http:\/\/www.samskitchen.at\/?attachment_id=754#main\" rel=\"attachment wp-att-754\"><img decoding=\"async\" loading=\"lazy\" class=\"alignnone size-medium wp-image-754\" alt=\"2014-01-21 16.26.47\" src=\"http:\/\/www.samskitchen.at\/wp-content\/uploads\/2014\/01\/2014-01-21-16.26.47-300x152.jpg\" width=\"300\" height=\"152\" srcset=\"https:\/\/www.samskitchen.at\/wp-content\/uploads\/2014\/01\/2014-01-21-16.26.47-300x152.jpg 300w, https:\/\/www.samskitchen.at\/wp-content\/uploads\/2014\/01\/2014-01-21-16.26.47-510x259.jpg 510w, https:\/\/www.samskitchen.at\/wp-content\/uploads\/2014\/01\/2014-01-21-16.26.47-530x269.jpg 530w\" sizes=\"(max-width: 300px) 100vw, 300px\" \/><\/a><\/p>\n","protected":false},"excerpt":{"rendered":"<p>Auf besonderen Wunsch hab ich mich an ein rundes Kranzbrot herangewagt. Ich hab es &#8222;corona de lan&#8220; genannt, weil es bei uns mal ein Coronabrot zu kaufen gab oder noch immer gibt. Ich hoffe es gef\u00e4llt Euch. Sauerteig: 30 g Dinkelvollkornmehl 30 g Wasser 5 g Anstellgut Vermengen und bei Raumtemperatur \u00a0ca. 20 Stunden reifen lassen. Vorteig: (Polish) 100 g &hellip;<\/p>\n","protected":false},"author":1,"featured_media":756,"comment_status":"open","ping_status":"open","sticky":false,"template":"","format":"standard","meta":{"_mi_skip_tracking":false,"_exactmetrics_sitenote_active":false,"_exactmetrics_sitenote_note":"","_exactmetrics_sitenote_category":0,"ngg_post_thumbnail":0,"jetpack_post_was_ever_published":false,"_jetpack_newsletter_access":"","footnotes":"","jetpack_publicize_message":"","jetpack_is_tweetstorm":false,"jetpack_publicize_feature_enabled":true,"jetpack_social_post_already_shared":true,"jetpack_social_options":{"image_generator_settings":{"template":"highway","enabled":false}}},"categories":[2],"tags":[114,115,23,113,59,35],"jetpack_publicize_connections":[],"jetpack_featured_media_url":"https:\/\/www.samskitchen.at\/wp-content\/uploads\/2014\/01\/2014-01-21-16.39.09.jpg","jetpack_sharing_enabled":true,"jetpack_shortlink":"https:\/\/wp.me\/p41IW0-bS","_links":{"self":[{"href":"https:\/\/www.samskitchen.at\/index.php?rest_route=\/wp\/v2\/posts\/736"}],"collection":[{"href":"https:\/\/www.samskitchen.at\/index.php?rest_route=\/wp\/v2\/posts"}],"about":[{"href":"https:\/\/www.samskitchen.at\/index.php?rest_route=\/wp\/v2\/types\/post"}],"author":[{"embeddable":true,"href":"https:\/\/www.samskitchen.at\/index.php?rest_route=\/wp\/v2\/users\/1"}],"replies":[{"embeddable":true,"href":"https:\/\/www.samskitchen.at\/index.php?rest_route=%2Fwp%2Fv2%2Fcomments&post=736"}],"version-history":[{"count":14,"href":"https:\/\/www.samskitchen.at\/index.php?rest_route=\/wp\/v2\/posts\/736\/revisions"}],"predecessor-version":[{"id":760,"href":"https:\/\/www.samskitchen.at\/index.php?rest_route=\/wp\/v2\/posts\/736\/revisions\/760"}],"wp:featuredmedia":[{"embeddable":true,"href":"https:\/\/www.samskitchen.at\/index.php?rest_route=\/wp\/v2\/media\/756"}],"wp:attachment":[{"href":"https:\/\/www.samskitchen.at\/index.php?rest_route=%2Fwp%2Fv2%2Fmedia&parent=736"}],"wp:term":[{"taxonomy":"category","embeddable":true,"href":"https:\/\/www.samskitchen.at\/index.php?rest_route=%2Fwp%2Fv2%2Fcategories&post=736"},{"taxonomy":"post_tag","embeddable":true,"href":"https:\/\/www.samskitchen.at\/index.php?rest_route=%2Fwp%2Fv2%2Ftags&post=736"}],"curies":[{"name":"wp","href":"https:\/\/api.w.org\/{rel}","templated":true}]}}