{"id":710,"date":"2014-01-14T15:33:39","date_gmt":"2014-01-14T14:33:39","guid":{"rendered":"http:\/\/www.samskitchen.at\/?p=710"},"modified":"2014-01-14T15:33:39","modified_gmt":"2014-01-14T14:33:39","slug":"dinkelvollkornbrot","status":"publish","type":"post","link":"https:\/\/www.samskitchen.at\/?p=710","title":{"rendered":"Dinkelvollkornbrot"},"content":{"rendered":"<p><a href=\"http:\/\/www.samskitchen.at\/?attachment_id=715#main\" rel=\"attachment wp-att-715\"><img decoding=\"async\" loading=\"lazy\" class=\"alignnone size-medium wp-image-715\" alt=\"2014-01-14 10.29.26\" src=\"http:\/\/www.samskitchen.at\/wp-content\/uploads\/2014\/01\/2014-01-14-10.29.26-300x199.jpg\" width=\"300\" height=\"199\" srcset=\"https:\/\/www.samskitchen.at\/wp-content\/uploads\/2014\/01\/2014-01-14-10.29.26-300x199.jpg 300w, https:\/\/www.samskitchen.at\/wp-content\/uploads\/2014\/01\/2014-01-14-10.29.26-510x338.jpg 510w, https:\/\/www.samskitchen.at\/wp-content\/uploads\/2014\/01\/2014-01-14-10.29.26-530x352.jpg 530w\" sizes=\"(max-width: 300px) 100vw, 300px\" \/><\/a><\/p>\n<p>Dinkel &#8211; noch dazu Vollkorn, ich kannte bis vor Kurzem nur die kr\u00fcmeligen Dinkeldinger die es gar nicht verdienen Brot oder Geb\u00e4ck genannt zu werden. Wenn sie das Anschneiden ohne gr\u00f6\u00dferen Schaden \u00fcberstanden haben, dann sp\u00e4testens beim Versuch Butter draufzuschmieren verabschiedeten sie sich in ihre einzelnen Bestandteile und mann konnte sie nur mehr zusammenkehren oder l\u00f6ffeln. Dann besch\u00e4ftigte ich mich mehr mit Backen u. irgendwann auch mit Dinkel. Die Ergebnisse waren wenn man einige Dinge beherzigt gar nicht so schlecht. Das war vor meiner Blogzeit. Dann kam mir der Beitrag vom <a href=\"http:\/\/brotdoc.com\/2014\/01\/10\/dinkelvollkornbrot-whole-spelt-bread\/\">Brotdoc<\/a>\u00a0 gerade Recht. Also auf gehts mit Dinkelvollkornbrot.<\/p>\n<p><a href=\"http:\/\/www.samskitchen.at\/?attachment_id=719#main\" rel=\"attachment wp-att-719\"><img decoding=\"async\" loading=\"lazy\" class=\"alignnone size-medium wp-image-719\" alt=\"2014-01-14 15.13.58\" src=\"http:\/\/www.samskitchen.at\/wp-content\/uploads\/2014\/01\/2014-01-14-15.13.581-300x211.jpg\" width=\"300\" height=\"211\" srcset=\"https:\/\/www.samskitchen.at\/wp-content\/uploads\/2014\/01\/2014-01-14-15.13.581-300x211.jpg 300w, https:\/\/www.samskitchen.at\/wp-content\/uploads\/2014\/01\/2014-01-14-15.13.581-510x359.jpg 510w, https:\/\/www.samskitchen.at\/wp-content\/uploads\/2014\/01\/2014-01-14-15.13.581-530x373.jpg 530w, https:\/\/www.samskitchen.at\/wp-content\/uploads\/2014\/01\/2014-01-14-15.13.581.jpg 1233w\" sizes=\"(max-width: 300px) 100vw, 300px\" \/><\/a><\/p>\n<p><strong>Rezept vom <a href=\"http:\/\/brotdoc.com\/2014\/01\/10\/dinkelvollkornbrot-whole-spelt-bread\/\">Brotdoc:<br \/>\n<\/a><\/strong><\/p>\n<p><strong>Sauerteig:<\/strong><br \/>\n136 g Dinkelvollkornmehl<br \/>\n136 g Wasser<br \/>\n30 g Anstellgut (ich habe vom Weizensauer genommen)<br \/>\nGut vermengen und 12 Stunden reifen lassen.<br \/>\n<strong><br \/>\nAroma-St\u00fcck<\/strong><br \/>\n80 g grobes Dinkelschrot<br \/>\n160 g Wasser<br \/>\n4 g enzymaktives Malz<br \/>\nVorsichtig auf 60 \u00b0C erhitzen, dann 2 Stunden bei gleichbleibender Temperatur quellen lassen, dabei immer wieder umr\u00fchren. Gut abk\u00fchlen lassen.<\/p>\n<p><strong>Hauptteig:<\/strong><br \/>\nAromast\u00fcck<br \/>\nSauerteig<br \/>\n584 g Dinkelvollkornmehl<br \/>\n384 g Wasser<br \/>\n17 g Salz<br \/>\n8 g Frischhefe<\/p>\n<p>Die Zutaten vermengen und f\u00fcr 4 Minuten bei langsamer Geschwindigkeit kneten. 15 Minuten Teigruhe geben. Nochmals 1 Minute langsam kneten. 15 Minuten Teigruhe geben. Nochmals 1 Minute kneten. Der Teig sollte sich von der Sch\u00fcssel trennen.<br \/>\nDa er jedoch sehr weich ist, kann man ihn kaum wirken. In eine eingefettete Kastenform geben und sch\u00f6n glattstreichen. Dann mit Dinkelvollkornmehl gro\u00dfz\u00fcgig best\u00e4uben.<br \/>\nDie Endgare bei Raumtemperatur betr\u00e4gt ca. 80 Minuten, w\u00e4hrenddessen den Ofen auf 240\u00b0 aufheizen. Das Brot einschie\u00dfen und schwaden. Die Temperatur nach 10 Minuten auf 210\u00b0 herunterregeln und das Brot mindestens weitere 60, besser 70 Minuten ausbacken. Ich habe das Brot ca. 10 Minuten vor Backende aus der Form genommen und weitergebacken, damit die Kruste auch sch\u00f6n braun wird. Einen Tag ausk\u00fchlen und ruhen lassen vor dem Anschneiden.<\/p>\n<p style=\"text-align: center;\">\u00a0<em><strong>Abzuwarten erfordert oftmals mehr St\u00e4rke, als das Handeln.<br \/>\n<\/strong><\/em><em>(Damaris Wieser \/ Deutsche Dichterin)<\/em><\/p>\n<p>\u00a0<a href=\"http:\/\/www.samskitchen.at\/?attachment_id=718#main\" rel=\"attachment wp-att-718\"><img decoding=\"async\" loading=\"lazy\" class=\"alignnone size-medium wp-image-718\" alt=\"2014-01-14 15.13.58\" src=\"http:\/\/www.samskitchen.at\/wp-content\/uploads\/2014\/01\/2014-01-14-15.13.58-224x300.jpg\" width=\"224\" height=\"300\" srcset=\"https:\/\/www.samskitchen.at\/wp-content\/uploads\/2014\/01\/2014-01-14-15.13.58-224x300.jpg 224w, https:\/\/www.samskitchen.at\/wp-content\/uploads\/2014\/01\/2014-01-14-15.13.58-510x680.jpg 510w, https:\/\/www.samskitchen.at\/wp-content\/uploads\/2014\/01\/2014-01-14-15.13.58.jpg 1762w\" sizes=\"(max-width: 224px) 100vw, 224px\" \/><\/a><\/p>\n","protected":false},"excerpt":{"rendered":"<p>Dinkel &#8211; noch dazu Vollkorn, ich kannte bis vor Kurzem nur die kr\u00fcmeligen Dinkeldinger die es gar nicht verdienen Brot oder Geb\u00e4ck genannt zu werden. Wenn sie das Anschneiden ohne gr\u00f6\u00dferen Schaden \u00fcberstanden haben, dann sp\u00e4testens beim Versuch Butter draufzuschmieren verabschiedeten sie sich in ihre einzelnen Bestandteile und mann konnte sie nur mehr zusammenkehren oder l\u00f6ffeln. Dann besch\u00e4ftigte ich mich &hellip;<\/p>\n","protected":false},"author":1,"featured_media":718,"comment_status":"open","ping_status":"open","sticky":false,"template":"","format":"standard","meta":{"_mi_skip_tracking":false,"_exactmetrics_sitenote_active":false,"_exactmetrics_sitenote_note":"","_exactmetrics_sitenote_category":0,"ngg_post_thumbnail":0,"jetpack_post_was_ever_published":false,"_jetpack_newsletter_access":"","footnotes":"","jetpack_publicize_message":"","jetpack_is_tweetstorm":false,"jetpack_publicize_feature_enabled":true,"jetpack_social_post_already_shared":true,"jetpack_social_options":{"image_generator_settings":{"template":"highway","enabled":false}}},"categories":[2],"tags":[108,24,109,35],"jetpack_publicize_connections":[],"jetpack_featured_media_url":"https:\/\/www.samskitchen.at\/wp-content\/uploads\/2014\/01\/2014-01-14-15.13.58.jpg","jetpack_sharing_enabled":true,"jetpack_shortlink":"https:\/\/wp.me\/p41IW0-bs","_links":{"self":[{"href":"https:\/\/www.samskitchen.at\/index.php?rest_route=\/wp\/v2\/posts\/710"}],"collection":[{"href":"https:\/\/www.samskitchen.at\/index.php?rest_route=\/wp\/v2\/posts"}],"about":[{"href":"https:\/\/www.samskitchen.at\/index.php?rest_route=\/wp\/v2\/types\/post"}],"author":[{"embeddable":true,"href":"https:\/\/www.samskitchen.at\/index.php?rest_route=\/wp\/v2\/users\/1"}],"replies":[{"embeddable":true,"href":"https:\/\/www.samskitchen.at\/index.php?rest_route=%2Fwp%2Fv2%2Fcomments&post=710"}],"version-history":[{"count":7,"href":"https:\/\/www.samskitchen.at\/index.php?rest_route=\/wp\/v2\/posts\/710\/revisions"}],"predecessor-version":[{"id":721,"href":"https:\/\/www.samskitchen.at\/index.php?rest_route=\/wp\/v2\/posts\/710\/revisions\/721"}],"wp:featuredmedia":[{"embeddable":true,"href":"https:\/\/www.samskitchen.at\/index.php?rest_route=\/wp\/v2\/media\/718"}],"wp:attachment":[{"href":"https:\/\/www.samskitchen.at\/index.php?rest_route=%2Fwp%2Fv2%2Fmedia&parent=710"}],"wp:term":[{"taxonomy":"category","embeddable":true,"href":"https:\/\/www.samskitchen.at\/index.php?rest_route=%2Fwp%2Fv2%2Fcategories&post=710"},{"taxonomy":"post_tag","embeddable":true,"href":"https:\/\/www.samskitchen.at\/index.php?rest_route=%2Fwp%2Fv2%2Ftags&post=710"}],"curies":[{"name":"wp","href":"https:\/\/api.w.org\/{rel}","templated":true}]}}