{"id":697,"date":"2014-01-18T12:28:35","date_gmt":"2014-01-18T11:28:35","guid":{"rendered":"http:\/\/www.samskitchen.at\/?p=697"},"modified":"2014-01-21T07:57:33","modified_gmt":"2014-01-21T06:57:33","slug":"baguettes-nach-sebastien-mauvieux-4-versuch","status":"publish","type":"post","link":"https:\/\/www.samskitchen.at\/?p=697","title":{"rendered":"Baguettes nach S\u00e9bastien Mauvieux \u2013 4. Versuch"},"content":{"rendered":"<p><a href=\"http:\/\/www.samskitchen.at\/?attachment_id=728#main\" rel=\"attachment wp-att-728\"><img decoding=\"async\" loading=\"lazy\" class=\"alignnone size-medium wp-image-728\" alt=\"2014-01-18 11.41.53\" src=\"http:\/\/www.samskitchen.at\/wp-content\/uploads\/2014\/01\/2014-01-18-11.41.53-300x225.jpg\" width=\"300\" height=\"225\" srcset=\"https:\/\/www.samskitchen.at\/wp-content\/uploads\/2014\/01\/2014-01-18-11.41.53-300x225.jpg 300w, https:\/\/www.samskitchen.at\/wp-content\/uploads\/2014\/01\/2014-01-18-11.41.53-510x382.jpg 510w, https:\/\/www.samskitchen.at\/wp-content\/uploads\/2014\/01\/2014-01-18-11.41.53-530x397.jpg 530w\" sizes=\"(max-width: 300px) 100vw, 300px\" \/><\/a><\/p>\n<p>Unl\u00e4ngst bekam ich einen Kommentar zu meinen bescheidenen Versuchen eine ordentliche Porung bei meine Baguettes \u00a0zu bekommen.<\/p>\n<p>Originalzitat:<br \/>\n<em>Hallo Sam, bei Deiner Porung ist wahrscheinlich die Teigtemperatur, Knetzeit und die Autolyse Schuld.<\/em><br \/>\n<em> &#8211; Autolyse nur Wasser und Mehl ohne Zutaten<\/em><br \/>\n<em> &#8211; Teigemperatur sollte beim gemischten Teig 23-24\u00b0C betragen<\/em><br \/>\n<em> -der Teig sollte nur 7-8 Minuten langsam gemischt werden und nur max.1\/2 Minute schnell, denn der Kleber entwickelt sich beim falten! Die TA ist nicht entscheidend f\u00fcr die Porung, denn diese bekommst Du auch schon mit 165-170 zusammen!<\/em><br \/>\n<em> Probiers und du wirst eine ganz andere Porung bekommen<\/em><br \/>\n<em> Lg Dietmar<\/em><\/p>\n<p>Dieser Tip kam nicht von irgendeinem Hobbyb\u00e4cker, sondern von einem B\u00e4ckermeister der <a href=\"http:\/\/www.reichlbrot.at\/home.html\">B\u00e4ckerei Reichl<\/a> in St. Marien in der N\u00e4he von Linz. Diese B\u00e4ckerei b\u00e4ckt noch oder wieder nach alter Handwerkskunst. Selbst hergestellter Sauerteig, Vorteige die lang ruhen und lange Teigruhezeiten. Schade dass es vom uns ca. 260 Km. entfernt ist. Aber ev. fahr ich doch einmal hin, wenn ich in der N\u00e4he bin.<\/p>\n<p>Schaut Euch die Homepage zu dieser B\u00e4ckerei an. Ein moderner Betrieb der haupts\u00e4chlich auf \u00a0nat\u00fcrliche \u00a0Zutaten setzt, ohne auf industrielle Backmischungen zu setzen.<\/p>\n<p>Und nun der neue und vierte Versuch:<\/p>\n<p><b>Hauptteig TA 170:<\/b><\/p>\n<p>700 g Weizenmehl 550<br \/>\n290 g Manitobamehl<br \/>\n10 g Bohnenmehl<br \/>\n700 g Wasser<br \/>\n4 g Frischhefe<br \/>\n20 g Salz<\/p>\n<p>Mehl und Wasser (kalt) vermischen und \u00a0f\u00fcr 20-30 Minuten quellen lassen (Autolyse).<br \/>\nDann Hefe und Salz dazugeben und 7-8 Minuten langsam kneten, dann maximal 1\/2 Minuten schnell. Der Teig sollte eine Temperatur von 23-24\u00b0 betragen.<\/p>\n<p>Den Teig dann in eine einge\u00f6lte Kunststoffwanne geben und 60 Minuten bei Raumtemperatur gehen lassen,<br \/>\nDirekt am Anfang, nach 30 und nach 60 Minuten in der Sch\u00fcssel feucht strecken und falten.<\/p>\n<p>Dann den Teig abgedeckt in den K\u00fchlschrank bei 6\u00b0 stellen und 20 Stunden reifen lassen.Er sollte sich etwa verdreifacht haben.<\/p>\n<p>Auf der Arbeitsfl\u00e4che den<b>\u00a0nicht-aklimatisierten<\/b>\u00a0Teig in 6 St\u00fccke a ca. 250 g teilen und diese vorformen.<br \/>\n20 Minuten Teigruhe. Die Baguettes formen (ca. 30 cm L\u00e4nge) und sie mit dem Schlu\u00df nach oben im Leinentuch ca. 40 Minuten garen lassen. Mit der Kippdiele auf ein Lochblech geben, einschneiden und mit viel Dampf in den auf 250\u00b0 geheizten Ofen geben. Nach 10 Minuten den Dampf ablassen und noch weitere 10-12 Minuten bei 250\u00b0 zuende backen, bis sie mittelbraun und die aufgerissenen Ausb\u00fcnde noch sch\u00f6n hell sind. Kurz abk\u00fchlen lassen und m\u00f6glichst rasch genie\u00dfen, frisch sind sie am besten.<\/p>\n<p><a href=\"http:\/\/www.samskitchen.at\/?attachment_id=730#main\" rel=\"attachment wp-att-730\"><img decoding=\"async\" loading=\"lazy\" class=\"alignnone size-medium wp-image-730\" alt=\"2014-01-18 12.13.10\" src=\"http:\/\/www.samskitchen.at\/wp-content\/uploads\/2014\/01\/2014-01-18-12.13.10-300x225.jpg\" width=\"300\" height=\"225\" srcset=\"https:\/\/www.samskitchen.at\/wp-content\/uploads\/2014\/01\/2014-01-18-12.13.10-300x225.jpg 300w, https:\/\/www.samskitchen.at\/wp-content\/uploads\/2014\/01\/2014-01-18-12.13.10-510x382.jpg 510w, https:\/\/www.samskitchen.at\/wp-content\/uploads\/2014\/01\/2014-01-18-12.13.10-530x397.jpg 530w\" sizes=\"(max-width: 300px) 100vw, 300px\" \/><\/a><\/p>\n<p><strong>\u00a0Beurteilung:<\/strong><\/p>\n<p>Geschmack so wie immer oder ev. besser. Krume ist eindeutig verbessert. Die Poren sind \u00a0so wie ochs mir vorgestellt hab, gr\u00f6\u00dfer geworden. Ausbund auch sehr sch\u00f6n und die Kruste d\u00fcnn und r\u00f6sch. Ich bin sehr zufrieden mit diesem Ergebnis.<\/p>\n<p><a href=\"http:\/\/www.samskitchen.at\/?attachment_id=731#main\" rel=\"attachment wp-att-731\"><img decoding=\"async\" loading=\"lazy\" class=\"alignnone size-medium wp-image-731\" alt=\"2014-01-18 11.56.02\" src=\"http:\/\/www.samskitchen.at\/wp-content\/uploads\/2014\/01\/2014-01-18-11.56.02-292x300.jpg\" width=\"292\" height=\"300\" srcset=\"https:\/\/www.samskitchen.at\/wp-content\/uploads\/2014\/01\/2014-01-18-11.56.02-292x300.jpg 292w, https:\/\/www.samskitchen.at\/wp-content\/uploads\/2014\/01\/2014-01-18-11.56.02-510x522.jpg 510w, https:\/\/www.samskitchen.at\/wp-content\/uploads\/2014\/01\/2014-01-18-11.56.02-530x542.jpg 530w\" sizes=\"(max-width: 292px) 100vw, 292px\" \/><\/a><\/p>\n<p>&nbsp;<\/p>\n<p>&nbsp;<\/p>\n<p>&nbsp;<\/p>\n<p>&nbsp;<\/p>\n","protected":false},"excerpt":{"rendered":"<p>Unl\u00e4ngst bekam ich einen Kommentar zu meinen bescheidenen Versuchen eine ordentliche Porung bei meine Baguettes \u00a0zu bekommen. Originalzitat: Hallo Sam, bei Deiner Porung ist wahrscheinlich die Teigtemperatur, Knetzeit und die Autolyse Schuld. &#8211; Autolyse nur Wasser und Mehl ohne Zutaten &#8211; Teigemperatur sollte beim gemischten Teig 23-24\u00b0C betragen -der Teig sollte nur 7-8 Minuten langsam gemischt werden und nur max.1\/2 &hellip;<\/p>\n","protected":false},"author":1,"featured_media":727,"comment_status":"open","ping_status":"open","sticky":false,"template":"","format":"standard","meta":{"_mi_skip_tracking":false,"_exactmetrics_sitenote_active":false,"_exactmetrics_sitenote_note":"","_exactmetrics_sitenote_category":0,"ngg_post_thumbnail":0,"jetpack_post_was_ever_published":false,"_jetpack_newsletter_access":"","footnotes":"","jetpack_publicize_message":"","jetpack_is_tweetstorm":false,"jetpack_publicize_feature_enabled":true,"jetpack_social_post_already_shared":true,"jetpack_social_options":{"image_generator_settings":{"template":"highway","enabled":false}}},"categories":[2],"tags":[13,64,112,111,65,110],"jetpack_publicize_connections":[],"jetpack_featured_media_url":"https:\/\/www.samskitchen.at\/wp-content\/uploads\/2014\/01\/2014-01-18-11.56.34.jpg","jetpack_sharing_enabled":true,"jetpack_shortlink":"https:\/\/wp.me\/p41IW0-bf","_links":{"self":[{"href":"https:\/\/www.samskitchen.at\/index.php?rest_route=\/wp\/v2\/posts\/697"}],"collection":[{"href":"https:\/\/www.samskitchen.at\/index.php?rest_route=\/wp\/v2\/posts"}],"about":[{"href":"https:\/\/www.samskitchen.at\/index.php?rest_route=\/wp\/v2\/types\/post"}],"author":[{"embeddable":true,"href":"https:\/\/www.samskitchen.at\/index.php?rest_route=\/wp\/v2\/users\/1"}],"replies":[{"embeddable":true,"href":"https:\/\/www.samskitchen.at\/index.php?rest_route=%2Fwp%2Fv2%2Fcomments&post=697"}],"version-history":[{"count":8,"href":"https:\/\/www.samskitchen.at\/index.php?rest_route=\/wp\/v2\/posts\/697\/revisions"}],"predecessor-version":[{"id":742,"href":"https:\/\/www.samskitchen.at\/index.php?rest_route=\/wp\/v2\/posts\/697\/revisions\/742"}],"wp:featuredmedia":[{"embeddable":true,"href":"https:\/\/www.samskitchen.at\/index.php?rest_route=\/wp\/v2\/media\/727"}],"wp:attachment":[{"href":"https:\/\/www.samskitchen.at\/index.php?rest_route=%2Fwp%2Fv2%2Fmedia&parent=697"}],"wp:term":[{"taxonomy":"category","embeddable":true,"href":"https:\/\/www.samskitchen.at\/index.php?rest_route=%2Fwp%2Fv2%2Fcategories&post=697"},{"taxonomy":"post_tag","embeddable":true,"href":"https:\/\/www.samskitchen.at\/index.php?rest_route=%2Fwp%2Fv2%2Ftags&post=697"}],"curies":[{"name":"wp","href":"https:\/\/api.w.org\/{rel}","templated":true}]}}