{"id":668,"date":"2014-01-03T11:14:20","date_gmt":"2014-01-03T10:14:20","guid":{"rendered":"http:\/\/www.samskitchen.at\/?p=668"},"modified":"2014-01-03T11:14:20","modified_gmt":"2014-01-03T10:14:20","slug":"panini-allolio","status":"publish","type":"post","link":"https:\/\/www.samskitchen.at\/?p=668","title":{"rendered":"Panini all\u00b4olio"},"content":{"rendered":"<p><a href=\"http:\/\/www.samskitchen.at\/?attachment_id=673#main\" rel=\"attachment wp-att-673\"><img decoding=\"async\" loading=\"lazy\" class=\"alignnone size-medium wp-image-673\" alt=\"2014-01-03 10.41.44\" src=\"http:\/\/www.samskitchen.at\/wp-content\/uploads\/2014\/01\/2014-01-03-10.41.44-300x225.jpg\" width=\"300\" height=\"225\" srcset=\"https:\/\/www.samskitchen.at\/wp-content\/uploads\/2014\/01\/2014-01-03-10.41.44-300x225.jpg 300w, https:\/\/www.samskitchen.at\/wp-content\/uploads\/2014\/01\/2014-01-03-10.41.44-510x382.jpg 510w, https:\/\/www.samskitchen.at\/wp-content\/uploads\/2014\/01\/2014-01-03-10.41.44-530x397.jpg 530w\" sizes=\"(max-width: 300px) 100vw, 300px\" \/><\/a><\/p>\n<p>Panini ist die Mehrzahl von Panino, einer italienischen Variante unserer Semmeln. Sie werden wahlweise aus Weizenmehl, Grie\u00df aus Hartweizen oder Mais hergestellt. Bisweilen werden auch Mischungen aus selbigen verwendet. Geschmacklich sind sie jedoch nur bedingt mit unseren Semmeln aus der B\u00e4ckerei vergleichbar.<br \/>\nAnders als andere Brotarten der italienischen K\u00fcche sind Panini nicht regional zuzuordnen, sondern in ganz Italien verbreitet und beliebt. Entsprechend sind sie in jeder kleinen und gro\u00dfen italienischen B\u00e4ckerei im Grundsortiment zu finden.<\/p>\n<p><strong><span style=\"line-height: 1.8em;\">Rezept:<\/span><\/strong><\/p>\n<p>Salz-Hefe-Mischung:<br \/>\n15 g Frischgerm<br \/>\n12 g Salz<br \/>\n100 g Wasser<\/p>\n<p>Hauptteig:<br \/>\nSalz-Hefe-Mischung<br \/>\n540 g Weizenmehl Manitoba oder das Italienische Tippo 00<br \/>\n250 g Wasser<br \/>\n15 g Zucker<br \/>\n30 g Oliven\u00f6l<\/p>\n<p>Bei der Herstellung der Salz-Hefe-Mischung, Hefe, Salz und Wasser vermischen und \u00fcber Nacht in den K\u00fchlschrank stellen.<\/p>\n<p>F\u00fcr den Hauptteig alle Zutaten au\u00dfer dem \u00d6l \u00a05 Minuten auf kleinster Stufe der Knetmaschine vermengen, dann weitere 10 Minuten auf der zweiten Stufe.Anschlie\u00dfend das \u00d6l dazugeben und 10 Minuten weiter kneten bis sich der Teig vom Sch\u00fcsselboden l\u00f6st.<br \/>\nDann den Teig ca. 90 Minuten bei 24 Grad gehen lasen. (Sch\u00fcssel in einen Plastiksack stecken und luftdicht verschliessen)<br \/>\nKr\u00e4ftig aussto\u00dfen um das Kohlenstoffdioxid herauszudr\u00fccken.<br \/>\nDen Teig rundwirken und entspannen lassen. (ca. 15 Min.)<\/p>\n<p>Teiglinge zu je 55 g abstechen und ebenfalls Rundwirken und wieder entspannen lassen. Die Teiglinge zu l\u00e4nglichen W\u00fcrsten formen und mit dem Nudelholz flach ausrollen, wie auf dem Bild gezeigt.<\/p>\n<p><a href=\"http:\/\/www.samskitchen.at\/?attachment_id=669#main\" rel=\"attachment wp-att-669\"><img decoding=\"async\" loading=\"lazy\" class=\"alignnone size-medium wp-image-669\" alt=\"2014-01-03 09.42.06\" src=\"http:\/\/www.samskitchen.at\/wp-content\/uploads\/2014\/01\/2014-01-03-09.42.06-300x225.jpg\" width=\"300\" height=\"225\" srcset=\"https:\/\/www.samskitchen.at\/wp-content\/uploads\/2014\/01\/2014-01-03-09.42.06-300x225.jpg 300w, https:\/\/www.samskitchen.at\/wp-content\/uploads\/2014\/01\/2014-01-03-09.42.06-510x382.jpg 510w, https:\/\/www.samskitchen.at\/wp-content\/uploads\/2014\/01\/2014-01-03-09.42.06-530x397.jpg 530w\" sizes=\"(max-width: 300px) 100vw, 300px\" \/><\/a><\/p>\n<p>Diese Teilfladen dann straff aufrollen und mit dem Schluss nach unten auf ein Backblech legen. Luftdicht abdecken (ich steck das ganze Blech in einen sauberen M\u00fcllsack) und ca. 45 Minuten bei 24 Grad gehen lassen. Sie sollten sch\u00f6n aufgegangen sein. Dann mit einer Mischung aus Wasser und Kartoffelst\u00e4rke einpinseln. (100 ml Wasser und eine Messerspitze St\u00e4rke in kochendem Wasser aufl\u00f6sen)<\/p>\n<p><a href=\"http:\/\/www.samskitchen.at\/?attachment_id=670#main\" rel=\"attachment wp-att-670\"><img decoding=\"async\" loading=\"lazy\" class=\"alignnone size-medium wp-image-670\" alt=\"2014-01-03 09.56.30\" src=\"http:\/\/www.samskitchen.at\/wp-content\/uploads\/2014\/01\/2014-01-03-09.56.30-300x296.jpg\" width=\"300\" height=\"296\" srcset=\"https:\/\/www.samskitchen.at\/wp-content\/uploads\/2014\/01\/2014-01-03-09.56.30-300x296.jpg 300w, https:\/\/www.samskitchen.at\/wp-content\/uploads\/2014\/01\/2014-01-03-09.56.30-510x504.jpg 510w, https:\/\/www.samskitchen.at\/wp-content\/uploads\/2014\/01\/2014-01-03-09.56.30-530x524.jpg 530w, https:\/\/www.samskitchen.at\/wp-content\/uploads\/2014\/01\/2014-01-03-09.56.30.jpg 1982w\" sizes=\"(max-width: 300px) 100vw, 300px\" \/><\/a><\/p>\n<p>In der Zwischenzeit den Backofen kr\u00e4ftig aufheizen. Die Panini mit Schwaden ca. 10 Minuten bei 230 Grad backen. Dann den Schwaden ablassen und fallend auf 200 Grad schon backen bis sie goldgelb sind (bei mir waren es 17 Minuten). Achtung: nicht zu dunkel werden lassen.<\/p>\n<p><a href=\"http:\/\/www.samskitchen.at\/?attachment_id=675#main\" rel=\"attachment wp-att-675\"><img decoding=\"async\" loading=\"lazy\" class=\"alignnone size-medium wp-image-675\" alt=\"2014-01-03 10.58.51\" src=\"http:\/\/www.samskitchen.at\/wp-content\/uploads\/2014\/01\/2014-01-03-10.58.51-300x225.jpg\" width=\"300\" height=\"225\" srcset=\"https:\/\/www.samskitchen.at\/wp-content\/uploads\/2014\/01\/2014-01-03-10.58.51-300x225.jpg 300w, https:\/\/www.samskitchen.at\/wp-content\/uploads\/2014\/01\/2014-01-03-10.58.51-510x382.jpg 510w, https:\/\/www.samskitchen.at\/wp-content\/uploads\/2014\/01\/2014-01-03-10.58.51-530x397.jpg 530w\" sizes=\"(max-width: 300px) 100vw, 300px\" \/><\/a><\/p>\n","protected":false},"excerpt":{"rendered":"<p>Panini ist die Mehrzahl von Panino, einer italienischen Variante unserer Semmeln. Sie werden wahlweise aus Weizenmehl, Grie\u00df aus Hartweizen oder Mais hergestellt. Bisweilen werden auch Mischungen aus selbigen verwendet. Geschmacklich sind sie jedoch nur bedingt mit unseren Semmeln aus der B\u00e4ckerei vergleichbar. Anders als andere Brotarten der italienischen K\u00fcche sind Panini nicht regional zuzuordnen, sondern in ganz Italien verbreitet und &hellip;<\/p>\n","protected":false},"author":1,"featured_media":676,"comment_status":"open","ping_status":"open","sticky":false,"template":"","format":"standard","meta":{"_mi_skip_tracking":false,"_exactmetrics_sitenote_active":false,"_exactmetrics_sitenote_note":"","_exactmetrics_sitenote_category":0,"ngg_post_thumbnail":0,"jetpack_post_was_ever_published":false,"_jetpack_newsletter_access":"","footnotes":"","jetpack_publicize_message":"","jetpack_is_tweetstorm":false,"jetpack_publicize_feature_enabled":true,"jetpack_social_post_already_shared":true,"jetpack_social_options":{"image_generator_settings":{"template":"highway","enabled":false}}},"categories":[2],"tags":[71,96,65,101],"jetpack_publicize_connections":[],"jetpack_featured_media_url":"https:\/\/www.samskitchen.at\/wp-content\/uploads\/2014\/01\/2014-01-03-11.07.30.jpg","jetpack_sharing_enabled":true,"jetpack_shortlink":"https:\/\/wp.me\/p41IW0-aM","_links":{"self":[{"href":"https:\/\/www.samskitchen.at\/index.php?rest_route=\/wp\/v2\/posts\/668"}],"collection":[{"href":"https:\/\/www.samskitchen.at\/index.php?rest_route=\/wp\/v2\/posts"}],"about":[{"href":"https:\/\/www.samskitchen.at\/index.php?rest_route=\/wp\/v2\/types\/post"}],"author":[{"embeddable":true,"href":"https:\/\/www.samskitchen.at\/index.php?rest_route=\/wp\/v2\/users\/1"}],"replies":[{"embeddable":true,"href":"https:\/\/www.samskitchen.at\/index.php?rest_route=%2Fwp%2Fv2%2Fcomments&post=668"}],"version-history":[{"count":4,"href":"https:\/\/www.samskitchen.at\/index.php?rest_route=\/wp\/v2\/posts\/668\/revisions"}],"predecessor-version":[{"id":677,"href":"https:\/\/www.samskitchen.at\/index.php?rest_route=\/wp\/v2\/posts\/668\/revisions\/677"}],"wp:featuredmedia":[{"embeddable":true,"href":"https:\/\/www.samskitchen.at\/index.php?rest_route=\/wp\/v2\/media\/676"}],"wp:attachment":[{"href":"https:\/\/www.samskitchen.at\/index.php?rest_route=%2Fwp%2Fv2%2Fmedia&parent=668"}],"wp:term":[{"taxonomy":"category","embeddable":true,"href":"https:\/\/www.samskitchen.at\/index.php?rest_route=%2Fwp%2Fv2%2Fcategories&post=668"},{"taxonomy":"post_tag","embeddable":true,"href":"https:\/\/www.samskitchen.at\/index.php?rest_route=%2Fwp%2Fv2%2Ftags&post=668"}],"curies":[{"name":"wp","href":"https:\/\/api.w.org\/{rel}","templated":true}]}}