{"id":635,"date":"2013-12-23T08:56:18","date_gmt":"2013-12-23T07:56:18","guid":{"rendered":"http:\/\/www.samskitchen.at\/?p=635"},"modified":"2013-12-23T09:39:25","modified_gmt":"2013-12-23T08:39:25","slug":"pagnotta-italien-hartweizengriessbrot","status":"publish","type":"post","link":"https:\/\/www.samskitchen.at\/?p=635","title":{"rendered":"Pagnotta &#8211;  Italien (Hartweizengrie\u00dfbrot)"},"content":{"rendered":"<p><a href=\"http:\/\/www.samskitchen.at\/?attachment_id=644#main\" rel=\"attachment wp-att-644\"><img decoding=\"async\" loading=\"lazy\" class=\"alignnone size-medium wp-image-644\" alt=\"2013-12-22 13.19.57\" src=\"http:\/\/www.samskitchen.at\/wp-content\/uploads\/2013\/12\/2013-12-22-13.19.57-300x215.jpg\" width=\"300\" height=\"215\" srcset=\"https:\/\/www.samskitchen.at\/wp-content\/uploads\/2013\/12\/2013-12-22-13.19.57-300x215.jpg 300w, https:\/\/www.samskitchen.at\/wp-content\/uploads\/2013\/12\/2013-12-22-13.19.57-510x365.jpg 510w, https:\/\/www.samskitchen.at\/wp-content\/uploads\/2013\/12\/2013-12-22-13.19.57-530x379.jpg 530w\" sizes=\"(max-width: 300px) 100vw, 300px\" \/><\/a><\/p>\n<p>ITALIEN \u2013 ein Land der Gen\u00fcsse und Sinnesfreuden. Alein schon der Anblick eines italienischen Lebensmittelgesch\u00e4ftes\u00a0(negozio di alimentari) l\u00e4sst mein Herz h\u00f6her schlagen. Auf engstem Raum zusammengepfercht ohne erkennbarem System, alles war das Herz begehrt\u00a0 &#8211;\u00a0 ich bin jedes Mal \u00fcberfordert und m\u00f6chte am liebsten alles mitnehmen. Obst und Gem\u00fcse so frisch und appetitlich als h\u00e4tte der Innhaber es direkt hinterm Haus geerntet, Salami und Schinken h\u00e4ngen an den W\u00e4nden als br\u00e4uchten sie trotz der sommerlichen Temperaturen keine K\u00fchlung, K\u00e4se in der Vitrine, Vino und Spumante in allen Qualit\u00e4tsklassen.<a href=\"http:\/\/www.samskitchen.at\/?attachment_id=640#main\" rel=\"attachment wp-att-640\"><img decoding=\"async\" loading=\"lazy\" class=\"alignnone size-medium wp-image-640\" alt=\"IMGP4412\" src=\"http:\/\/www.samskitchen.at\/wp-content\/uploads\/2013\/12\/IMGP4412-300x225.jpg\" width=\"300\" height=\"225\" srcset=\"https:\/\/www.samskitchen.at\/wp-content\/uploads\/2013\/12\/IMGP4412-300x225.jpg 300w, https:\/\/www.samskitchen.at\/wp-content\/uploads\/2013\/12\/IMGP4412-510x382.jpg 510w, https:\/\/www.samskitchen.at\/wp-content\/uploads\/2013\/12\/IMGP4412-530x397.jpg 530w\" sizes=\"(max-width: 300px) 100vw, 300px\" \/><\/a><\/p>\n<p>Und um nicht zu weit abzuschweifen. Brot und Geb\u00e4ck \u2013 jeder Laden hat glaube ich eine eigene B\u00e4ckerei, nicht wie so oft bei uns, wo alles anscheinend aus der gleichen Fabrik stammt.<\/p>\n<p>Ich war auf der Suche nach einem Rezept f\u00fcr ein grosses rustikales Weissbrot mit gelber Krume und krachender Kruste,so wie es auf italienischen\u00a0 M\u00e4rkten oft angeboten wird.<\/p>\n<p>Vom nachfolgendem Rezept \u00a0war ich angetan und begeistert. Gelbe Krume, so zart und aromatisch \u2013 fast wie in Italien, besser gesagt wie in Sizilien, von wo \u00a0dieses Rezept urspr\u00fcnglich herkommen sollte.<\/p>\n<p>Im <a href=\"http:\/\/sz-magazin.sueddeutsche.de\/texte\/liste\/h\/201248\">S\u00fcddeutsche Zeitung Magazin &#8211; Weniger ist Mehl: ein Heft \u00fcber Brot<\/a>,\u00a0 schreibt Anna Sgroi, eine Hamburger Spitzenk\u00f6chin mit sizilianischen Wurzeln, \u00a0\u00fcber Pagnotta:<\/p>\n<p><i>Das beste Brot ist f\u00fcr mich das Pagnotta-Brot. Es ist so knusprig, denn eigentlich besteht es fast nur aus Kruste. Man macht es haupts\u00e4chlich aus Hartweizen. Auf Sizilien wurde in Zeiten meiner Kindheit das Pagnotta morgens ofenwarm nach Hause geliefert. Ich erinnere mich noch, wie ich oft sehns\u00fcchtig darauf gewartet habe. Pagnotta gibt es in ganz S\u00fcditalien. Wie in meiner Kindheit w\u00fcrde ich auch heute dieses Brot am liebsten zum Fr\u00fchst\u00fcck nur mit Sardellenfilets und Oliven\u00f6l essen.<\/i><\/p>\n<p><i>\u00a0<\/i>Ich hatte noch nie ein reines Hartweizenbrot gebacken, aber diese Beschreibung, lie\u00df mich gro\u00dfartiges erwarten.<\/p>\n<p>&nbsp;<\/p>\n<p><b>Zutaten f\u00fcr ein 1500g-Brot:<\/b><\/p>\n<ul>\n<li><b>Biga:<\/b><\/li>\n<li>500 g Semola di grano duro rimacinata (Hartweizengrie\u00df)<\/li>\n<li>260 g Wasser<\/li>\n<li>5 g frische Hefe<\/li>\n<\/ul>\n<p>&nbsp;<\/p>\n<ul>\n<li><b>Hauptteig:<\/b><\/li>\n<li>Biga<\/li>\n<li>500 g Semola di grano duro rimacinata (Hartweizengrie\u00df)<\/li>\n<li>350 g Wasser<\/li>\n<li>22 g Salz<\/li>\n<li>5 g Backmalz<\/li>\n<li>2 g frische Hefe<\/li>\n<\/ul>\n<p>&nbsp;<\/p>\n<p>F\u00fcr den Vorteig (Biga) alle Zutaten miteinander verkneten und bei ca. 16\u00b0C 16-18 Stunden reifen lassen.<\/p>\n<p>F\u00fcr den Hauptteig Hartweizengrie\u00df, 250 g Wasser, Salz, Malz und Hefe verkneten, nach und nach das restliche Wasser zugeben. Insgessamt etwa 20 Minuten kneten. An einem k\u00fchlen Ort drei Stunden ruhen lassen, nach eineinhalb Stunden falten.<\/p>\n<p>Den Teig zu einem runden Laib formen und ca. eine Stunde gehen lassen. Den Laib einschneiden und bei 230\u00b0C mit Schwaden ca. 10 Minuten backen, anschlie\u00dfend Schwaden ablassen,\u00a0die Temperatur auf 200\u00b0C senken und weitere 50-60 Minuten backen.<br \/>\nQuelle:\u00a0<a href=\"http:\/\/breadaroundtheworld.blogspot.co.at\/search\/label\/Italia\">Bread around the World<\/a><a style=\"line-height: 1.8em;\" href=\"http:\/\/www.samskitchen.at\/?attachment_id=646#main\" rel=\"attachment wp-att-646\"><img decoding=\"async\" loading=\"lazy\" class=\"alignnone size-medium wp-image-646\" alt=\"2013-12-23 08.32.05\" src=\"http:\/\/www.samskitchen.at\/wp-content\/uploads\/2013\/12\/2013-12-23-08.32.05-300x186.jpg\" width=\"300\" height=\"186\" srcset=\"https:\/\/www.samskitchen.at\/wp-content\/uploads\/2013\/12\/2013-12-23-08.32.05-300x186.jpg 300w, https:\/\/www.samskitchen.at\/wp-content\/uploads\/2013\/12\/2013-12-23-08.32.05-510x316.jpg 510w, https:\/\/www.samskitchen.at\/wp-content\/uploads\/2013\/12\/2013-12-23-08.32.05-530x329.jpg 530w\" sizes=\"(max-width: 300px) 100vw, 300px\" \/><\/a><\/p>\n","protected":false},"excerpt":{"rendered":"<p>ITALIEN \u2013 ein Land der Gen\u00fcsse und Sinnesfreuden. Alein schon der Anblick eines italienischen Lebensmittelgesch\u00e4ftes\u00a0(negozio di alimentari) l\u00e4sst mein Herz h\u00f6her schlagen. Auf engstem Raum zusammengepfercht ohne erkennbarem System, alles war das Herz begehrt\u00a0 &#8211;\u00a0 ich bin jedes Mal \u00fcberfordert und m\u00f6chte am liebsten alles mitnehmen. Obst und Gem\u00fcse so frisch und appetitlich als h\u00e4tte der Innhaber es direkt hinterm &hellip;<\/p>\n","protected":false},"author":1,"featured_media":646,"comment_status":"open","ping_status":"open","sticky":false,"template":"","format":"standard","meta":{"_mi_skip_tracking":false,"_exactmetrics_sitenote_active":false,"_exactmetrics_sitenote_note":"","_exactmetrics_sitenote_category":0,"ngg_post_thumbnail":0,"jetpack_post_was_ever_published":false,"_jetpack_newsletter_access":"","footnotes":"","jetpack_publicize_message":"","jetpack_is_tweetstorm":false,"jetpack_publicize_feature_enabled":true,"jetpack_social_post_already_shared":true,"jetpack_social_options":{"image_generator_settings":{"template":"highway","enabled":false}}},"categories":[2],"tags":[95,96,94],"jetpack_publicize_connections":[],"jetpack_featured_media_url":"https:\/\/www.samskitchen.at\/wp-content\/uploads\/2013\/12\/2013-12-23-08.32.05.jpg","jetpack_sharing_enabled":true,"jetpack_shortlink":"https:\/\/wp.me\/p41IW0-af","_links":{"self":[{"href":"https:\/\/www.samskitchen.at\/index.php?rest_route=\/wp\/v2\/posts\/635"}],"collection":[{"href":"https:\/\/www.samskitchen.at\/index.php?rest_route=\/wp\/v2\/posts"}],"about":[{"href":"https:\/\/www.samskitchen.at\/index.php?rest_route=\/wp\/v2\/types\/post"}],"author":[{"embeddable":true,"href":"https:\/\/www.samskitchen.at\/index.php?rest_route=\/wp\/v2\/users\/1"}],"replies":[{"embeddable":true,"href":"https:\/\/www.samskitchen.at\/index.php?rest_route=%2Fwp%2Fv2%2Fcomments&post=635"}],"version-history":[{"count":12,"href":"https:\/\/www.samskitchen.at\/index.php?rest_route=\/wp\/v2\/posts\/635\/revisions"}],"predecessor-version":[{"id":650,"href":"https:\/\/www.samskitchen.at\/index.php?rest_route=\/wp\/v2\/posts\/635\/revisions\/650"}],"wp:featuredmedia":[{"embeddable":true,"href":"https:\/\/www.samskitchen.at\/index.php?rest_route=\/wp\/v2\/media\/646"}],"wp:attachment":[{"href":"https:\/\/www.samskitchen.at\/index.php?rest_route=%2Fwp%2Fv2%2Fmedia&parent=635"}],"wp:term":[{"taxonomy":"category","embeddable":true,"href":"https:\/\/www.samskitchen.at\/index.php?rest_route=%2Fwp%2Fv2%2Fcategories&post=635"},{"taxonomy":"post_tag","embeddable":true,"href":"https:\/\/www.samskitchen.at\/index.php?rest_route=%2Fwp%2Fv2%2Ftags&post=635"}],"curies":[{"name":"wp","href":"https:\/\/api.w.org\/{rel}","templated":true}]}}