{"id":621,"date":"2013-12-20T13:38:01","date_gmt":"2013-12-20T12:38:01","guid":{"rendered":"http:\/\/www.samskitchen.at\/?p=621"},"modified":"2015-10-15T14:15:29","modified_gmt":"2015-10-15T12:15:29","slug":"kaisersemmeln","status":"publish","type":"post","link":"https:\/\/www.samskitchen.at\/?p=621","title":{"rendered":"Kaisersemmeln (Handgeschlagen)"},"content":{"rendered":"<p>&nbsp;<\/p>\n<p><a href=\"http:\/\/www.samskitchen.at\/?attachment_id=625#main\" rel=\"attachment wp-att-625\"><img decoding=\"async\" loading=\"lazy\" class=\"alignnone size-medium wp-image-625\" src=\"http:\/\/www.samskitchen.at\/wp-content\/uploads\/2013\/12\/2013-12-20-12.46.10-300x225.jpg\" alt=\"2013-12-20 12.46.10\" width=\"300\" height=\"225\" srcset=\"https:\/\/www.samskitchen.at\/wp-content\/uploads\/2013\/12\/2013-12-20-12.46.10-300x225.jpg 300w, https:\/\/www.samskitchen.at\/wp-content\/uploads\/2013\/12\/2013-12-20-12.46.10-510x382.jpg 510w, https:\/\/www.samskitchen.at\/wp-content\/uploads\/2013\/12\/2013-12-20-12.46.10-530x397.jpg 530w\" sizes=\"(max-width: 300px) 100vw, 300px\" \/><\/a><\/p>\n<p>Dieses Mal gibt\u00b4s Kaisersemmeln mit einer etwas l\u00e4ngeren Teigf\u00fchrung, daf\u00fcr aber weniger Germ (Hefe).Bei meinen bisherigen Versuchen, hab ich immer mein <a href=\"http:\/\/www.samskitchen.at\/?p=233\">Grundrezept<\/a> verwendet. Nun eine andere Variante, angelehnt an die Beschreibung des <a href=\"http:\/\/www.bmlfuw.gv.at\/land\/lebensmittel\/trad-lebensmittel\/speisen\/kaisersemmel.html\">Lebensministeriums<\/a>.<\/p>\n<p><strong>Rezept: TA 160<\/strong><\/p>\n<p><span style=\"line-height: 1.8em;\">340 g Weizenmehl Type\u00a0700<br \/>\n<\/span><span style=\"line-height: 1.8em;\">70 g Milch<br \/>\n<\/span><span style=\"line-height: 1.8em;\">130 g Wasser<br \/>\n8 g Hefe<br \/>\n<\/span>8 g Backmalz<br \/>\n4 g Fett<br \/>\n6 g Salz<\/p>\n<p>Teigtemperatur: 25 \u00b0C<\/p>\n<p><i>Zubereitung:<\/i><\/p>\n<p>Hefe, Salz, Backmalz und evtl. andere Zutaten, wie z.B. Butter oder Margarine werden beim Mischen des Teiges fein aufgerieben und gleichm\u00e4\u00dfig verteilt. Auf diese Weise k\u00f6nnen sie ihre backtechnischen Funktionen aus\u00fcben und geben sp\u00e4ter der Kaisersemmel ihre spezielle Note.<\/p>\n<p>Alle \u00a0Zutaten 3 Minuten langsam kneten und \u00a0anschlie\u00dfend \u00a0weitere 4 Minuten auf der n\u00e4chsten Stufe.<\/p>\n<p>Die Teigruhe betr\u00e4gt insgesamt etwa 2 Stunden, um den Teig zu lockern. Dazwischen wird der Teig 3-4 mal \u00a0zusammengesto\u00dfen.<\/p>\n<p>Anschlie\u00dfend wird der Teig sofort ausgewogen und geschliffen. (= Formen des Teiges zu Teiglingen bis glatte Oberfl\u00e4che entsteht). Das Teiggewicht einer Semmel betr\u00e4gt rund 56 g. Die geschliffenen St\u00fccke werden mit Mehl \u00fcberstaubt, mit beiden H\u00e4nden gut hin- und hergerollt und dann zusammengezogen. Sie werden zugedeckt und bekommen eine kurze Ruhezeit, die sich nach Raumtemperatur richtet und zwischen 15 und 20 Minuten dauert.<\/p>\n<p>Zum Handwirken (Formen) ist es vorteilhaft helles Roggenmehl zu nehmen: Die Laugen (5 Teile der Semmel) rei\u00dfen besser und der Stern der Semmel wird beim Backen sch\u00f6ner.<\/p>\n<p>Nach der Ruhezeit wird das Teigst\u00fcck mit der Hand zu einem runden Fleck geklopft und anschlie\u00dfend die Laugen h\u00e4ndisch angeschlagen. Bei der traditionellen Handarbeit werden dabei mit den 4 Fingern einer Hand immer \u00fcber den Daumen derselben nacheinander \u00fcbereinander gelegt. Der Teig wird damit straff verdichtet, ohne besch\u00e4digt zu werden, das ergibt das saftige, kompakte und \u201ewattige\u201c Innenleben der Handsemmel. Zum Schluss werden die erste und die letzte Lauge fest zusammengezwickt.<\/p>\n<p>Nach dem Formen setzt man die Semmeln mit dem Stern nach unten auf ein Tuch. Die Semmeln werden zugedeckt und mit einem Brett etwas flach gedr\u00fcckt. Bevor die Semmeln in den Ofen kommen, werden sie ganz leicht mit Wasser bestrichen.<\/p>\n<p>Die durchschnittliche G\u00e4rzeit betr\u00e4gt 45 Minuten bei 35 \u00b0C und einer Luftfeuchtigkeit von 80 %.<\/p>\n<p>Das Ausbackgewicht einer originalen Kaisersemmel muss mindestens 46 g aufweisen.<\/p>\n<p>Ofen aufheizen und bei ca 220 Grad fallend auf 200 Grad ca.17 Minuten mit Schwaden backen bis sie sch\u00f6n Goldgelb sind. Nach 10 Minuten Schwaden ablassen.<\/p>\n<p><a href=\"http:\/\/www.samskitchen.at\/?attachment_id=633#main\" rel=\"attachment wp-att-633\"><img decoding=\"async\" loading=\"lazy\" class=\"alignnone size-medium wp-image-633\" src=\"http:\/\/www.samskitchen.at\/wp-content\/uploads\/2013\/12\/2013-12-20-14.31.11-300x217.jpg\" alt=\"2013-12-20 14.31.11\" width=\"300\" height=\"217\" srcset=\"https:\/\/www.samskitchen.at\/wp-content\/uploads\/2013\/12\/2013-12-20-14.31.11-300x217.jpg 300w, https:\/\/www.samskitchen.at\/wp-content\/uploads\/2013\/12\/2013-12-20-14.31.11-510x370.jpg 510w, https:\/\/www.samskitchen.at\/wp-content\/uploads\/2013\/12\/2013-12-20-14.31.11-530x384.jpg 530w\" sizes=\"(max-width: 300px) 100vw, 300px\" \/><\/a><\/p>\n<p>&nbsp;<\/p>\n","protected":false},"excerpt":{"rendered":"<p>&nbsp; Dieses Mal gibt\u00b4s Kaisersemmeln mit einer etwas l\u00e4ngeren Teigf\u00fchrung, daf\u00fcr aber weniger Germ (Hefe).Bei meinen bisherigen Versuchen, hab ich immer mein Grundrezept verwendet. Nun eine andere Variante, angelehnt an die Beschreibung des Lebensministeriums. Rezept: TA 160 340 g Weizenmehl Type\u00a0700 70 g Milch 130 g Wasser 8 g Hefe 8 g Backmalz 4 g Fett 6 g Salz Teigtemperatur: &hellip;<\/p>\n","protected":false},"author":1,"featured_media":624,"comment_status":"open","ping_status":"open","sticky":false,"template":"","format":"standard","meta":{"_mi_skip_tracking":false,"_exactmetrics_sitenote_active":false,"_exactmetrics_sitenote_note":"","_exactmetrics_sitenote_category":0,"ngg_post_thumbnail":0,"jetpack_post_was_ever_published":false,"_jetpack_newsletter_access":"","footnotes":"","jetpack_publicize_message":"","jetpack_is_tweetstorm":false,"jetpack_publicize_feature_enabled":true,"jetpack_social_post_already_shared":true,"jetpack_social_options":{"image_generator_settings":{"template":"highway","enabled":false}}},"categories":[2],"tags":[71,74,93,27],"jetpack_publicize_connections":[],"jetpack_featured_media_url":"https:\/\/www.samskitchen.at\/wp-content\/uploads\/2013\/12\/2013-12-20-12.45.58.jpg","jetpack_sharing_enabled":true,"jetpack_shortlink":"https:\/\/wp.me\/p41IW0-a1","_links":{"self":[{"href":"https:\/\/www.samskitchen.at\/index.php?rest_route=\/wp\/v2\/posts\/621"}],"collection":[{"href":"https:\/\/www.samskitchen.at\/index.php?rest_route=\/wp\/v2\/posts"}],"about":[{"href":"https:\/\/www.samskitchen.at\/index.php?rest_route=\/wp\/v2\/types\/post"}],"author":[{"embeddable":true,"href":"https:\/\/www.samskitchen.at\/index.php?rest_route=\/wp\/v2\/users\/1"}],"replies":[{"embeddable":true,"href":"https:\/\/www.samskitchen.at\/index.php?rest_route=%2Fwp%2Fv2%2Fcomments&post=621"}],"version-history":[{"count":13,"href":"https:\/\/www.samskitchen.at\/index.php?rest_route=\/wp\/v2\/posts\/621\/revisions"}],"predecessor-version":[{"id":2229,"href":"https:\/\/www.samskitchen.at\/index.php?rest_route=\/wp\/v2\/posts\/621\/revisions\/2229"}],"wp:featuredmedia":[{"embeddable":true,"href":"https:\/\/www.samskitchen.at\/index.php?rest_route=\/wp\/v2\/media\/624"}],"wp:attachment":[{"href":"https:\/\/www.samskitchen.at\/index.php?rest_route=%2Fwp%2Fv2%2Fmedia&parent=621"}],"wp:term":[{"taxonomy":"category","embeddable":true,"href":"https:\/\/www.samskitchen.at\/index.php?rest_route=%2Fwp%2Fv2%2Fcategories&post=621"},{"taxonomy":"post_tag","embeddable":true,"href":"https:\/\/www.samskitchen.at\/index.php?rest_route=%2Fwp%2Fv2%2Ftags&post=621"}],"curies":[{"name":"wp","href":"https:\/\/api.w.org\/{rel}","templated":true}]}}