{"id":604,"date":"2013-12-11T19:32:19","date_gmt":"2013-12-11T18:32:19","guid":{"rendered":"http:\/\/www.samskitchen.at\/?p=604"},"modified":"2013-12-11T19:53:51","modified_gmt":"2013-12-11T18:53:51","slug":"walnussblume-2","status":"publish","type":"post","link":"https:\/\/www.samskitchen.at\/?p=604","title":{"rendered":"Walnussblume"},"content":{"rendered":"<p><a href=\"http:\/\/www.samskitchen.at\/?attachment_id=609#main\" rel=\"attachment wp-att-609\"><img decoding=\"async\" loading=\"lazy\" class=\"alignnone size-medium wp-image-609\" alt=\"2013-12-11 16.26.41\" src=\"http:\/\/www.samskitchen.at\/wp-content\/uploads\/2013\/12\/2013-12-11-16.26.41-300x225.jpg\" width=\"300\" height=\"225\" srcset=\"https:\/\/www.samskitchen.at\/wp-content\/uploads\/2013\/12\/2013-12-11-16.26.41-300x225.jpg 300w, https:\/\/www.samskitchen.at\/wp-content\/uploads\/2013\/12\/2013-12-11-16.26.41-510x382.jpg 510w, https:\/\/www.samskitchen.at\/wp-content\/uploads\/2013\/12\/2013-12-11-16.26.41-530x397.jpg 530w\" sizes=\"(max-width: 300px) 100vw, 300px\" \/><\/a><\/p>\n<p>&nbsp;<\/p>\n<p>Hefeteig mit Nussf\u00fcllung &#8211; eine gute aber kalorienreiche Sache. Nicht f\u00fcr den B\u00e4cker &#8211; nur wenn man\u00b4s aufisst. Ich hab mir den Backteil ausgesucht.<\/p>\n<p>Heute machen wir eine Walnussblume aus Hefeteig mit einer Nussf\u00fcllung.<\/p>\n<p>Man bereite einen normalen s\u00fc\u00dfen Germteig.<\/p>\n<p>Germteig:<\/p>\n<p style=\"text-align: left;\" align=\"center\">500 g Mehl<br \/>\n21 g Germ<br \/>\n250 g Milch<br \/>\n80 g Butter<br \/>\n30 g Kristallzucker<br \/>\n1 TL Salz<\/p>\n<p style=\"text-align: left;\" align=\"center\">Germteig ordentlich kneten und an einem warmen Platz sch\u00f6n aufgehen lassen, ca. auf das Doppelte.<\/p>\n<p style=\"text-align: left;\" align=\"center\">F\u00fcllung:<\/p>\n<p style=\"text-align: left;\" align=\"center\">125 g Waln\u00fcsse<br \/>\n20 g Zucker<br \/>\n1 EL Zimt<br \/>\n2 EL Rum<br \/>\n6-8 EL Milch<\/p>\n<p style=\"text-align: left;\" align=\"center\">Alle Zutaten f\u00fcr die F\u00fcllung zu einer streichf\u00e4higen Masse verr\u00fchren. Ev. noch Milch dazu r\u00fchren.<\/p>\n<p style=\"text-align: left;\" align=\"center\">Den aufgegangenen Teig in drei gleiche St\u00fccke teilen und rund wirken.<\/p>\n<p style=\"text-align: left;\" align=\"center\">Dann so vorgehen wie in diesem <a href=\"https:\/\/www.youtube.com\/watch?v=JPfynIBvOLY&amp;feature=player_embedded\">Video<\/a> beschrieben.<\/p>\n<p style=\"text-align: left;\" align=\"center\">Nachdem ihr die Blume wie im Video beschrieben, geformt habt, noch ca 20 Minuten gehen lassen, mit einer Ei Milch Mischung bestrichen und ca. 30 Minuten bei 200 Grad backen.<\/p>\n<p style=\"text-align: left;\" align=\"center\">Gutes Gelingen &#8211; und esst nicht zuviel!<\/p>\n<p style=\"text-align: left;\" align=\"center\"><a href=\"http:\/\/www.samskitchen.at\/?attachment_id=610#main\" rel=\"attachment wp-att-610\"><img decoding=\"async\" loading=\"lazy\" class=\"alignnone size-medium wp-image-610\" alt=\"2013-12-11 16.29.05\" src=\"http:\/\/www.samskitchen.at\/wp-content\/uploads\/2013\/12\/2013-12-11-16.29.05-300x225.jpg\" width=\"300\" height=\"225\" srcset=\"https:\/\/www.samskitchen.at\/wp-content\/uploads\/2013\/12\/2013-12-11-16.29.05-300x225.jpg 300w, https:\/\/www.samskitchen.at\/wp-content\/uploads\/2013\/12\/2013-12-11-16.29.05-510x382.jpg 510w, https:\/\/www.samskitchen.at\/wp-content\/uploads\/2013\/12\/2013-12-11-16.29.05-530x397.jpg 530w\" sizes=\"(max-width: 300px) 100vw, 300px\" \/><\/a><\/p>\n","protected":false},"excerpt":{"rendered":"<p>&nbsp; Hefeteig mit Nussf\u00fcllung &#8211; eine gute aber kalorienreiche Sache. Nicht f\u00fcr den B\u00e4cker &#8211; nur wenn man\u00b4s aufisst. Ich hab mir den Backteil ausgesucht. Heute machen wir eine Walnussblume aus Hefeteig mit einer Nussf\u00fcllung. Man bereite einen normalen s\u00fc\u00dfen Germteig. Germteig: 500 g Mehl 21 g Germ 250 g Milch 80 g Butter 30 g Kristallzucker 1 TL Salz &hellip;<\/p>\n","protected":false},"author":1,"featured_media":608,"comment_status":"open","ping_status":"open","sticky":false,"template":"","format":"standard","meta":{"_mi_skip_tracking":false,"_exactmetrics_sitenote_active":false,"_exactmetrics_sitenote_note":"","_exactmetrics_sitenote_category":0,"ngg_post_thumbnail":0,"jetpack_post_was_ever_published":false,"_jetpack_newsletter_access":"","footnotes":"","jetpack_publicize_message":"","jetpack_is_tweetstorm":false,"jetpack_publicize_feature_enabled":true,"jetpack_social_post_already_shared":true,"jetpack_social_options":{"image_generator_settings":{"template":"highway","enabled":false}}},"categories":[2],"tags":[92,40,53],"jetpack_publicize_connections":[],"jetpack_featured_media_url":"https:\/\/www.samskitchen.at\/wp-content\/uploads\/2013\/12\/2013-12-11-16.25.27.jpg","jetpack_sharing_enabled":true,"jetpack_shortlink":"https:\/\/wp.me\/p41IW0-9K","_links":{"self":[{"href":"https:\/\/www.samskitchen.at\/index.php?rest_route=\/wp\/v2\/posts\/604"}],"collection":[{"href":"https:\/\/www.samskitchen.at\/index.php?rest_route=\/wp\/v2\/posts"}],"about":[{"href":"https:\/\/www.samskitchen.at\/index.php?rest_route=\/wp\/v2\/types\/post"}],"author":[{"embeddable":true,"href":"https:\/\/www.samskitchen.at\/index.php?rest_route=\/wp\/v2\/users\/1"}],"replies":[{"embeddable":true,"href":"https:\/\/www.samskitchen.at\/index.php?rest_route=%2Fwp%2Fv2%2Fcomments&post=604"}],"version-history":[{"count":9,"href":"https:\/\/www.samskitchen.at\/index.php?rest_route=\/wp\/v2\/posts\/604\/revisions"}],"predecessor-version":[{"id":617,"href":"https:\/\/www.samskitchen.at\/index.php?rest_route=\/wp\/v2\/posts\/604\/revisions\/617"}],"wp:featuredmedia":[{"embeddable":true,"href":"https:\/\/www.samskitchen.at\/index.php?rest_route=\/wp\/v2\/media\/608"}],"wp:attachment":[{"href":"https:\/\/www.samskitchen.at\/index.php?rest_route=%2Fwp%2Fv2%2Fmedia&parent=604"}],"wp:term":[{"taxonomy":"category","embeddable":true,"href":"https:\/\/www.samskitchen.at\/index.php?rest_route=%2Fwp%2Fv2%2Fcategories&post=604"},{"taxonomy":"post_tag","embeddable":true,"href":"https:\/\/www.samskitchen.at\/index.php?rest_route=%2Fwp%2Fv2%2Ftags&post=604"}],"curies":[{"name":"wp","href":"https:\/\/api.w.org\/{rel}","templated":true}]}}