{"id":513,"date":"2013-11-29T16:06:29","date_gmt":"2013-11-29T15:06:29","guid":{"rendered":"http:\/\/www.samskitchen.at\/?p=513"},"modified":"2013-12-29T17:31:36","modified_gmt":"2013-12-29T16:31:36","slug":"zuckerreingerl-kaernten-at","status":"publish","type":"post","link":"https:\/\/www.samskitchen.at\/?p=513","title":{"rendered":"Zuckerreingerl (K\u00e4rnten AT)"},"content":{"rendered":"<p><a href=\"http:\/\/www.samskitchen.at\/wp-content\/uploads\/2013\/11\/2013-11-29-15.30.04.jpg\"><img decoding=\"async\" loading=\"lazy\" class=\"alignnone size-medium wp-image-523\" alt=\"2013-11-29 15.30.04\" src=\"http:\/\/www.samskitchen.at\/wp-content\/uploads\/2013\/11\/2013-11-29-15.30.04-300x224.jpg\" width=\"300\" height=\"224\" srcset=\"https:\/\/www.samskitchen.at\/wp-content\/uploads\/2013\/11\/2013-11-29-15.30.04-300x224.jpg 300w, https:\/\/www.samskitchen.at\/wp-content\/uploads\/2013\/11\/2013-11-29-15.30.04-510x382.jpg 510w, https:\/\/www.samskitchen.at\/wp-content\/uploads\/2013\/11\/2013-11-29-15.30.04-530x397.jpg 530w\" sizes=\"(max-width: 300px) 100vw, 300px\" \/><\/a><\/p>\n<p>In meiner Kindheit, wo es noch an jeder Ecke einen B\u00e4cker gab, der mitten in der Nacht aufstand und zu backen anfing, gab es bei uns um die Ecke, die besten Zuckerraingerln die man sich nur vorstellen kann. Das Essen dieser von Zucker und Zimt triefenden Reingerln hatte es in Sich. Die Finger und der Halbe Mund klebte noch stundenlang, so hatte dieses wunderbare Geb\u00e4ck noch lange seine Nachwirkungen. Also hab ich mich entschlossen diese Dinger nachzubauen. Germteig wie er sonst auch \u00fcblich ist mit einer Zucker-Zimtmischung und die richtige Form (ein wenig kleiner als das Original) war auch gleich gefunden. Wie sag ich immer \u00a0&#8230;..<\/p>\n<p style=\"text-align: center;\">Schaun wir mal &#8211; dann werden wir schon sehen.<\/p>\n<p><a href=\"http:\/\/www.samskitchen.at\/wp-content\/uploads\/2013\/11\/2013-11-29-15.26.21.jpg\"><img decoding=\"async\" loading=\"lazy\" class=\"alignnone size-medium wp-image-525\" alt=\"2013-11-29 15.26.21\" src=\"http:\/\/www.samskitchen.at\/wp-content\/uploads\/2013\/11\/2013-11-29-15.26.21-300x240.jpg\" width=\"300\" height=\"240\" srcset=\"https:\/\/www.samskitchen.at\/wp-content\/uploads\/2013\/11\/2013-11-29-15.26.21-300x240.jpg 300w, https:\/\/www.samskitchen.at\/wp-content\/uploads\/2013\/11\/2013-11-29-15.26.21-510x408.jpg 510w, https:\/\/www.samskitchen.at\/wp-content\/uploads\/2013\/11\/2013-11-29-15.26.21-530x424.jpg 530w\" sizes=\"(max-width: 300px) 100vw, 300px\" \/><\/a>Rezept:<br \/>\nGermteig:<\/p>\n<p style=\"text-align: left;\" align=\"center\">500 g Mehl<br \/>\n21 g Germ<br \/>\n250 g Milch<br \/>\n80 g Butter<br \/>\n30 g Kristallzucker<br \/>\n1 TL Salz<br \/>\n1 Ei<\/p>\n<p style=\"text-align: left;\" align=\"center\">F\u00fclle:<br \/>\n10 dag Kristallzucker,<br \/>\n2 TL Zimt<br \/>\nButterschmalz<\/p>\n<p style=\"text-align: left;\" align=\"center\">F\u00fcr die Form:<br \/>\n100 g Butterschmalz<br \/>\n100 g Kristallzucker<\/p>\n<p style=\"text-align: left;\" align=\"left\">Germteig herstellen und gehen lassen. Backformen mit 10 bis 12 cm Durchmesser und 8 cm H\u00f6he, die sich nach unten etwas verengen, mit Butterschmalz gut ausfetten und mit reichlich Zucker ausstreuen.<br \/>\nGermteig in zwei Teile teilen, jeden Teil 1\/2 cm d\u00fcnn ausrollen, f\u00fcllen, einrollen.<br \/>\n8 cm breite gef\u00fcllte St\u00fccke abschneiden und in die Formen stellen.<br \/>\nNochmals gehen lassen und im Rohr bei 180 Grad 20 Minuten backen. Sofort aus den Formen st\u00fcrzen.<\/p>\n<p style=\"text-align: left;\" align=\"left\"><a href=\"http:\/\/www.samskitchen.at\/wp-content\/uploads\/2013\/11\/2013-11-29-15.02.44.jpg\"><img decoding=\"async\" loading=\"lazy\" class=\"alignnone size-medium wp-image-518\" alt=\"2013-11-29 15.02.44\" src=\"http:\/\/www.samskitchen.at\/wp-content\/uploads\/2013\/11\/2013-11-29-15.02.44-300x120.jpg\" width=\"300\" height=\"120\" srcset=\"https:\/\/www.samskitchen.at\/wp-content\/uploads\/2013\/11\/2013-11-29-15.02.44-300x120.jpg 300w, https:\/\/www.samskitchen.at\/wp-content\/uploads\/2013\/11\/2013-11-29-15.02.44-510x205.jpg 510w, https:\/\/www.samskitchen.at\/wp-content\/uploads\/2013\/11\/2013-11-29-15.02.44-530x213.jpg 530w\" sizes=\"(max-width: 300px) 100vw, 300px\" \/><\/a><\/p>\n<p style=\"text-align: left;\" align=\"left\">Sie k\u00f6nnen Rosinen und Kakao dazugeben, wenn Sie wollen, es ist aber bei uns eigentlich nicht \u00fcblich. Vielleicht ist es in den anderen Regionen K\u00e4rntens so. \u00a0Sie k\u00f6nnen ja jede Variante ausprobieren und so Ihre Lieblings-Zucker-Reinkalan herausfinden.<\/p>\n<p style=\"text-align: left;\" align=\"left\"><a href=\"http:\/\/www.samskitchen.at\/wp-content\/uploads\/2013\/11\/2013-11-29-15.36.08.jpg\"><img decoding=\"async\" loading=\"lazy\" class=\"alignnone size-medium wp-image-522\" alt=\"2013-11-29 15.36.08\" src=\"http:\/\/www.samskitchen.at\/wp-content\/uploads\/2013\/11\/2013-11-29-15.36.08-300x225.jpg\" width=\"300\" height=\"225\" srcset=\"https:\/\/www.samskitchen.at\/wp-content\/uploads\/2013\/11\/2013-11-29-15.36.08-300x225.jpg 300w, https:\/\/www.samskitchen.at\/wp-content\/uploads\/2013\/11\/2013-11-29-15.36.08-510x382.jpg 510w, https:\/\/www.samskitchen.at\/wp-content\/uploads\/2013\/11\/2013-11-29-15.36.08-530x397.jpg 530w\" sizes=\"(max-width: 300px) 100vw, 300px\" \/><\/a><\/p>\n<p style=\"text-align: left;\">Ich hab nat\u00fcrlich wieder einmal zuviel Teig gemacht, macht nix, aus dem Rest werden Zimtschnecken in einem Reindl gebacken. Idee von Verena &#8211; schau ma mal &#8211; ob sie auch so gut sind wie die von Verena.<\/p>\n<p style=\"text-align: left;\"><a href=\"http:\/\/www.samskitchen.at\/wp-content\/uploads\/2013\/11\/2013-11-29-14.24.03.jpg\"><img decoding=\"async\" loading=\"lazy\" class=\"alignnone size-medium wp-image-517\" alt=\"2013-11-29 14.24.03\" src=\"http:\/\/www.samskitchen.at\/wp-content\/uploads\/2013\/11\/2013-11-29-14.24.03-300x264.jpg\" width=\"300\" height=\"264\" srcset=\"https:\/\/www.samskitchen.at\/wp-content\/uploads\/2013\/11\/2013-11-29-14.24.03-300x264.jpg 300w, https:\/\/www.samskitchen.at\/wp-content\/uploads\/2013\/11\/2013-11-29-14.24.03-510x449.jpg 510w, https:\/\/www.samskitchen.at\/wp-content\/uploads\/2013\/11\/2013-11-29-14.24.03-530x467.jpg 530w\" sizes=\"(max-width: 300px) 100vw, 300px\" \/><\/a><\/p>\n<p><a href=\"http:\/\/www.samskitchen.at\/wp-content\/uploads\/2013\/11\/2013-11-29-15.02.02.jpg\"><img decoding=\"async\" loading=\"lazy\" class=\"alignnone size-medium wp-image-520\" alt=\"2013-11-29 15.02.02\" src=\"http:\/\/www.samskitchen.at\/wp-content\/uploads\/2013\/11\/2013-11-29-15.02.02-300x180.jpg\" width=\"300\" height=\"180\" srcset=\"https:\/\/www.samskitchen.at\/wp-content\/uploads\/2013\/11\/2013-11-29-15.02.02-300x180.jpg 300w, https:\/\/www.samskitchen.at\/wp-content\/uploads\/2013\/11\/2013-11-29-15.02.02-510x307.jpg 510w, https:\/\/www.samskitchen.at\/wp-content\/uploads\/2013\/11\/2013-11-29-15.02.02-530x319.jpg 530w\" sizes=\"(max-width: 300px) 100vw, 300px\" \/><\/a><\/p>\n<p>&nbsp;<\/p>\n","protected":false},"excerpt":{"rendered":"<p>In meiner Kindheit, wo es noch an jeder Ecke einen B\u00e4cker gab, der mitten in der Nacht aufstand und zu backen anfing, gab es bei uns um die Ecke, die besten Zuckerraingerln die man sich nur vorstellen kann. Das Essen dieser von Zucker und Zimt triefenden Reingerln hatte es in Sich. Die Finger und der Halbe Mund klebte noch stundenlang, &hellip;<\/p>\n","protected":false},"author":1,"featured_media":524,"comment_status":"open","ping_status":"open","sticky":false,"template":"","format":"standard","meta":{"_mi_skip_tracking":false,"_exactmetrics_sitenote_active":false,"_exactmetrics_sitenote_note":"","_exactmetrics_sitenote_category":0,"ngg_post_thumbnail":0,"jetpack_post_was_ever_published":false,"_jetpack_newsletter_access":"","footnotes":"","jetpack_publicize_message":"","jetpack_is_tweetstorm":false,"jetpack_publicize_feature_enabled":true,"jetpack_social_post_already_shared":true,"jetpack_social_options":{"image_generator_settings":{"template":"highway","enabled":false}}},"categories":[2],"tags":[81,80,79],"jetpack_publicize_connections":[],"jetpack_featured_media_url":"https:\/\/www.samskitchen.at\/wp-content\/uploads\/2013\/11\/2013-11-29-15.29.54.jpg","jetpack_sharing_enabled":true,"jetpack_shortlink":"https:\/\/wp.me\/p41IW0-8h","_links":{"self":[{"href":"https:\/\/www.samskitchen.at\/index.php?rest_route=\/wp\/v2\/posts\/513"}],"collection":[{"href":"https:\/\/www.samskitchen.at\/index.php?rest_route=\/wp\/v2\/posts"}],"about":[{"href":"https:\/\/www.samskitchen.at\/index.php?rest_route=\/wp\/v2\/types\/post"}],"author":[{"embeddable":true,"href":"https:\/\/www.samskitchen.at\/index.php?rest_route=\/wp\/v2\/users\/1"}],"replies":[{"embeddable":true,"href":"https:\/\/www.samskitchen.at\/index.php?rest_route=%2Fwp%2Fv2%2Fcomments&post=513"}],"version-history":[{"count":12,"href":"https:\/\/www.samskitchen.at\/index.php?rest_route=\/wp\/v2\/posts\/513\/revisions"}],"predecessor-version":[{"id":660,"href":"https:\/\/www.samskitchen.at\/index.php?rest_route=\/wp\/v2\/posts\/513\/revisions\/660"}],"wp:featuredmedia":[{"embeddable":true,"href":"https:\/\/www.samskitchen.at\/index.php?rest_route=\/wp\/v2\/media\/524"}],"wp:attachment":[{"href":"https:\/\/www.samskitchen.at\/index.php?rest_route=%2Fwp%2Fv2%2Fmedia&parent=513"}],"wp:term":[{"taxonomy":"category","embeddable":true,"href":"https:\/\/www.samskitchen.at\/index.php?rest_route=%2Fwp%2Fv2%2Fcategories&post=513"},{"taxonomy":"post_tag","embeddable":true,"href":"https:\/\/www.samskitchen.at\/index.php?rest_route=%2Fwp%2Fv2%2Ftags&post=513"}],"curies":[{"name":"wp","href":"https:\/\/api.w.org\/{rel}","templated":true}]}}