{"id":468,"date":"2013-11-24T17:19:37","date_gmt":"2013-11-24T16:19:37","guid":{"rendered":"http:\/\/www.samskitchen.at\/?p=468"},"modified":"2013-12-01T14:36:29","modified_gmt":"2013-12-01T13:36:29","slug":"baguette-sams-kitchen","status":"publish","type":"post","link":"https:\/\/www.samskitchen.at\/?p=468","title":{"rendered":"Baguette &#8211; sam\u00b4s kitchen"},"content":{"rendered":"<p>&nbsp;<\/p>\n<p><a href=\"http:\/\/www.samskitchen.at\/wp-content\/uploads\/2013\/11\/2013-11-24-16.53.35.jpg\"><img decoding=\"async\" loading=\"lazy\" class=\"alignnone size-medium wp-image-475\" alt=\"2013-11-24 16.53.35\" src=\"http:\/\/www.samskitchen.at\/wp-content\/uploads\/2013\/11\/2013-11-24-16.53.35-300x100.jpg\" width=\"300\" height=\"100\" srcset=\"https:\/\/www.samskitchen.at\/wp-content\/uploads\/2013\/11\/2013-11-24-16.53.35-300x100.jpg 300w, https:\/\/www.samskitchen.at\/wp-content\/uploads\/2013\/11\/2013-11-24-16.53.35-510x170.jpg 510w, https:\/\/www.samskitchen.at\/wp-content\/uploads\/2013\/11\/2013-11-24-16.53.35-530x177.jpg 530w\" sizes=\"(max-width: 300px) 100vw, 300px\" \/><\/a><\/p>\n<p>So &#8211; das ist mein erstes selbst kreiertes Baguette. Nat\u00fcrlich hab ich mich inspirieren lassen. Aber im Grunde genommen wollte ich was Eigenes auf die Beine stellen, oder besser gesagt, in\u00b4s Rohr schieben. Naja &#8211; f\u00fcr den Anfang nicht schlecht. Der Teig hatte anscheinend \u00dcbergare, weil der Ausbund nicht so sch\u00f6n aufgegangen ist. Auch sind die Baguettes ein wenig zu flach geworden. Die Krume ist ok &#8211; die gr\u00f6ssten Poren die ich bei Baguettes je hatte. Also weiter versuchen. Der Geschmack, durch die lange Gare und den Vorteig, sch\u00f6n w\u00fcrzig und voll. Die Kruste ist sch\u00f6n r\u00f6sch und d\u00fcnn. F\u00fcr den ersten Versuch bin ich zufrieden.<\/p>\n<p><strong>Vorteig (Poolish)<\/strong><\/p>\n<ul>\n<li>150 g Weizenmehl Tipo 00 (Italienisches Mehl)<\/li>\n<li>150 g Wasser<\/li>\n<li>0,5 g Hefe<\/li>\n<\/ul>\n<p><strong>Hauptteig<\/strong><\/p>\n<ul>\n<li>Vorteig<\/li>\n<li>200 g Manitobamehl<\/li>\n<li>150 g Weizenmehl Tipo 00 (Italienisches Mehl)<\/li>\n<li>10 g Bohnenmehl<\/li>\n<li>225 g Wasser<\/li>\n<li>4 g Hefe<\/li>\n<li>12 g Salz<\/li>\n<\/ul>\n<p>Die Vorteigzutaten mischen und 16-20 Stunden bei 18-20\u00b0C reifen lassen.<\/p>\n<p>Vorteig, Mehl und 165 g Wasser verr\u00fchren und 30 Minuten abgedeckt ruhen lassen (Autolyse).<\/p>\n<p>Anschlie\u00dfend die Hefe zugeben und 10 Minuten auf zweiter Stufe kneten. In der Zwischenzeit das Salz im restlichen Wasser (60 g) l\u00f6sen. Den Teig weitere 10-15 Minuten kneten und dabei portionsweise kleine Mengen Wasser zugie\u00dfen. Das Wasser sollte erst in den Teig eingearbeitet sein, bevor die n\u00e4chste Portion zugegossen wird. Der Teig muss sich am Ende beim Kneten vollst\u00e4ndig von der Sch\u00fcssel l\u00f6sen und einen feuchten, aber straffen Eindruck machen.<\/p>\n<p>1 Stunde Teigruhe bei 24\u00b0C. Alle 20 Minuten, insgesamt dreimal, dehnen und falten.<\/p>\n<p>Nun den Teig abgedeckt 20 Stunden bei 6\u00b0C im K\u00fchlschrank lagern. Das Volumen sollte sich in dieser Zeit mindestens verdoppeln.<\/p>\n<p>Wenn\u00b4s dann an\u00b4s Backen geht, den Teig ca eine Stunde akklimatisieren lassen. Dann in 4 Teiglinge teilen und vorformen. Dann ca. 15 Minuten entspannen lassen. Anschlie\u00dfend zu Baguettes formen. 45 Minuten Gare bei 24 Grad.<\/p>\n<p>Einschneiden und bei 250\u00b0C 20-25 Minuten mit Dampf backen.<\/p>\n<p>&nbsp;<\/p>\n<p><a href=\"http:\/\/www.samskitchen.at\/wp-content\/uploads\/2013\/11\/2013-11-24-16.35.37.jpg\"><img decoding=\"async\" loading=\"lazy\" class=\"alignnone size-medium wp-image-473\" alt=\"2013-11-24 16.35.37\" src=\"http:\/\/www.samskitchen.at\/wp-content\/uploads\/2013\/11\/2013-11-24-16.35.37-300x241.jpg\" width=\"300\" height=\"241\" srcset=\"https:\/\/www.samskitchen.at\/wp-content\/uploads\/2013\/11\/2013-11-24-16.35.37-300x241.jpg 300w, https:\/\/www.samskitchen.at\/wp-content\/uploads\/2013\/11\/2013-11-24-16.35.37-510x409.jpg 510w, https:\/\/www.samskitchen.at\/wp-content\/uploads\/2013\/11\/2013-11-24-16.35.37-530x425.jpg 530w, https:\/\/www.samskitchen.at\/wp-content\/uploads\/2013\/11\/2013-11-24-16.35.37.jpg 2033w\" sizes=\"(max-width: 300px) 100vw, 300px\" \/><\/a><\/p>\n","protected":false},"excerpt":{"rendered":"<p>&nbsp; So &#8211; das ist mein erstes selbst kreiertes Baguette. Nat\u00fcrlich hab ich mich inspirieren lassen. Aber im Grunde genommen wollte ich was Eigenes auf die Beine stellen, oder besser gesagt, in\u00b4s Rohr schieben. Naja &#8211; f\u00fcr den Anfang nicht schlecht. Der Teig hatte anscheinend \u00dcbergare, weil der Ausbund nicht so sch\u00f6n aufgegangen ist. Auch sind die Baguettes ein wenig &hellip;<\/p>\n","protected":false},"author":1,"featured_media":474,"comment_status":"open","ping_status":"open","sticky":false,"template":"","format":"standard","meta":{"_mi_skip_tracking":false,"_exactmetrics_sitenote_active":false,"_exactmetrics_sitenote_note":"","_exactmetrics_sitenote_category":0,"ngg_post_thumbnail":0,"jetpack_post_was_ever_published":false,"_jetpack_newsletter_access":"","footnotes":"","jetpack_publicize_message":"","jetpack_is_tweetstorm":false,"jetpack_publicize_feature_enabled":true,"jetpack_social_post_already_shared":true,"jetpack_social_options":{"image_generator_settings":{"template":"highway","enabled":false}}},"categories":[2],"tags":[13,64,65],"jetpack_publicize_connections":[],"jetpack_featured_media_url":"https:\/\/www.samskitchen.at\/wp-content\/uploads\/2013\/11\/2013-11-24-16.53.47.jpg","jetpack_sharing_enabled":true,"jetpack_shortlink":"https:\/\/wp.me\/p41IW0-7y","_links":{"self":[{"href":"https:\/\/www.samskitchen.at\/index.php?rest_route=\/wp\/v2\/posts\/468"}],"collection":[{"href":"https:\/\/www.samskitchen.at\/index.php?rest_route=\/wp\/v2\/posts"}],"about":[{"href":"https:\/\/www.samskitchen.at\/index.php?rest_route=\/wp\/v2\/types\/post"}],"author":[{"embeddable":true,"href":"https:\/\/www.samskitchen.at\/index.php?rest_route=\/wp\/v2\/users\/1"}],"replies":[{"embeddable":true,"href":"https:\/\/www.samskitchen.at\/index.php?rest_route=%2Fwp%2Fv2%2Fcomments&post=468"}],"version-history":[{"count":5,"href":"https:\/\/www.samskitchen.at\/index.php?rest_route=\/wp\/v2\/posts\/468\/revisions"}],"predecessor-version":[{"id":542,"href":"https:\/\/www.samskitchen.at\/index.php?rest_route=\/wp\/v2\/posts\/468\/revisions\/542"}],"wp:featuredmedia":[{"embeddable":true,"href":"https:\/\/www.samskitchen.at\/index.php?rest_route=\/wp\/v2\/media\/474"}],"wp:attachment":[{"href":"https:\/\/www.samskitchen.at\/index.php?rest_route=%2Fwp%2Fv2%2Fmedia&parent=468"}],"wp:term":[{"taxonomy":"category","embeddable":true,"href":"https:\/\/www.samskitchen.at\/index.php?rest_route=%2Fwp%2Fv2%2Fcategories&post=468"},{"taxonomy":"post_tag","embeddable":true,"href":"https:\/\/www.samskitchen.at\/index.php?rest_route=%2Fwp%2Fv2%2Ftags&post=468"}],"curies":[{"name":"wp","href":"https:\/\/api.w.org\/{rel}","templated":true}]}}