{"id":452,"date":"2013-11-21T13:24:08","date_gmt":"2013-11-21T12:24:08","guid":{"rendered":"http:\/\/www.samskitchen.at\/?p=452"},"modified":"2013-12-19T09:28:36","modified_gmt":"2013-12-19T08:28:36","slug":"baguettes-nach-sebastien-mauvieux-3-versuch","status":"publish","type":"post","link":"https:\/\/www.samskitchen.at\/?p=452","title":{"rendered":"Baguettes nach S\u00e9bastien Mauvieux \u2013 3. Versuch"},"content":{"rendered":"<p><a href=\"http:\/\/www.samskitchen.at\/wp-content\/uploads\/2013\/11\/2013-11-21-10.55.31.jpg\"><img decoding=\"async\" loading=\"lazy\" class=\"alignnone size-medium wp-image-464\" alt=\"2013-11-21 10.55.31\" src=\"http:\/\/www.samskitchen.at\/wp-content\/uploads\/2013\/11\/2013-11-21-10.55.31-300x119.jpg\" width=\"300\" height=\"119\" srcset=\"https:\/\/www.samskitchen.at\/wp-content\/uploads\/2013\/11\/2013-11-21-10.55.31-300x119.jpg 300w, https:\/\/www.samskitchen.at\/wp-content\/uploads\/2013\/11\/2013-11-21-10.55.31-510x202.jpg 510w, https:\/\/www.samskitchen.at\/wp-content\/uploads\/2013\/11\/2013-11-21-10.55.31-530x210.jpg 530w, https:\/\/www.samskitchen.at\/wp-content\/uploads\/2013\/11\/2013-11-21-10.55.31.jpg 1349w\" sizes=\"(max-width: 300px) 100vw, 300px\" \/><\/a><\/p>\n<p>Nachdem meine \u00a0vorangegangenen Versuche nicht so schlecht waren, gibts nun den dritten Versuch. Meine Familie war richtig angetan vom Aussehen und Geschmack, so dachte ich mir, an der Krume sollte noch gearbeitet werden. Bei diesem dritten Versuch werde ich den Rat von Bj\u00f6rn beherzigen und die TA erh\u00f6hen. Auch beim Salz werde ich grossz\u00fcgiger sein. Also schaun wir mal &#8211; dann werden wirs schon sehen, was dabei herauskommt.<\/p>\n<p><b>Hauptteig TA 175:<\/b><\/p>\n<p>700 g Weizenmehl 550<br \/>\n290 g Manitobamehl<br \/>\n10 g Bohnenmehl<br \/>\n750 g Wasser<br \/>\n4 g Frischhefe<br \/>\n20 g Salz<\/p>\n<p>Dieses Mal hab ich alle Zutaten in die Knetsch\u00fcssel gegeben und bei langsamen Geschwindigkeit ordentlich vermischt.\u00a0Dann den Teig f\u00fcr 20-30 Minuten quellen lassen (Autolyse). N\u00e4chstes Mal werde ich wieder das Wasser in Raten zugeben.<br \/>\n<span style=\"line-height: 1.8em;\">Weiterkneten, bis der Teig sch\u00f6n glatt aussieht.<br \/>\n<\/span><span style=\"line-height: 1.8em;\">Den Teig dann in eine einge\u00f6lte Kunststoffwanne geben und 60 Minuten bei Raumtemperatur gehen lassen,<br \/>\n<\/span><span style=\"line-height: 1.8em;\">Direkt am Anfang, nach 30 und nach 60 Minuten in der Sch\u00fcssel feucht strecken und falten.<\/span><\/p>\n<p>Dann den Teig abgedeckt in den K\u00fchlschrank bei 6\u00b0 stellen und 20 Stunden reifen lassen.<span style=\"line-height: 1.8em;\">Er sollte sich etwa verdreifacht haben.<br \/>\n<\/span>Bei mir hat sich der Teig aber schon nach ca 18 Stunden verdreifacht. Vielleicht sollte ich den K\u00fchlschrank k\u00e4lter stellen.<\/p>\n<p>Auf der Arbeitsfl\u00e4che den<b>\u00a0nicht-aklimatisierten<\/b>\u00a0Teig in 6 St\u00fccke a ca. 250 g teilen und diese vorformen.<br \/>\n20 Minuten Teigruhe. Die Baguettes formen (ca. 30 cm L\u00e4nge) und sie mit dem Schlu\u00df nach oben im Leinentuch ca. 60 Minuten garen lassen. Mit der Kippdiele auf ein Lochblech geben, einschneiden und mit viel Dampf in den auf 250\u00b0 geheizten Ofen geben. Nach 10 Minuten den Dampf ablassen und noch weitere 10-12 Minuten bei 250\u00b0 zuende backen, bis sie mittelbraun und die aufgerissenen Ausb\u00fcnde noch sch\u00f6n hell sind. Kurz abk\u00fchlen lassen und m\u00f6glichst rasch genie\u00dfen, frisch sind sie am besten.<\/p>\n<p>&nbsp;<\/p>\n<p><a href=\"http:\/\/www.samskitchen.at\/wp-content\/uploads\/2013\/11\/2013-11-21-12.55.43.jpg\"><img decoding=\"async\" loading=\"lazy\" class=\"alignnone size-medium wp-image-457\" alt=\"2013-11-21 12.55.43\" src=\"http:\/\/www.samskitchen.at\/wp-content\/uploads\/2013\/11\/2013-11-21-12.55.43-224x300.jpg\" width=\"224\" height=\"300\" srcset=\"https:\/\/www.samskitchen.at\/wp-content\/uploads\/2013\/11\/2013-11-21-12.55.43-224x300.jpg 224w, https:\/\/www.samskitchen.at\/wp-content\/uploads\/2013\/11\/2013-11-21-12.55.43-510x680.jpg 510w, https:\/\/www.samskitchen.at\/wp-content\/uploads\/2013\/11\/2013-11-21-12.55.43.jpg 1958w\" sizes=\"(max-width: 224px) 100vw, 224px\" \/><\/a><\/p>\n<p>Beurteilung des 3. Versuchs:<br \/>\nGeschmacklich sind diese Baguettes wirklich eine Klasse f\u00fcr sich. Kein Vergleich zu den Baguettes die man sonst wo bekommt. Sch\u00f6n aromatischer Krumengeschmack verzaubert \u00a0beim Essen. Man braucht eigentlich nur ein Baguette und nix drauf.<br \/>\nDie Kruste ist sch\u00f6n r\u00f6sch, sowie es sein sollte. Der Ausbund gef\u00e4llt mir auch ganz gut. Bei der Krume hat sich nicht viel getan. Eventuell werde ich das \u00a0Mal die TA nochmals in die H\u00f6he schrauben. Der Teig liess sich wunderbar verarbeiten, trotz TA 175.<\/p>\n<p>Ich bin eigentlich bis aus die mittelgrosse Porung sehr zufrieden.<a href=\"http:\/\/www.samskitchen.at\/wp-content\/uploads\/2013\/11\/2013-11-21-12.56.041.jpg\"><img decoding=\"async\" loading=\"lazy\" class=\"alignnone size-medium wp-image-466\" alt=\"2013-11-21 12.56.04\" src=\"http:\/\/www.samskitchen.at\/wp-content\/uploads\/2013\/11\/2013-11-21-12.56.041-300x188.jpg\" width=\"300\" height=\"188\" srcset=\"https:\/\/www.samskitchen.at\/wp-content\/uploads\/2013\/11\/2013-11-21-12.56.041-300x188.jpg 300w, https:\/\/www.samskitchen.at\/wp-content\/uploads\/2013\/11\/2013-11-21-12.56.041-510x320.jpg 510w, https:\/\/www.samskitchen.at\/wp-content\/uploads\/2013\/11\/2013-11-21-12.56.041-530x333.jpg 530w\" sizes=\"(max-width: 300px) 100vw, 300px\" \/><\/a><\/p>\n","protected":false},"excerpt":{"rendered":"<p>Nachdem meine \u00a0vorangegangenen Versuche nicht so schlecht waren, gibts nun den dritten Versuch. Meine Familie war richtig angetan vom Aussehen und Geschmack, so dachte ich mir, an der Krume sollte noch gearbeitet werden. Bei diesem dritten Versuch werde ich den Rat von Bj\u00f6rn beherzigen und die TA erh\u00f6hen. Auch beim Salz werde ich grossz\u00fcgiger sein. Also schaun wir mal &#8211; &hellip;<\/p>\n","protected":false},"author":1,"featured_media":454,"comment_status":"open","ping_status":"open","sticky":false,"template":"","format":"standard","meta":{"_mi_skip_tracking":false,"_exactmetrics_sitenote_active":false,"_exactmetrics_sitenote_note":"","_exactmetrics_sitenote_category":0,"ngg_post_thumbnail":0,"jetpack_post_was_ever_published":false,"_jetpack_newsletter_access":"","footnotes":"","jetpack_publicize_message":"","jetpack_is_tweetstorm":false,"jetpack_publicize_feature_enabled":true,"jetpack_social_post_already_shared":true,"jetpack_social_options":{"image_generator_settings":{"template":"highway","enabled":false}}},"categories":[2],"tags":[13,64,65],"jetpack_publicize_connections":[],"jetpack_featured_media_url":"https:\/\/www.samskitchen.at\/wp-content\/uploads\/2013\/11\/2013-11-21-10.55.51.jpg","jetpack_sharing_enabled":true,"jetpack_shortlink":"https:\/\/wp.me\/p41IW0-7i","_links":{"self":[{"href":"https:\/\/www.samskitchen.at\/index.php?rest_route=\/wp\/v2\/posts\/452"}],"collection":[{"href":"https:\/\/www.samskitchen.at\/index.php?rest_route=\/wp\/v2\/posts"}],"about":[{"href":"https:\/\/www.samskitchen.at\/index.php?rest_route=\/wp\/v2\/types\/post"}],"author":[{"embeddable":true,"href":"https:\/\/www.samskitchen.at\/index.php?rest_route=\/wp\/v2\/users\/1"}],"replies":[{"embeddable":true,"href":"https:\/\/www.samskitchen.at\/index.php?rest_route=%2Fwp%2Fv2%2Fcomments&post=452"}],"version-history":[{"count":10,"href":"https:\/\/www.samskitchen.at\/index.php?rest_route=\/wp\/v2\/posts\/452\/revisions"}],"predecessor-version":[{"id":620,"href":"https:\/\/www.samskitchen.at\/index.php?rest_route=\/wp\/v2\/posts\/452\/revisions\/620"}],"wp:featuredmedia":[{"embeddable":true,"href":"https:\/\/www.samskitchen.at\/index.php?rest_route=\/wp\/v2\/media\/454"}],"wp:attachment":[{"href":"https:\/\/www.samskitchen.at\/index.php?rest_route=%2Fwp%2Fv2%2Fmedia&parent=452"}],"wp:term":[{"taxonomy":"category","embeddable":true,"href":"https:\/\/www.samskitchen.at\/index.php?rest_route=%2Fwp%2Fv2%2Fcategories&post=452"},{"taxonomy":"post_tag","embeddable":true,"href":"https:\/\/www.samskitchen.at\/index.php?rest_route=%2Fwp%2Fv2%2Ftags&post=452"}],"curies":[{"name":"wp","href":"https:\/\/api.w.org\/{rel}","templated":true}]}}