{"id":424,"date":"2013-11-12T14:18:50","date_gmt":"2013-11-12T13:18:50","guid":{"rendered":"http:\/\/www.samskitchen.at\/?p=424"},"modified":"2013-11-26T14:55:56","modified_gmt":"2013-11-26T13:55:56","slug":"umfrage-was-sind-eure-standartbrote","status":"publish","type":"post","link":"https:\/\/www.samskitchen.at\/?p=424","title":{"rendered":"Umfrage &#8211; Was sind Eure Standardbrote?"},"content":{"rendered":"<p>Bj\u00f6rn vom Brotdoc und Lutz vom Pl\u00f6tzblog hatten die Idee eine Umfrage \u00fcber die Standardbrote die von den Lesern gegessen werden zu machen.<\/p>\n<p>Hier der Link zu dieser Umfrage: \u00a0<a href=\"https:\/\/docs.google.com\/forms\/d\/1UMQ9zonODNw9K3au6TGtEP0UrJ0d8YFQEKZisCL2asc\/viewform#start=openform\">Was sein Eure Standardbrote?<\/a><\/p>\n<p>Bitte tr\u00e4gt Eure Lieblingsbackwaren die Ihr t\u00e4glich esst \u00a0dort ein.<\/p>\n<p><strong style=\"line-height: 1.8em;\">Die Umfrage l\u00e4uft bis zum 01.12.2013.<br \/>\n<\/strong><\/p>\n<p><em>Das Ergebnis\u00a0wird dann im Dezember bekanngegeben.<\/em><\/p>\n<p><em>\u00a0<\/em><\/p>\n","protected":false},"excerpt":{"rendered":"<p>Bj\u00f6rn vom Brotdoc und Lutz vom Pl\u00f6tzblog hatten die Idee eine Umfrage \u00fcber die Standardbrote die von den Lesern gegessen werden zu machen. Hier der Link zu dieser Umfrage: \u00a0Was sein Eure Standardbrote? Bitte tr\u00e4gt Eure Lieblingsbackwaren die Ihr t\u00e4glich esst \u00a0dort ein. Die Umfrage l\u00e4uft bis zum 01.12.2013. Das Ergebnis\u00a0wird dann im Dezember bekanngegeben. \u00a0<\/p>\n","protected":false},"author":1,"featured_media":0,"comment_status":"open","ping_status":"open","sticky":false,"template":"","format":"standard","meta":{"_mi_skip_tracking":false,"_exactmetrics_sitenote_active":false,"_exactmetrics_sitenote_note":"","_exactmetrics_sitenote_category":0,"ngg_post_thumbnail":0,"jetpack_post_was_ever_published":false,"_jetpack_newsletter_access":"","footnotes":"","jetpack_publicize_message":"","jetpack_is_tweetstorm":false,"jetpack_publicize_feature_enabled":true,"jetpack_social_post_already_shared":true,"jetpack_social_options":{"image_generator_settings":{"template":"highway","enabled":false}}},"categories":[1],"tags":[],"jetpack_publicize_connections":[],"jetpack_featured_media_url":"","jetpack_sharing_enabled":true,"jetpack_shortlink":"https:\/\/wp.me\/p41IW0-6Q","_links":{"self":[{"href":"https:\/\/www.samskitchen.at\/index.php?rest_route=\/wp\/v2\/posts\/424"}],"collection":[{"href":"https:\/\/www.samskitchen.at\/index.php?rest_route=\/wp\/v2\/posts"}],"about":[{"href":"https:\/\/www.samskitchen.at\/index.php?rest_route=\/wp\/v2\/types\/post"}],"author":[{"embeddable":true,"href":"https:\/\/www.samskitchen.at\/index.php?rest_route=\/wp\/v2\/users\/1"}],"replies":[{"embeddable":true,"href":"https:\/\/www.samskitchen.at\/index.php?rest_route=%2Fwp%2Fv2%2Fcomments&post=424"}],"version-history":[{"count":3,"href":"https:\/\/www.samskitchen.at\/index.php?rest_route=\/wp\/v2\/posts\/424\/revisions"}],"predecessor-version":[{"id":499,"href":"https:\/\/www.samskitchen.at\/index.php?rest_route=\/wp\/v2\/posts\/424\/revisions\/499"}],"wp:attachment":[{"href":"https:\/\/www.samskitchen.at\/index.php?rest_route=%2Fwp%2Fv2%2Fmedia&parent=424"}],"wp:term":[{"taxonomy":"category","embeddable":true,"href":"https:\/\/www.samskitchen.at\/index.php?rest_route=%2Fwp%2Fv2%2Fcategories&post=424"},{"taxonomy":"post_tag","embeddable":true,"href":"https:\/\/www.samskitchen.at\/index.php?rest_route=%2Fwp%2Fv2%2Ftags&post=424"}],"curies":[{"name":"wp","href":"https:\/\/api.w.org\/{rel}","templated":true}]}}