{"id":4234,"date":"2023-01-16T12:21:55","date_gmt":"2023-01-16T11:21:55","guid":{"rendered":"http:\/\/www.samskitchen.at\/?p=4234"},"modified":"2023-01-16T12:21:55","modified_gmt":"2023-01-16T11:21:55","slug":"ein-schnelles-brot","status":"publish","type":"post","link":"https:\/\/www.samskitchen.at\/?p=4234","title":{"rendered":"Ein &#8222;schnelles&#8220; Brot"},"content":{"rendered":"\n<figure class=\"wp-block-image size-large\"><img decoding=\"async\" loading=\"lazy\" width=\"510\" height=\"287\" src=\"http:\/\/www.samskitchen.at\/wp-content\/uploads\/2023\/01\/2023-01-05-16.11.14-510x287.jpg\" alt=\"\" class=\"wp-image-4235\" srcset=\"https:\/\/www.samskitchen.at\/wp-content\/uploads\/2023\/01\/2023-01-05-16.11.14-510x287.jpg 510w, https:\/\/www.samskitchen.at\/wp-content\/uploads\/2023\/01\/2023-01-05-16.11.14-300x169.jpg 300w, https:\/\/www.samskitchen.at\/wp-content\/uploads\/2023\/01\/2023-01-05-16.11.14-768x432.jpg 768w, https:\/\/www.samskitchen.at\/wp-content\/uploads\/2023\/01\/2023-01-05-16.11.14-125x70.jpg 125w, https:\/\/www.samskitchen.at\/wp-content\/uploads\/2023\/01\/2023-01-05-16.11.14.jpg 1200w\" sizes=\"(max-width: 510px) 100vw, 510px\" \/><\/figure>\n\n\n\n<p>Wenn man schnell ein Brot braucht ist dieses fast das Richtige. Schnell ist in diesem Falle ein relativer Begriff. So ca. sieben Stunden sollte man sich schon Zeit nehmen. F\u00fcr mich ist das ein &#8222;schnelles&#8220; Brot. Normal nimm ich mir mehr Zeit f\u00fcr ein ordentliches Brot. Aber Heute soll es schnell gehen &#8211; ausnahmsweise.<\/p>\n\n\n\n<p><strong>Rezept f\u00fcr ein Brot mit ca.<\/strong><br><strong>Autolyseteig:<\/strong><br>900g Weizenmehl W700<br>100g Roggenmehl R960<br>600g Wasser <br>Alles gut vermischen und ca. 90 Minuten Autolyse (also einfach bei Raumtemperatur stehen lassen)<\/p>\n\n\n\n<p><strong>Hauptteig:<\/strong><br>1600g Autolyseteig<br>22 g Salz<br>10 g frische Hefe<br>100 g Wasser<br>S\u00e4mtliche Zutaten zu einem glatten Teig kneten und in einer einge\u00f6lten Plastikwanne oder Sch\u00fcssel ca drei Stunden bei Raumtemperatur gehen lassen.  Drei Mal strecken und Falten (alle 30 Minuten).<br>Anschliessend zu einem runden Laib wirken und in einem bemehlten G\u00e4rkorb wieder bei Raumtemperatur ca. eine Stunde sch\u00f6n aufgehen lassen.<br>Das Brot sollte richtig kr\u00e4ftig ausgebacken werden.<\/p>\n\n\n\n<p>Gebacken wird bei 250 Grad fallend auf 200 Grad ca. 45 Minuten. Nicht Vergessen kr\u00e4ftig zu schwaden.<\/p>\n\n\n\n<figure class=\"wp-block-image size-large\"><img decoding=\"async\" loading=\"lazy\" width=\"510\" height=\"383\" src=\"http:\/\/www.samskitchen.at\/wp-content\/uploads\/2023\/01\/2023-01-06-11.34.37-510x383.jpg\" alt=\"\" class=\"wp-image-4236\" srcset=\"https:\/\/www.samskitchen.at\/wp-content\/uploads\/2023\/01\/2023-01-06-11.34.37-510x383.jpg 510w, https:\/\/www.samskitchen.at\/wp-content\/uploads\/2023\/01\/2023-01-06-11.34.37-300x225.jpg 300w, https:\/\/www.samskitchen.at\/wp-content\/uploads\/2023\/01\/2023-01-06-11.34.37-768x576.jpg 768w, https:\/\/www.samskitchen.at\/wp-content\/uploads\/2023\/01\/2023-01-06-11.34.37-125x94.jpg 125w, https:\/\/www.samskitchen.at\/wp-content\/uploads\/2023\/01\/2023-01-06-11.34.37.jpg 1200w\" sizes=\"(max-width: 510px) 100vw, 510px\" \/><\/figure>\n\n\n\n<figure class=\"wp-block-image size-large\"><img decoding=\"async\" loading=\"lazy\" width=\"510\" height=\"383\" src=\"http:\/\/www.samskitchen.at\/wp-content\/uploads\/2023\/01\/2023-01-06-11.34.42-510x383.jpg\" alt=\"\" class=\"wp-image-4237\" srcset=\"https:\/\/www.samskitchen.at\/wp-content\/uploads\/2023\/01\/2023-01-06-11.34.42-510x383.jpg 510w, https:\/\/www.samskitchen.at\/wp-content\/uploads\/2023\/01\/2023-01-06-11.34.42-300x225.jpg 300w, https:\/\/www.samskitchen.at\/wp-content\/uploads\/2023\/01\/2023-01-06-11.34.42-768x576.jpg 768w, https:\/\/www.samskitchen.at\/wp-content\/uploads\/2023\/01\/2023-01-06-11.34.42-125x94.jpg 125w, https:\/\/www.samskitchen.at\/wp-content\/uploads\/2023\/01\/2023-01-06-11.34.42.jpg 1200w\" sizes=\"(max-width: 510px) 100vw, 510px\" \/><\/figure>\n\n\n\n<figure class=\"wp-block-image size-large\"><img decoding=\"async\" loading=\"lazy\" width=\"510\" height=\"383\" src=\"http:\/\/www.samskitchen.at\/wp-content\/uploads\/2023\/01\/2023-01-06-11.34.52-510x383.jpg\" alt=\"\" class=\"wp-image-4238\" srcset=\"https:\/\/www.samskitchen.at\/wp-content\/uploads\/2023\/01\/2023-01-06-11.34.52-510x383.jpg 510w, https:\/\/www.samskitchen.at\/wp-content\/uploads\/2023\/01\/2023-01-06-11.34.52-300x225.jpg 300w, https:\/\/www.samskitchen.at\/wp-content\/uploads\/2023\/01\/2023-01-06-11.34.52-768x576.jpg 768w, https:\/\/www.samskitchen.at\/wp-content\/uploads\/2023\/01\/2023-01-06-11.34.52-125x94.jpg 125w, https:\/\/www.samskitchen.at\/wp-content\/uploads\/2023\/01\/2023-01-06-11.34.52.jpg 1200w\" sizes=\"(max-width: 510px) 100vw, 510px\" \/><\/figure>\n","protected":false},"excerpt":{"rendered":"<p>Wenn man schnell ein Brot braucht ist dieses fast das Richtige. Schnell ist in diesem Falle ein relativer Begriff. So ca. sieben Stunden sollte man sich schon Zeit nehmen. F\u00fcr mich ist das ein &#8222;schnelles&#8220; Brot. Normal nimm ich mir mehr Zeit f\u00fcr ein ordentliches Brot. Aber Heute soll es schnell gehen &#8211; ausnahmsweise. Rezept f\u00fcr ein Brot mit ca.Autolyseteig:900g &hellip;<\/p>\n","protected":false},"author":1,"featured_media":4235,"comment_status":"open","ping_status":"open","sticky":false,"template":"","format":"standard","meta":{"_mi_skip_tracking":false,"_exactmetrics_sitenote_active":false,"_exactmetrics_sitenote_note":"","_exactmetrics_sitenote_category":0,"ngg_post_thumbnail":0,"jetpack_post_was_ever_published":false,"_jetpack_newsletter_access":"","footnotes":"","jetpack_publicize_message":"","jetpack_is_tweetstorm":false,"jetpack_publicize_feature_enabled":true,"jetpack_social_post_already_shared":true,"jetpack_social_options":{"image_generator_settings":{"template":"highway","enabled":false}}},"categories":[2],"tags":[],"jetpack_publicize_connections":[],"jetpack_featured_media_url":"https:\/\/www.samskitchen.at\/wp-content\/uploads\/2023\/01\/2023-01-05-16.11.14.jpg","jetpack_sharing_enabled":true,"jetpack_shortlink":"https:\/\/wp.me\/p41IW0-16i","_links":{"self":[{"href":"https:\/\/www.samskitchen.at\/index.php?rest_route=\/wp\/v2\/posts\/4234"}],"collection":[{"href":"https:\/\/www.samskitchen.at\/index.php?rest_route=\/wp\/v2\/posts"}],"about":[{"href":"https:\/\/www.samskitchen.at\/index.php?rest_route=\/wp\/v2\/types\/post"}],"author":[{"embeddable":true,"href":"https:\/\/www.samskitchen.at\/index.php?rest_route=\/wp\/v2\/users\/1"}],"replies":[{"embeddable":true,"href":"https:\/\/www.samskitchen.at\/index.php?rest_route=%2Fwp%2Fv2%2Fcomments&post=4234"}],"version-history":[{"count":1,"href":"https:\/\/www.samskitchen.at\/index.php?rest_route=\/wp\/v2\/posts\/4234\/revisions"}],"predecessor-version":[{"id":4239,"href":"https:\/\/www.samskitchen.at\/index.php?rest_route=\/wp\/v2\/posts\/4234\/revisions\/4239"}],"wp:featuredmedia":[{"embeddable":true,"href":"https:\/\/www.samskitchen.at\/index.php?rest_route=\/wp\/v2\/media\/4235"}],"wp:attachment":[{"href":"https:\/\/www.samskitchen.at\/index.php?rest_route=%2Fwp%2Fv2%2Fmedia&parent=4234"}],"wp:term":[{"taxonomy":"category","embeddable":true,"href":"https:\/\/www.samskitchen.at\/index.php?rest_route=%2Fwp%2Fv2%2Fcategories&post=4234"},{"taxonomy":"post_tag","embeddable":true,"href":"https:\/\/www.samskitchen.at\/index.php?rest_route=%2Fwp%2Fv2%2Ftags&post=4234"}],"curies":[{"name":"wp","href":"https:\/\/api.w.org\/{rel}","templated":true}]}}