{"id":4222,"date":"2022-11-15T09:33:00","date_gmt":"2022-11-15T08:33:00","guid":{"rendered":"http:\/\/www.samskitchen.at\/?p=4222"},"modified":"2022-11-16T19:17:51","modified_gmt":"2022-11-16T18:17:51","slug":"dinkelbaguettes","status":"publish","type":"post","link":"https:\/\/www.samskitchen.at\/?p=4222","title":{"rendered":"Dinkelbaguettes"},"content":{"rendered":"\n<figure class=\"wp-block-image size-large\"><img decoding=\"async\" loading=\"lazy\" width=\"510\" height=\"383\" src=\"http:\/\/www.samskitchen.at\/wp-content\/uploads\/2022\/11\/2022-11-08-18.06.04-1-510x383.jpg\" alt=\"\" class=\"wp-image-4227\" srcset=\"https:\/\/www.samskitchen.at\/wp-content\/uploads\/2022\/11\/2022-11-08-18.06.04-1-510x383.jpg 510w, https:\/\/www.samskitchen.at\/wp-content\/uploads\/2022\/11\/2022-11-08-18.06.04-1-300x225.jpg 300w, https:\/\/www.samskitchen.at\/wp-content\/uploads\/2022\/11\/2022-11-08-18.06.04-1-768x576.jpg 768w, https:\/\/www.samskitchen.at\/wp-content\/uploads\/2022\/11\/2022-11-08-18.06.04-1-125x94.jpg 125w, https:\/\/www.samskitchen.at\/wp-content\/uploads\/2022\/11\/2022-11-08-18.06.04-1.jpg 1200w\" sizes=\"(max-width: 510px) 100vw, 510px\" \/><\/figure>\n\n\n\n<p>Dinkel oder Spelz ist eine Getreideart aus der Gattung des Weizens und ein enger Verwandter des heutigen Weichweizens. Es gibt viele Mischformen und \u00dcberg\u00e4nge zwischen modernem Weizen und Dinkel, weil beide in manchen Regionen gemeinsam angebaut und auch miteinander gekreuzt wurden.<\/p>\n\n\n\n<p>Die \u00e4ltesten bekannten Dinkelvorkommen Europas werden ca. 2400-2300 v. Chr. datiert. Die \u00e4ltesten Funde des Dinkels aus der Schweiz kommen von einer Fundstelle n\u00f6rdlich des Lac de Neuchatel (Cortaillotd-sur-les-Rochettes-Est). Der Dinkel ist vermutlich als nat\u00fcrliche Kreuzungen aus Emmer und Zwergweizen (einem Saatweizen) hervorgegangen. Schon w\u00e4hrend der fr\u00fchen Bronzezeit, also zwischen 2200 und 1500 v. Chr., insbesondere aber ab der mittleren Bronzezeit (ab 1500 v. Chr.), als das Klima feuchter und k\u00fchler wurde, setzte sich der widerstandsf\u00e4hige Dinkel mehr und mehr durch.<\/p>\n\n\n\n<p>Dass der Dinkel \u00fcberlebt hat, ist den Bauern und M\u00fcllern in klimatisch benachteiligten Getreidegebieten zu verdanken. Sie waren gezwungen, Qualit\u00e4t vor Quantit\u00e4t zu stellen. Zu Gunsten eines qualitativ hochwertigen Getreides nahmen sie kleinere Ertr\u00e4ge und einen gr\u00f6sseren Arbeitsaufwand in Kauf.&nbsp;Aufgekl\u00e4rte und kritische Konsumenten machen sich zunehmend wieder Gedanken dar\u00fcber, was sie t\u00e4glich essen und was ihnen wirklich gut tut.&nbsp; Dank ihnen wird der Dinkel im 21. Jahrhundert wieder die Bedeutung erlangen, die er w\u00e4hrend drei Jahrtausenden genossen hat: Das wertvollste Grundnahrungsmittel zu sein, das uns die Natur bietet.<\/p>\n\n\n\n<h2 class=\"wp-block-heading\">Unterschiede zwischen Dinkel und Weizen<\/h2>\n\n\n\n<p>Einer der Gr\u00fcnde, der f\u00fcr Dinkelmehl statt Weizenmehl spricht, ist die&nbsp;<strong>geringere Belastung mit Schadstoffen<\/strong>. Aufgrund seiner Spelzh\u00fclle ist&nbsp;<strong>Dinkel besser vor sch\u00e4dlichen Umwelteinfl\u00fcssen gesch\u00fctzt als Weizen<\/strong>. Dadurch wird auch die Gesundheit der Verbraucher weniger belastet. Da diese H\u00fclle jedoch w\u00e4hrend des Verarbeitungsprozesses entfernt werden muss, sind Dinkelprodukte wesentlich&nbsp;<strong>teurer als Weizenprodukte<\/strong>.<\/p>\n\n\n\n<h2 class=\"wp-block-heading\">Dinkel vs. Weizen: Die Inhaltsstoffe<\/h2>\n\n\n\n<p>Zwar sind die Unterschiede zwischen Dinkelmehl und Weizenmehl in Bezug auf den Gehalt an N\u00e4hrstoffen nur gering, dennoch&nbsp;<strong>liegt Dinkelkorn vorne<\/strong>. Hier ein Vergleich des Eisen- und Magnesiumanteils auf 100 Gramm:<\/p>\n\n\n\n<ul><li>Dinkel:&nbsp;<strong>4,2 mg Eisen<\/strong>&nbsp;\u2013 Weizen:&nbsp;<strong>3,3 mg Eisen<\/strong><\/li><li>Dinkel:&nbsp;<strong>130 mg Magnesium<\/strong>&nbsp;\u2013 Weizen:&nbsp;<strong>97 mg Magnesium<\/strong><\/li><\/ul>\n\n\n\n<p>Auch an den Mineralstoffen Kalium und Phosphor ist&nbsp;<strong>Dinkel reicher als Weizen<\/strong>.<\/p>\n\n\n\n<ul><li>Dinkel:&nbsp;<strong>415 mg Kalium<\/strong>&nbsp;\u00ad\u2013 Weizen:&nbsp;<strong>380 mg Kalium<\/strong><\/li><li>Dinkel:&nbsp;<strong>422 mg Phosphor<\/strong>&nbsp;\u2013 Weizen:&nbsp;<strong>342 mg Phosphor<\/strong><\/li><\/ul>\n\n\n\n<p>Bei Natrium und Chlorid hat dagegen das Mehl aus Weizen die Nase vorn.<\/p>\n\n\n\n<ul><li>Dinkel:&nbsp;<strong>1 mg Natrium<\/strong>&nbsp;\u2013 Weizen:&nbsp;<strong>8 mg Natrium<\/strong><\/li><li>Dinkel:&nbsp;<strong>18 mg Chlorid<\/strong>&nbsp;\u2013 Weizen:&nbsp;<strong>55 mg Chlorid<\/strong><\/li><\/ul>\n\n\n\n<p>Spurenelemente wie&nbsp;<strong>Zink und Mangan<\/strong>&nbsp;befinden sich wiederum in Dinkel in h\u00f6herer Konzentration als in modernem Weizen.<\/p>\n\n\n\n<ul><li>Dinkel:&nbsp;<strong>3,7 mg Zink<\/strong>&nbsp;\u2013 Weizen:&nbsp;<strong>2,6 mg Zink<\/strong><\/li><li>Dinkel:&nbsp;<strong>4,4 mg Mangan<\/strong>&nbsp;\u2013 Weizen:&nbsp;<strong>3,1 mg Mangan<\/strong><\/li><\/ul>\n\n\n\n<p>Hinzu kommt&nbsp;<strong>Kieselerde<\/strong>, die in Dinkel in relativ gro\u00dfen Mengen enthalten ist. Kieselerde, auch bekannt als Silizium oder Silicea, wird besonders in der Hom\u00f6opathie gerne eingesetzt. Sie st\u00e4rkt Haut, Haare und N\u00e4gel nachhaltig und verleiht dem k\u00f6rpereigenen Gewebe wieder mehr Elastizit\u00e4t.<\/p>\n\n\n\n<p>Zudem wird Dinkel ein h\u00f6herer Gehalt an Vitaminen, vor allem&nbsp;<strong>B-Vitaminen, Aminos\u00e4uren und Fetts\u00e4uren<\/strong>&nbsp;zugeschrieben.<\/p>\n\n\n\n<p>Bei Ballaststoffen endet das&nbsp;<strong>Duell Dinkel vs. Weizen unentschieden<\/strong>: Einige treten im Dinkelmehl h\u00e4ufiger auf, andere im Weizenmehl.<\/p>\n\n\n\n<p><strong>F\u00fcr Sportler interessant ist der h\u00f6here Gehalt an Eiwei\u00df und wichtigen Aminos\u00e4uren im Dinkel.<\/strong><\/p>\n\n\n\n<h2 class=\"wp-block-heading\">Gluten in Weizen und Dinkel<\/h2>\n\n\n\n<p>Irrt\u00fcmlicherweise denken viele Menschen, dass Dinkel in der Ern\u00e4hrung bei einer&nbsp;<strong>Glutenunvertr\u00e4glichkeit (Z\u00f6liakie)<\/strong>&nbsp;besser geeignet sei als Weizen. Aufgrund des hohen Eiwei\u00dfgehalts erh\u00f6ht sich in Dinkel jedoch auch gleichzeitig die Menge an Gluten. Er enth\u00e4lt somit&nbsp;<strong>mehr Gluten<\/strong>&nbsp;als Weizen. Personen mit Glutenunvertr\u00e4glichkeit sollten deshalb weitestgehend auf Dinkel verzichten.<\/p>\n\n\n\n<p>Dennoch kann es vorkommen, dass Dinkelprodukte besser vertragen werden. Die Eiwei\u00dfe im Dinkel sind n\u00e4mlich andere als im Weizen. So fehlt dem Dinkel das Omega-5-Gliadin, dass Weizenunvertr\u00e4glichkeit verursacht.<\/p>\n\n\n\n<p>Und nun auf vielfachen Wunsch ein Rezept f\u00fcr ein reines Binkelbaguette. Es sollte schmecken und aussehen wie ein echtes Franz\u00f6sisches Baguette. <\/p>\n\n\n\n<p class=\"has-large-font-size\"><strong>Rezept:<\/strong><\/p>\n\n\n\n<p class=\"has-medium-font-size\"><strong>Dinkelsauerteig:<\/strong><br>10 g Anstellgut<br>100 g Dinkelmehl Type 630<br>100 g Wasser<\/p>\n\n\n\n<p class=\"has-medium-font-size\">Teigtemperatur 28 \u00baC Reifezeit 16 Stunden <br>die Temperatur sollte konstant gehalten werden um eine \u00dcbers\u00e4uerung zu verhindern.<\/p>\n\n\n\n<p class=\"has-medium-font-size\"><strong>Dinkelbr\u00fchst\u00fcck:<\/strong><br>70 g Dinkelmehl Type 630<br>210 g Wasser kochend<br>Das Wasser aufkochen lassen, vom Herd nehmen und das Dinkelmehl Klumpenfrei einr\u00fchren. Bis zur Verarbeitung im K\u00fchlschrank lagern.<\/p>\n\n\n\n<p class=\"has-medium-font-size\"><strong>Hauptteig:<\/strong><br>210 g Dinkelsauerteig<br>280 g Br\u00fchst\u00fcck<br>800 g Dinkelmehl Type 630<br>370 g Wasser<br>20 g Salz<br>10 g Hefe (frisch)<\/p>\n\n\n\n<p>Die gesamten Zutaten werden nun bei langsamer Geschwindigkeit ca. 7 Minuten gemischt und anschlie\u00dfend noch 2 Minuten schneller.<br>Bei Raumtemperatur reift nun der Teig f\u00fcr ca. 90 Minuten. Alle 30 Minuten sollte der Teig gestreckt und gefaltet werden um ein anst\u00e4ndiges Kleberger\u00fcst aufzubauen.<\/p>\n\n\n\n<p>Nach der eingehaltenen Teigreife wird der Teig in St\u00fccke zu ca 240 g geteilt.<br>Die  Teigst\u00fccke werden nun zu Zylindern aufgerollt und&nbsp;weitere 20 Minuten zum Entspannen bei Seite gelegt.<\/p>\n\n\n\n<p>Die entspannten vorgeformten Teiglinge werden nun zu l\u00e4nglichen spitzen Baguette geformt, und mit dem Schluss nach oben auf ein bemehltes Tuch zur Endgare gestellt. Dort reifen sie ca. 30 Minuten.<br>Zum Backen werden die Baguettes umgedreht und mit einer Rasierklinge eingeschnitten. <\/p>\n\n\n\n<p>Gebacken wird bei 250\u00b0C mit reichlich Schwaden ca. 20 Minuten. Nach 10 Minuten wird der Dampf durch \u00f6ffnen der Ofent\u00fcr abgelassen.<\/p>\n\n\n\n<figure class=\"wp-block-image size-large\"><img decoding=\"async\" loading=\"lazy\" width=\"510\" height=\"383\" src=\"http:\/\/www.samskitchen.at\/wp-content\/uploads\/2022\/11\/2022-11-08-18.06.07-510x383.jpg\" alt=\"\" class=\"wp-image-4224\" srcset=\"https:\/\/www.samskitchen.at\/wp-content\/uploads\/2022\/11\/2022-11-08-18.06.07-510x383.jpg 510w, https:\/\/www.samskitchen.at\/wp-content\/uploads\/2022\/11\/2022-11-08-18.06.07-300x225.jpg 300w, https:\/\/www.samskitchen.at\/wp-content\/uploads\/2022\/11\/2022-11-08-18.06.07-768x576.jpg 768w, https:\/\/www.samskitchen.at\/wp-content\/uploads\/2022\/11\/2022-11-08-18.06.07-125x94.jpg 125w, https:\/\/www.samskitchen.at\/wp-content\/uploads\/2022\/11\/2022-11-08-18.06.07.jpg 1200w\" sizes=\"(max-width: 510px) 100vw, 510px\" \/><\/figure>\n\n\n\n<figure class=\"wp-block-image size-large\"><img decoding=\"async\" loading=\"lazy\" width=\"510\" height=\"383\" src=\"http:\/\/www.samskitchen.at\/wp-content\/uploads\/2022\/11\/2022-11-08-18.06.04-510x383.jpg\" alt=\"\" class=\"wp-image-4225\" srcset=\"https:\/\/www.samskitchen.at\/wp-content\/uploads\/2022\/11\/2022-11-08-18.06.04-510x383.jpg 510w, https:\/\/www.samskitchen.at\/wp-content\/uploads\/2022\/11\/2022-11-08-18.06.04-300x225.jpg 300w, https:\/\/www.samskitchen.at\/wp-content\/uploads\/2022\/11\/2022-11-08-18.06.04-768x576.jpg 768w, https:\/\/www.samskitchen.at\/wp-content\/uploads\/2022\/11\/2022-11-08-18.06.04-125x94.jpg 125w, https:\/\/www.samskitchen.at\/wp-content\/uploads\/2022\/11\/2022-11-08-18.06.04.jpg 1200w\" sizes=\"(max-width: 510px) 100vw, 510px\" \/><\/figure>\n\n\n\n<figure class=\"wp-block-image size-large\"><img decoding=\"async\" loading=\"lazy\" width=\"510\" height=\"287\" src=\"http:\/\/www.samskitchen.at\/wp-content\/uploads\/2022\/11\/2022-11-08-18.38.35-510x287.jpg\" alt=\"\" class=\"wp-image-4226\" srcset=\"https:\/\/www.samskitchen.at\/wp-content\/uploads\/2022\/11\/2022-11-08-18.38.35-510x287.jpg 510w, https:\/\/www.samskitchen.at\/wp-content\/uploads\/2022\/11\/2022-11-08-18.38.35-300x169.jpg 300w, https:\/\/www.samskitchen.at\/wp-content\/uploads\/2022\/11\/2022-11-08-18.38.35-768x432.jpg 768w, https:\/\/www.samskitchen.at\/wp-content\/uploads\/2022\/11\/2022-11-08-18.38.35-125x70.jpg 125w, https:\/\/www.samskitchen.at\/wp-content\/uploads\/2022\/11\/2022-11-08-18.38.35.jpg 1200w\" sizes=\"(max-width: 510px) 100vw, 510px\" \/><\/figure>\n\n\n\n<p class=\"has-medium-font-size\"><br><br><\/p>\n\n\n\n<p><\/p>\n\n\n\n<p>Quellen:<br>Gesund-Vital.de<br>Homebanking.at<\/p>\n\n\n\n<p><\/p>\n\n\n\n<p><\/p>\n\n\n\n<p><\/p>\n\n\n\n<p><\/p>\n\n\n\n<p><\/p>\n\n\n\n<p><\/p>\n\n\n\n<p><\/p>\n","protected":false},"excerpt":{"rendered":"<p>Dinkel oder Spelz ist eine Getreideart aus der Gattung des Weizens und ein enger Verwandter des heutigen Weichweizens. Es gibt viele Mischformen und \u00dcberg\u00e4nge zwischen modernem Weizen und Dinkel, weil beide in manchen Regionen gemeinsam angebaut und auch miteinander gekreuzt wurden. Die \u00e4ltesten bekannten Dinkelvorkommen Europas werden ca. 2400-2300 v. Chr. datiert. Die \u00e4ltesten Funde des Dinkels aus der Schweiz &hellip;<\/p>\n","protected":false},"author":1,"featured_media":4224,"comment_status":"open","ping_status":"open","sticky":false,"template":"","format":"standard","meta":{"_mi_skip_tracking":false,"_exactmetrics_sitenote_active":false,"_exactmetrics_sitenote_note":"","_exactmetrics_sitenote_category":0,"ngg_post_thumbnail":0,"jetpack_post_was_ever_published":false,"_jetpack_newsletter_access":"","footnotes":"","jetpack_publicize_message":"","jetpack_is_tweetstorm":false,"jetpack_publicize_feature_enabled":true,"jetpack_social_post_already_shared":true,"jetpack_social_options":{"image_generator_settings":{"template":"highway","enabled":false}}},"categories":[2],"tags":[],"jetpack_publicize_connections":[],"jetpack_featured_media_url":"https:\/\/www.samskitchen.at\/wp-content\/uploads\/2022\/11\/2022-11-08-18.06.07.jpg","jetpack_sharing_enabled":true,"jetpack_shortlink":"https:\/\/wp.me\/p41IW0-166","_links":{"self":[{"href":"https:\/\/www.samskitchen.at\/index.php?rest_route=\/wp\/v2\/posts\/4222"}],"collection":[{"href":"https:\/\/www.samskitchen.at\/index.php?rest_route=\/wp\/v2\/posts"}],"about":[{"href":"https:\/\/www.samskitchen.at\/index.php?rest_route=\/wp\/v2\/types\/post"}],"author":[{"embeddable":true,"href":"https:\/\/www.samskitchen.at\/index.php?rest_route=\/wp\/v2\/users\/1"}],"replies":[{"embeddable":true,"href":"https:\/\/www.samskitchen.at\/index.php?rest_route=%2Fwp%2Fv2%2Fcomments&post=4222"}],"version-history":[{"count":4,"href":"https:\/\/www.samskitchen.at\/index.php?rest_route=\/wp\/v2\/posts\/4222\/revisions"}],"predecessor-version":[{"id":4232,"href":"https:\/\/www.samskitchen.at\/index.php?rest_route=\/wp\/v2\/posts\/4222\/revisions\/4232"}],"wp:featuredmedia":[{"embeddable":true,"href":"https:\/\/www.samskitchen.at\/index.php?rest_route=\/wp\/v2\/media\/4224"}],"wp:attachment":[{"href":"https:\/\/www.samskitchen.at\/index.php?rest_route=%2Fwp%2Fv2%2Fmedia&parent=4222"}],"wp:term":[{"taxonomy":"category","embeddable":true,"href":"https:\/\/www.samskitchen.at\/index.php?rest_route=%2Fwp%2Fv2%2Fcategories&post=4222"},{"taxonomy":"post_tag","embeddable":true,"href":"https:\/\/www.samskitchen.at\/index.php?rest_route=%2Fwp%2Fv2%2Ftags&post=4222"}],"curies":[{"name":"wp","href":"https:\/\/api.w.org\/{rel}","templated":true}]}}