{"id":4164,"date":"2021-12-06T14:59:09","date_gmt":"2021-12-06T13:59:09","guid":{"rendered":"http:\/\/www.samskitchen.at\/?p=4164"},"modified":"2021-12-06T14:59:09","modified_gmt":"2021-12-06T13:59:09","slug":"zimtflesserl-oder-der-etwas-andere-krapfen","status":"publish","type":"post","link":"https:\/\/www.samskitchen.at\/?p=4164","title":{"rendered":"Zimtflesserl (oder der etwas andere Krapfen)"},"content":{"rendered":"\n<figure class=\"wp-block-image size-large\"><img decoding=\"async\" loading=\"lazy\" width=\"510\" height=\"383\" src=\"http:\/\/www.samskitchen.at\/wp-content\/uploads\/2021\/12\/2021-12-06-14.42.06-510x383.jpg\" alt=\"\" class=\"wp-image-4173\" srcset=\"https:\/\/www.samskitchen.at\/wp-content\/uploads\/2021\/12\/2021-12-06-14.42.06-510x383.jpg 510w, https:\/\/www.samskitchen.at\/wp-content\/uploads\/2021\/12\/2021-12-06-14.42.06-300x225.jpg 300w, https:\/\/www.samskitchen.at\/wp-content\/uploads\/2021\/12\/2021-12-06-14.42.06-768x576.jpg 768w, https:\/\/www.samskitchen.at\/wp-content\/uploads\/2021\/12\/2021-12-06-14.42.06-125x94.jpg 125w, https:\/\/www.samskitchen.at\/wp-content\/uploads\/2021\/12\/2021-12-06-14.42.06.jpg 1200w\" sizes=\"(max-width: 510px) 100vw, 510px\" \/><\/figure>\n\n\n\n<p>Krapfen kennt glaub ich zumindest in \u00d6sterreich jeder. Besonders im Winter sind diese in hei\u00dfem Fett heuausgebackenen Hefegeb\u00e4cke eine beliebte S\u00fc\u00dfspeise. <br>Seit einigen Jahren gibt es bei unserem B\u00e4cker <a href=\"https:\/\/www.wienerroither.com\">(Wienterroither)<\/a>eine Variante dieser beliebten Hefegeb\u00e4cks &#8211; ZIMTZ\u00d6PFE.<\/p>\n\n\n\n<p>Grundlage ist ein Krapfenteig.<br><br><\/p>\n\n\n\n<p><\/p>\n\n\n\n<p><strong>Rezept:<\/strong><\/p>\n\n\n\n<p>Rezept f\u00fcr ca. 17 St\u00fcck Zimtflesserln<\/p>\n\n\n\n<p>Dampfl:<br>62 g Milch<br>20 g Hefe<br>50 g Mehl Weizenmehl Type 700<\/p>\n\n\n\n<p>Hauptteig:<br>120 g Dotter 6 St\u00fcck<br>50 g Kristallzucker<br>5 g Salz<br>250 g Milch<br>100 g Butter<br>1 Briefchen Vanillezucker<br>Schale von einer 1\u20442 Zitrone (unbehandelt) <br>40 g Rum<br>500 g Weizenmehl Type 700<\/p>\n\n\n\n<p>Au\u00dferdem:<br>geschmolzene Butter zum Bestreichen<br>Zimt und Zucker gut vermischt zum Eintauchen<\/p>\n\n\n\n<p><br><\/p>\n\n\n\n<p>Zubereitung:<\/p>\n\n\n\n<p>Dampfl:<br>Die Milch auf ca. 30 \u00b0C erw\u00e4rmen. Die Hefe darin zerbr\u00f6seln und mit dem Mehl verr\u00fchren. Mit etwas Mehl bestauben. (Das Stauben des Vorteiges verhindert die Hautbildung an der Oberfl\u00e4che, beg\u00fcnstigt eine konstante Teigtemperatur und hilft bei der Erkennung der Vorteigf\u00fchrung.) Dann den Teig f\u00fcr ca. 30 Minuten an einem warmen Ort gehen lassen, bis sich das Volumen des Dampfls verdoppelt hat und an der Oberfl\u00e4che deutliche Risse zu sehen sind.<\/p>\n\n\n\n<p>Hauptteig:<br>F\u00fcr den Hauptteig Milch, Vanillezucker, Zitronenschale, Zucker, Salz, Dotter und Butter zun\u00e4chst in einem Kessel \u00fcber Wasserdampf mittels Schneebesen cremig schlagen. Danach in\u00a0eine R\u00fchrsch\u00fcssel \u00fcberf\u00fchren, 40 g Rum, 500g Weizenmehl und das Dampfl hinzuf\u00fcgen und alles in der R\u00fchrmaschine zu einem glatten Teig verkneten.<\/p>\n\n\n\n<p>Den Teig bei Raumtemperatur sch\u00f6n  aufgehen lassen (ca. 90 Minuten) und danach zusammenschlagen, damit die Luftblasen aus dem Teig gedr\u00fcckt werden. Den Teig auf einer bemehlten Arbeitsfl\u00e4che zu einer Kugel formen und zugedeckt ca. 20 \u2013 30 Minuten erneut gehen lassen.<\/p>\n\n\n\n<p>Der aufgegangene Germteig wird zu Teigst\u00fccken je 60 g ausgewogen und mit der Hand zu einer Kugeln geschliffen. Nach einer kurzen Ruhezeit von ca. 15 Minuten werden sie zu ca 50cm langen Str\u00e4ngen ausgerollt und zu Fl\u00e4sserln geflochten. Diese Fl\u00e4sserln zugedeckt sch\u00f6n aufgehen lassen.<br><\/p>\n\n\n\n<p>Herausbacken:<\/p>\n\n\n\n<p>Das Fett in einem Kochgeschirr mit Deckel auf 170 \u00b0C erw\u00e4rmen. Die Teiglinge mit der Oberseite nach unten locker in das hei\u00dfe Fett legen und zugedeckt ca. 3 Min. backen. Wenn die Flesserln an der Unterseite sch\u00f6n goldbraun sind, diese mit Hilfe eines Kochl\u00f6ffelstiels (durch leichtes anstupsen) wenden und weitere 2 Min. nicht zugedeckt fertig backen lassen. Die Flesserln mit einem Schaumsch\u00f6pfer aus dem Fettbad nehmen und auf einem Kuchengitter abtropfen lassen.<br>Danach werden Sie mit zerlassener Butter bestrichen und sofort in eine Zimt-Zuckermischung getaucht.<br>So &#8211; das wars!<\/p>\n\n\n\n<figure class=\"wp-block-image size-large\"><img decoding=\"async\" loading=\"lazy\" width=\"510\" height=\"383\" src=\"http:\/\/www.samskitchen.at\/wp-content\/uploads\/2021\/12\/2021-12-06-14.42.15-510x383.jpg\" alt=\"\" class=\"wp-image-4174\" srcset=\"https:\/\/www.samskitchen.at\/wp-content\/uploads\/2021\/12\/2021-12-06-14.42.15-510x383.jpg 510w, https:\/\/www.samskitchen.at\/wp-content\/uploads\/2021\/12\/2021-12-06-14.42.15-300x225.jpg 300w, https:\/\/www.samskitchen.at\/wp-content\/uploads\/2021\/12\/2021-12-06-14.42.15-768x576.jpg 768w, https:\/\/www.samskitchen.at\/wp-content\/uploads\/2021\/12\/2021-12-06-14.42.15-125x94.jpg 125w, https:\/\/www.samskitchen.at\/wp-content\/uploads\/2021\/12\/2021-12-06-14.42.15.jpg 1200w\" sizes=\"(max-width: 510px) 100vw, 510px\" \/><\/figure>\n\n\n\n<figure class=\"wp-block-image size-large\"><img decoding=\"async\" loading=\"lazy\" width=\"510\" height=\"383\" src=\"http:\/\/www.samskitchen.at\/wp-content\/uploads\/2021\/12\/2021-12-06-14.41.52-510x383.jpg\" alt=\"\" class=\"wp-image-4172\" srcset=\"https:\/\/www.samskitchen.at\/wp-content\/uploads\/2021\/12\/2021-12-06-14.41.52-510x383.jpg 510w, https:\/\/www.samskitchen.at\/wp-content\/uploads\/2021\/12\/2021-12-06-14.41.52-300x225.jpg 300w, https:\/\/www.samskitchen.at\/wp-content\/uploads\/2021\/12\/2021-12-06-14.41.52-768x576.jpg 768w, https:\/\/www.samskitchen.at\/wp-content\/uploads\/2021\/12\/2021-12-06-14.41.52-125x94.jpg 125w, https:\/\/www.samskitchen.at\/wp-content\/uploads\/2021\/12\/2021-12-06-14.41.52.jpg 1200w\" sizes=\"(max-width: 510px) 100vw, 510px\" \/><\/figure>\n\n\n\n<figure class=\"wp-block-image size-large\"><img decoding=\"async\" loading=\"lazy\" width=\"510\" height=\"383\" src=\"http:\/\/www.samskitchen.at\/wp-content\/uploads\/2021\/12\/2021-12-06-13.09.29-510x383.jpg\" alt=\"\" class=\"wp-image-4169\" srcset=\"https:\/\/www.samskitchen.at\/wp-content\/uploads\/2021\/12\/2021-12-06-13.09.29-510x383.jpg 510w, https:\/\/www.samskitchen.at\/wp-content\/uploads\/2021\/12\/2021-12-06-13.09.29-300x225.jpg 300w, https:\/\/www.samskitchen.at\/wp-content\/uploads\/2021\/12\/2021-12-06-13.09.29-768x576.jpg 768w, https:\/\/www.samskitchen.at\/wp-content\/uploads\/2021\/12\/2021-12-06-13.09.29-125x94.jpg 125w, https:\/\/www.samskitchen.at\/wp-content\/uploads\/2021\/12\/2021-12-06-13.09.29.jpg 1200w\" sizes=\"(max-width: 510px) 100vw, 510px\" \/><\/figure>\n\n\n\n<figure class=\"wp-block-image size-large\"><img decoding=\"async\" loading=\"lazy\" width=\"510\" height=\"383\" src=\"http:\/\/www.samskitchen.at\/wp-content\/uploads\/2021\/12\/2021-12-06-13.09.36-510x383.jpg\" alt=\"\" class=\"wp-image-4170\" srcset=\"https:\/\/www.samskitchen.at\/wp-content\/uploads\/2021\/12\/2021-12-06-13.09.36-510x383.jpg 510w, https:\/\/www.samskitchen.at\/wp-content\/uploads\/2021\/12\/2021-12-06-13.09.36-300x225.jpg 300w, https:\/\/www.samskitchen.at\/wp-content\/uploads\/2021\/12\/2021-12-06-13.09.36-768x576.jpg 768w, https:\/\/www.samskitchen.at\/wp-content\/uploads\/2021\/12\/2021-12-06-13.09.36-125x94.jpg 125w, https:\/\/www.samskitchen.at\/wp-content\/uploads\/2021\/12\/2021-12-06-13.09.36.jpg 1200w\" sizes=\"(max-width: 510px) 100vw, 510px\" \/><\/figure>\n\n\n\n<figure class=\"wp-block-image size-large\"><img decoding=\"async\" loading=\"lazy\" width=\"510\" height=\"383\" src=\"http:\/\/www.samskitchen.at\/wp-content\/uploads\/2021\/12\/2021-12-06-13.09.44-510x383.jpg\" alt=\"\" class=\"wp-image-4171\" srcset=\"https:\/\/www.samskitchen.at\/wp-content\/uploads\/2021\/12\/2021-12-06-13.09.44-510x383.jpg 510w, https:\/\/www.samskitchen.at\/wp-content\/uploads\/2021\/12\/2021-12-06-13.09.44-300x225.jpg 300w, https:\/\/www.samskitchen.at\/wp-content\/uploads\/2021\/12\/2021-12-06-13.09.44-768x576.jpg 768w, https:\/\/www.samskitchen.at\/wp-content\/uploads\/2021\/12\/2021-12-06-13.09.44-125x94.jpg 125w, https:\/\/www.samskitchen.at\/wp-content\/uploads\/2021\/12\/2021-12-06-13.09.44.jpg 1200w\" sizes=\"(max-width: 510px) 100vw, 510px\" \/><\/figure>\n\n\n\n<figure class=\"wp-block-image size-large\"><img decoding=\"async\" loading=\"lazy\" width=\"510\" height=\"383\" src=\"http:\/\/www.samskitchen.at\/wp-content\/uploads\/2021\/12\/2021-12-06-13.09.07-510x383.jpg\" alt=\"\" class=\"wp-image-4168\" srcset=\"https:\/\/www.samskitchen.at\/wp-content\/uploads\/2021\/12\/2021-12-06-13.09.07-510x383.jpg 510w, https:\/\/www.samskitchen.at\/wp-content\/uploads\/2021\/12\/2021-12-06-13.09.07-300x225.jpg 300w, https:\/\/www.samskitchen.at\/wp-content\/uploads\/2021\/12\/2021-12-06-13.09.07-768x576.jpg 768w, https:\/\/www.samskitchen.at\/wp-content\/uploads\/2021\/12\/2021-12-06-13.09.07-125x94.jpg 125w, https:\/\/www.samskitchen.at\/wp-content\/uploads\/2021\/12\/2021-12-06-13.09.07.jpg 1200w\" sizes=\"(max-width: 510px) 100vw, 510px\" \/><\/figure>\n\n\n\n<figure class=\"wp-block-image size-large\"><img decoding=\"async\" loading=\"lazy\" width=\"510\" height=\"383\" src=\"http:\/\/www.samskitchen.at\/wp-content\/uploads\/2021\/12\/2021-12-06-13.09.07-510x383.jpg\" alt=\"\" class=\"wp-image-4168\" srcset=\"https:\/\/www.samskitchen.at\/wp-content\/uploads\/2021\/12\/2021-12-06-13.09.07-510x383.jpg 510w, https:\/\/www.samskitchen.at\/wp-content\/uploads\/2021\/12\/2021-12-06-13.09.07-300x225.jpg 300w, https:\/\/www.samskitchen.at\/wp-content\/uploads\/2021\/12\/2021-12-06-13.09.07-768x576.jpg 768w, https:\/\/www.samskitchen.at\/wp-content\/uploads\/2021\/12\/2021-12-06-13.09.07-125x94.jpg 125w, https:\/\/www.samskitchen.at\/wp-content\/uploads\/2021\/12\/2021-12-06-13.09.07.jpg 1200w\" sizes=\"(max-width: 510px) 100vw, 510px\" \/><\/figure>\n","protected":false},"excerpt":{"rendered":"<p>Krapfen kennt glaub ich zumindest in \u00d6sterreich jeder. Besonders im Winter sind diese in hei\u00dfem Fett heuausgebackenen Hefegeb\u00e4cke eine beliebte S\u00fc\u00dfspeise. Seit einigen Jahren gibt es bei unserem B\u00e4cker (Wienterroither)eine Variante dieser beliebten Hefegeb\u00e4cks &#8211; ZIMTZ\u00d6PFE. Grundlage ist ein Krapfenteig. Rezept: Rezept f\u00fcr ca. 17 St\u00fcck Zimtflesserln Dampfl:62 g Milch20 g Hefe50 g Mehl Weizenmehl Type 700 Hauptteig:120 g Dotter &hellip;<\/p>\n","protected":false},"author":1,"featured_media":4173,"comment_status":"open","ping_status":"open","sticky":false,"template":"","format":"standard","meta":{"_mi_skip_tracking":false,"_exactmetrics_sitenote_active":false,"_exactmetrics_sitenote_note":"","_exactmetrics_sitenote_category":0,"ngg_post_thumbnail":0,"jetpack_post_was_ever_published":false,"_jetpack_newsletter_access":"","footnotes":"","jetpack_publicize_message":"","jetpack_is_tweetstorm":false,"jetpack_publicize_feature_enabled":true,"jetpack_social_post_already_shared":true,"jetpack_social_options":{"image_generator_settings":{"template":"highway","enabled":false}}},"categories":[2],"tags":[387,111,80],"jetpack_publicize_connections":[],"jetpack_featured_media_url":"https:\/\/www.samskitchen.at\/wp-content\/uploads\/2021\/12\/2021-12-06-14.42.06.jpg","jetpack_sharing_enabled":true,"jetpack_shortlink":"https:\/\/wp.me\/p41IW0-15a","_links":{"self":[{"href":"https:\/\/www.samskitchen.at\/index.php?rest_route=\/wp\/v2\/posts\/4164"}],"collection":[{"href":"https:\/\/www.samskitchen.at\/index.php?rest_route=\/wp\/v2\/posts"}],"about":[{"href":"https:\/\/www.samskitchen.at\/index.php?rest_route=\/wp\/v2\/types\/post"}],"author":[{"embeddable":true,"href":"https:\/\/www.samskitchen.at\/index.php?rest_route=\/wp\/v2\/users\/1"}],"replies":[{"embeddable":true,"href":"https:\/\/www.samskitchen.at\/index.php?rest_route=%2Fwp%2Fv2%2Fcomments&post=4164"}],"version-history":[{"count":3,"href":"https:\/\/www.samskitchen.at\/index.php?rest_route=\/wp\/v2\/posts\/4164\/revisions"}],"predecessor-version":[{"id":4176,"href":"https:\/\/www.samskitchen.at\/index.php?rest_route=\/wp\/v2\/posts\/4164\/revisions\/4176"}],"wp:featuredmedia":[{"embeddable":true,"href":"https:\/\/www.samskitchen.at\/index.php?rest_route=\/wp\/v2\/media\/4173"}],"wp:attachment":[{"href":"https:\/\/www.samskitchen.at\/index.php?rest_route=%2Fwp%2Fv2%2Fmedia&parent=4164"}],"wp:term":[{"taxonomy":"category","embeddable":true,"href":"https:\/\/www.samskitchen.at\/index.php?rest_route=%2Fwp%2Fv2%2Fcategories&post=4164"},{"taxonomy":"post_tag","embeddable":true,"href":"https:\/\/www.samskitchen.at\/index.php?rest_route=%2Fwp%2Fv2%2Ftags&post=4164"}],"curies":[{"name":"wp","href":"https:\/\/api.w.org\/{rel}","templated":true}]}}