{"id":413,"date":"2013-11-12T14:03:56","date_gmt":"2013-11-12T13:03:56","guid":{"rendered":"http:\/\/www.samskitchen.at\/?p=413"},"modified":"2013-11-12T15:31:29","modified_gmt":"2013-11-12T14:31:29","slug":"glutenfreies-gebaeck","status":"publish","type":"post","link":"https:\/\/www.samskitchen.at\/?p=413","title":{"rendered":"Glutenfreies Geb\u00e4ck"},"content":{"rendered":"<p><a href=\"http:\/\/www.samskitchen.at\/wp-content\/uploads\/2013\/11\/2013-11-12-07.58.361.jpg\"><img decoding=\"async\" loading=\"lazy\" class=\"alignnone size-medium wp-image-418\" alt=\"2013-11-12 07.58.36\" src=\"http:\/\/www.samskitchen.at\/wp-content\/uploads\/2013\/11\/2013-11-12-07.58.361-300x130.jpg\" width=\"300\" height=\"130\" srcset=\"https:\/\/www.samskitchen.at\/wp-content\/uploads\/2013\/11\/2013-11-12-07.58.361-300x130.jpg 300w, https:\/\/www.samskitchen.at\/wp-content\/uploads\/2013\/11\/2013-11-12-07.58.361-510x221.jpg 510w, https:\/\/www.samskitchen.at\/wp-content\/uploads\/2013\/11\/2013-11-12-07.58.361-530x230.jpg 530w\" sizes=\"(max-width: 300px) 100vw, 300px\" \/><\/a><\/p>\n<p>Auf besonderen Wunsch, hab ich versucht glutenfreies Geb\u00e4ck herzustellen. Es ist gar nichts einfach, anspruchsvolle Anleitungen zu finden. Also hab ich mich ein Wenig eingelesen.<\/p>\n<p><b>Kleber<\/b>\u00a0oder\u00a0<b>Klebereiwei\u00df<\/b>, ist ein Sammelbegriff f\u00fcr ein Stoffgemisch\u00a0aus Proteinen, das im Samen einiger Arten von Getreide\u00a0vorkommt.<br \/>\nDer Kleber hat f\u00fcr die Backeigenschaften eines Mehls eine zentrale Bedeutung. Bestandteile des Glutens k\u00f6nnen jedoch bei Menschen mit entsprechender Veranlagung zu\u00a0Glutensensitivit\u00e4t\u00a0beziehungsweise\u00a0Z\u00f6liakie\u00a0f\u00fchren, einer entz\u00fcndlichen Erkrankung der\u00a0Darmschleimhaut\u00a0mit weitreichenden gesundheitlichen Folgen.<\/p>\n<p>Also hab ich ein wenig herumexperimentiert und nachfolgendes Rezept gebacken.<\/p>\n<div title=\"Page 1\">\n<h2><strong>Rezept:<\/strong><\/h2>\n<p><strong>Br\u00fchst\u00fccke:<\/strong><\/p>\n<p>10 g gemahlene Flohsamenschalen werden mit<br \/>\n80 g kochendem Wasser vermengt und abgek\u00fchlt.<\/p>\n<p>20 g glutenfreies Mehl werden mit<br \/>\n40 g kochendem Wasser vermengt, abgek\u00fchlt und im K\u00fchlschrank einige Stunden aufbewahrt.<\/p>\n<p><strong>Hauptteig:<\/strong><\/p>\n<p>Alle Br\u00fchst\u00fccke<br \/>\n500 g helles glutenfreies Mehl<br \/>\n20g Hefe<br \/>\n15 g Salz<br \/>\n<span style=\"line-height: 1.8em;\">10g Zucker<br \/>\n<\/span><span style=\"line-height: 1.8em;\">1 EL \u00d6l<br \/>\n420 ml lauwarmes Wasser (oder soviel bis ein leichter\u00a0<\/span>geschmeidiger<span style=\"line-height: 1.8em;\">\u00a0Teig\u00a0<\/span>entsteht)<\/p>\n<p>Solange kneten bis ein geschmeidiger, nicht zu fester Hefeteig entsteht, der sich gut formen l\u00e4sst. In einer einge\u00f6lten Sch\u00fcssel ca. 50-60 Minuten an einem warmen Platz zugedeckt gehen lassen. Der Teig sollte sich mindestens verdoppelt haben.<\/p>\n<p>Den Teig in 80g Portionen teilen und rund wirken. Die Teiglinge ca. 20 Minuten zugedeckt rasten lassen.<\/p>\n<p>Nach ca. 20 Minuten die Teigige wie gew\u00fcnscht formen und auf Backpapier ca. 30 Minuten gehen lassen. \u00a0Die l\u00e4nglichen Br\u00f6tchen hab ich nach dem Bestreuen mit einer Rasierklinge ca. 1 cm tief eingeschnitten.<\/p>\n<p>Ofen auch 250 Grad vorheizen. Die Br\u00f6tchen im Backofen bei \u00a0220 Grad 20 Minuten backen. Am Anfang mit viel Schwaden backen. Nach 10 Minuten die Ofent\u00fcre weit \u00f6ffnen um den Schwaden abzulassen. Wenn die Br\u00f6tchen sch\u00f6n braun sind, auf einem Gitterrost abk\u00fchlen lassen und geniessen.<\/p>\n<p><a href=\"http:\/\/www.samskitchen.at\/wp-content\/uploads\/2013\/11\/2013-11-12-07.59.08.jpg\"><img decoding=\"async\" loading=\"lazy\" class=\"alignnone size-medium wp-image-417\" alt=\"2013-11-12 07.59.08\" src=\"http:\/\/www.samskitchen.at\/wp-content\/uploads\/2013\/11\/2013-11-12-07.59.08-300x224.jpg\" width=\"300\" height=\"224\" srcset=\"https:\/\/www.samskitchen.at\/wp-content\/uploads\/2013\/11\/2013-11-12-07.59.08-300x224.jpg 300w, https:\/\/www.samskitchen.at\/wp-content\/uploads\/2013\/11\/2013-11-12-07.59.08-510x382.jpg 510w, https:\/\/www.samskitchen.at\/wp-content\/uploads\/2013\/11\/2013-11-12-07.59.08-530x397.jpg 530w\" sizes=\"(max-width: 300px) 100vw, 300px\" \/><\/a><\/p>\n<p>&nbsp;<\/p>\n<\/div>\n","protected":false},"excerpt":{"rendered":"<p>Auf besonderen Wunsch, hab ich versucht glutenfreies Geb\u00e4ck herzustellen. Es ist gar nichts einfach, anspruchsvolle Anleitungen zu finden. Also hab ich mich ein Wenig eingelesen. Kleber\u00a0oder\u00a0Klebereiwei\u00df, ist ein Sammelbegriff f\u00fcr ein Stoffgemisch\u00a0aus Proteinen, das im Samen einiger Arten von Getreide\u00a0vorkommt. Der Kleber hat f\u00fcr die Backeigenschaften eines Mehls eine zentrale Bedeutung. Bestandteile des Glutens k\u00f6nnen jedoch bei Menschen mit entsprechender &hellip;<\/p>\n","protected":false},"author":1,"featured_media":416,"comment_status":"open","ping_status":"open","sticky":false,"template":"","format":"standard","meta":{"_mi_skip_tracking":false,"_exactmetrics_sitenote_active":false,"_exactmetrics_sitenote_note":"","_exactmetrics_sitenote_category":0,"ngg_post_thumbnail":0,"jetpack_post_was_ever_published":false,"_jetpack_newsletter_access":"","footnotes":"","jetpack_publicize_message":"","jetpack_is_tweetstorm":false,"jetpack_publicize_feature_enabled":true,"jetpack_social_post_already_shared":true,"jetpack_social_options":{"image_generator_settings":{"template":"highway","enabled":false}}},"categories":[2],"tags":[71,69,68,70],"jetpack_publicize_connections":[],"jetpack_featured_media_url":"https:\/\/www.samskitchen.at\/wp-content\/uploads\/2013\/11\/2013-11-12-07.58.36.jpg","jetpack_sharing_enabled":true,"jetpack_shortlink":"https:\/\/wp.me\/p41IW0-6F","_links":{"self":[{"href":"https:\/\/www.samskitchen.at\/index.php?rest_route=\/wp\/v2\/posts\/413"}],"collection":[{"href":"https:\/\/www.samskitchen.at\/index.php?rest_route=\/wp\/v2\/posts"}],"about":[{"href":"https:\/\/www.samskitchen.at\/index.php?rest_route=\/wp\/v2\/types\/post"}],"author":[{"embeddable":true,"href":"https:\/\/www.samskitchen.at\/index.php?rest_route=\/wp\/v2\/users\/1"}],"replies":[{"embeddable":true,"href":"https:\/\/www.samskitchen.at\/index.php?rest_route=%2Fwp%2Fv2%2Fcomments&post=413"}],"version-history":[{"count":8,"href":"https:\/\/www.samskitchen.at\/index.php?rest_route=\/wp\/v2\/posts\/413\/revisions"}],"predecessor-version":[{"id":428,"href":"https:\/\/www.samskitchen.at\/index.php?rest_route=\/wp\/v2\/posts\/413\/revisions\/428"}],"wp:featuredmedia":[{"embeddable":true,"href":"https:\/\/www.samskitchen.at\/index.php?rest_route=\/wp\/v2\/media\/416"}],"wp:attachment":[{"href":"https:\/\/www.samskitchen.at\/index.php?rest_route=%2Fwp%2Fv2%2Fmedia&parent=413"}],"wp:term":[{"taxonomy":"category","embeddable":true,"href":"https:\/\/www.samskitchen.at\/index.php?rest_route=%2Fwp%2Fv2%2Fcategories&post=413"},{"taxonomy":"post_tag","embeddable":true,"href":"https:\/\/www.samskitchen.at\/index.php?rest_route=%2Fwp%2Fv2%2Ftags&post=413"}],"curies":[{"name":"wp","href":"https:\/\/api.w.org\/{rel}","templated":true}]}}