{"id":4094,"date":"2021-04-06T10:01:51","date_gmt":"2021-04-06T08:01:51","guid":{"rendered":"http:\/\/www.samskitchen.at\/?p=4094"},"modified":"2021-04-07T19:08:50","modified_gmt":"2021-04-07T17:08:50","slug":"waldviertler-mohnzelten","status":"publish","type":"post","link":"https:\/\/www.samskitchen.at\/?p=4094","title":{"rendered":"Waldviertler Mohnzelten"},"content":{"rendered":"\n<figure class=\"wp-block-image size-large\"><img decoding=\"async\" loading=\"lazy\" width=\"510\" height=\"383\" src=\"http:\/\/www.samskitchen.at\/wp-content\/uploads\/2021\/04\/2021-03-29-13.07.09-1-510x383.jpg\" alt=\"\" class=\"wp-image-4106\" srcset=\"https:\/\/www.samskitchen.at\/wp-content\/uploads\/2021\/04\/2021-03-29-13.07.09-1-510x383.jpg 510w, https:\/\/www.samskitchen.at\/wp-content\/uploads\/2021\/04\/2021-03-29-13.07.09-1-300x225.jpg 300w, https:\/\/www.samskitchen.at\/wp-content\/uploads\/2021\/04\/2021-03-29-13.07.09-1-768x576.jpg 768w, https:\/\/www.samskitchen.at\/wp-content\/uploads\/2021\/04\/2021-03-29-13.07.09-1-125x94.jpg 125w, https:\/\/www.samskitchen.at\/wp-content\/uploads\/2021\/04\/2021-03-29-13.07.09-1.jpg 1200w\" sizes=\"(max-width: 510px) 100vw, 510px\" \/><\/figure>\n\n\n\n<p>Das Waldviertel erstreckt sich im Nordwesten des Bundeslandes Nieder\u00f6sterreich zwischen der Donau und der Grenze zu Tschechien. Sein Name r\u00fchrt von dem fr\u00fcheren Waldreichtum des Gebietes her. Jahrhundertlang war die Region unauff\u00e4llig und arm, gemessen an M\u00e4hren und wohl auch an der Wachau. <\/p>\n\n\n\n<p>Zahlreiche B\u00e4che, Fl\u00fcsse und Teiche pr\u00e4gen den Norden Nieder\u00f6sterreichs. Durch schier endlos scheinende W\u00e4lder gehen zahlreiche Wanderwege. Der Geschmack des Viertels zwischen Donau und Tschechien spiegelt sich in der unpr\u00e4tenti\u00f6sen, k\u00f6stlichen Waldviertler K\u00fcche wider: Mohn, Karpfen und Erdapfel sind die kulinarischen Botschafter der Region.<\/p>\n\n\n\n<p>Das Waldviertel hat sich bis in die Gegenwart hinein eine wunderbare Urspr\u00fcnglichkeit bewahrt: Die Natur erscheint hier unber\u00fchrter, die Landschaft stiller, kr\u00e4ftiger. Im Nationalpark Thayatal, in der Blockheide oder im Heidenreichsteiner Moor begegnet man ber\u00fcckend sch\u00f6nen Naturszenerien. Eine intakte Umwelt und das leichte Reizklima mit warmen Tagen und k\u00fchlen N\u00e4chten sind besonders f\u00fcr Luftkuren gut geeignet und unterst\u00fctzen nat\u00fcrlich auch Heilung und Gesundung von K\u00f6rper, Geist und Seele. &nbsp;&nbsp;<\/p>\n\n\n\n<p>Eine ganz besondere Spezialit\u00e4t des Waldviertels ist der Waldviertler GRAUMOHN g.U. Der Mohn verdankt seine Qualit\u00e4t den geografischen Verh\u00e4ltnissen (weite H\u00fcgellandschaft, raues Klima, ausgepr\u00e4gter Taufall) einschlie\u00dflich der nat\u00fcrlichen und menschlichen Einfl\u00fcsse dieser Region (viele Jahrhunderte Mohnanbautradition, klein strukturierte Betriebe).<br>Produziert nach der Spezifikation f\u00fcr die Eintragung als Gesch\u00fctzte Ursprungsbezeichnung (g.U.) gem\u00e4\u00df&nbsp;EU&nbsp;Verordnung 1065\/97 Amtsblatt L 156\/6\/97.  Quelle: <a href=\"https:\/\/www.bmlrt.gv.at\/land\/lebensmittel\/trad-lebensmittel\/spezialkulturen\/waldviertl_graumohn.html\" data-type=\"URL\" data-id=\"https:\/\/www.bmlrt.gv.at\/land\/lebensmittel\/trad-lebensmittel\/spezialkulturen\/waldviertl_graumohn.html\">Bundesministerium Landwirtschaft u. Tourismus<\/a><\/p>\n\n\n\n<p>Eine ganz besondere Spezialit\u00e4t sind die Waldviertler Mohnzelten, eine f\u00fcr diese Region typische S\u00fc\u00dfspeise. S\u00fc\u00df und kalorienreich.  <br>Im Original wird&nbsp;f\u00fcr die F\u00fcllung Waldviertler&nbsp;Graumohn verwendet.&nbsp;Wie f\u00fcr alle klassischen S\u00fc\u00dfspeisen \u2013 z.B.: Mohnstrudel, Mohntorte, Mohnnudeln, Mohnzelten \u2013 muss der Mohn gequetscht sein. Gequetschter Mohn wird nach dem quetschen schnell ranzig und sollte&nbsp;am besten im K\u00fchlschrank aufbewahrt werden. Man kann den Mohn nat\u00fcrlich auch tiefk\u00fchlen. <\/p>\n\n\n\n<p><strong>Rezept f\u00fcr ca 14 Stk. Waldviertler Mohnzelten<\/strong><br><br><strong>Kartoffelteig:<\/strong><\/p>\n\n\n\n<p>300g Weizenmehl W700 <br>165g gekochte und gepresste Kartoffeln (mehlig)<br>135g Butter<br>1 Ei<br>25g Sauerrahm<br>10g Hefe<br>5g Salz<br><br>Alle Zutaten zu einem glatten Teig auskneten. Zuerst ca. 5 Minuten langsam und dann noch einige Minuten schnell.<br>Nach dem Kneten lassen wir den Teig zugedeckt ca. 30 Minuten rasten. Anschliessend werden Teiglinge zu je 50g ausgewogen und Rund geschliffen. Diese rasten dann wieder f\u00fcr ca 15 Minuten.<br>Die Teiglinge werden dann zu ca. 14 cm runden Teigflecken d\u00fcnn ausgerollt und die Mohnf\u00fclle gleichm\u00e4\u00dfig auf die Teigflecken verteilt. <br>Anschliessend die F\u00fcllung in  den Teig einschlagen und mit dem Schluss nach unten auf Backpapier absetzen und ca. 20 Minuten gehen lassen. Nach erfolgter Gare mit einer Gabel gleichm\u00e4\u00dfig einstechen und in das auf 200 Grad vorgeheizte Backrohr geben.<\/p>\n\n\n\n<p>Backzeit 10 Minuten bei 200\u00b0C \u2013 nach dieser Backzeit m\u00fcssen\/sollten die Mohnzelten auf der Unterseite Goldbraun gebacken sein. Sobald diese auf der Unterseite Goldbraun gebacken sind werden die Teiglinge mit einer Backschaufel gewendet und weiter 7-8 Minuten gebacken.<\/p>\n\n\n\n<p>Fertig sind die Mohnzelten wenn diese sch\u00f6n gleichm\u00e4\u00dfig (oben und unten) Goldbraun gebacken sind.<\/p>\n\n\n\n<p>Nach dem Ausk\u00fchlen k\u00f6nnen die Mohnzelten einzeln in Frischhaltefolie einschlagen werden \u2013 so halten sie Tage \/ Wochen lang frisch!<\/p>\n\n\n\n<p><strong>Mohnf\u00fcllung:<\/strong><br>300g Graumohn gequetscht (kann auch anderer gequetschter Mohn sein)<br>500g Milch<br>150g Zucker<br>100g Butter<br>100g Kuchenbr\u00f6sel oder auch Semmelbr\u00f6sel<br>2 Stk.  Vollei<br>2 g Zimt<br>einen Schuss Rum<\/p>\n\n\n\n<p><br>Milch und Butter aufkochen. Anschlie\u00dfend\u00a0Zucker, Mohn, Kuchenbr\u00f6sel und Zimt einr\u00fchren. Das Vollei wird erst zugegeben, wenn die Masse abgek\u00fchlt ist.<\/p>\n\n\n\n<figure class=\"wp-block-gallery columns-2 is-cropped wp-block-gallery-1 is-layout-flex wp-block-gallery-is-layout-flex\"><ul class=\"blocks-gallery-grid\"><li class=\"blocks-gallery-item\"><figure><img decoding=\"async\" loading=\"lazy\" width=\"510\" height=\"383\" src=\"http:\/\/www.samskitchen.at\/wp-content\/uploads\/2021\/04\/2021-03-26-13.56.08-510x383.jpg\" alt=\"\" data-id=\"4097\" data-full-url=\"http:\/\/www.samskitchen.at\/wp-content\/uploads\/2021\/04\/2021-03-26-13.56.08.jpg\" data-link=\"http:\/\/www.samskitchen.at\/?attachment_id=4097\" class=\"wp-image-4097\" srcset=\"https:\/\/www.samskitchen.at\/wp-content\/uploads\/2021\/04\/2021-03-26-13.56.08-510x383.jpg 510w, https:\/\/www.samskitchen.at\/wp-content\/uploads\/2021\/04\/2021-03-26-13.56.08-300x225.jpg 300w, https:\/\/www.samskitchen.at\/wp-content\/uploads\/2021\/04\/2021-03-26-13.56.08-768x576.jpg 768w, https:\/\/www.samskitchen.at\/wp-content\/uploads\/2021\/04\/2021-03-26-13.56.08-125x94.jpg 125w, https:\/\/www.samskitchen.at\/wp-content\/uploads\/2021\/04\/2021-03-26-13.56.08.jpg 1200w\" sizes=\"(max-width: 510px) 100vw, 510px\" \/><\/figure><\/li><li class=\"blocks-gallery-item\"><figure><img decoding=\"async\" loading=\"lazy\" width=\"510\" height=\"383\" src=\"http:\/\/www.samskitchen.at\/wp-content\/uploads\/2021\/04\/2021-03-26-15.06.30-510x383.jpg\" alt=\"\" data-id=\"4098\" data-full-url=\"http:\/\/www.samskitchen.at\/wp-content\/uploads\/2021\/04\/2021-03-26-15.06.30.jpg\" data-link=\"http:\/\/www.samskitchen.at\/?attachment_id=4098\" class=\"wp-image-4098\" srcset=\"https:\/\/www.samskitchen.at\/wp-content\/uploads\/2021\/04\/2021-03-26-15.06.30-510x383.jpg 510w, https:\/\/www.samskitchen.at\/wp-content\/uploads\/2021\/04\/2021-03-26-15.06.30-300x225.jpg 300w, https:\/\/www.samskitchen.at\/wp-content\/uploads\/2021\/04\/2021-03-26-15.06.30-768x576.jpg 768w, https:\/\/www.samskitchen.at\/wp-content\/uploads\/2021\/04\/2021-03-26-15.06.30-125x94.jpg 125w, https:\/\/www.samskitchen.at\/wp-content\/uploads\/2021\/04\/2021-03-26-15.06.30.jpg 1200w\" sizes=\"(max-width: 510px) 100vw, 510px\" \/><\/figure><\/li><li class=\"blocks-gallery-item\"><figure><img decoding=\"async\" loading=\"lazy\" width=\"510\" height=\"383\" src=\"http:\/\/www.samskitchen.at\/wp-content\/uploads\/2021\/04\/2021-03-26-15.06.32-510x383.jpg\" alt=\"\" data-id=\"4099\" data-full-url=\"http:\/\/www.samskitchen.at\/wp-content\/uploads\/2021\/04\/2021-03-26-15.06.32.jpg\" data-link=\"http:\/\/www.samskitchen.at\/?attachment_id=4099\" class=\"wp-image-4099\" srcset=\"https:\/\/www.samskitchen.at\/wp-content\/uploads\/2021\/04\/2021-03-26-15.06.32-510x383.jpg 510w, https:\/\/www.samskitchen.at\/wp-content\/uploads\/2021\/04\/2021-03-26-15.06.32-300x225.jpg 300w, https:\/\/www.samskitchen.at\/wp-content\/uploads\/2021\/04\/2021-03-26-15.06.32-768x576.jpg 768w, https:\/\/www.samskitchen.at\/wp-content\/uploads\/2021\/04\/2021-03-26-15.06.32-125x94.jpg 125w, https:\/\/www.samskitchen.at\/wp-content\/uploads\/2021\/04\/2021-03-26-15.06.32.jpg 1200w\" sizes=\"(max-width: 510px) 100vw, 510px\" \/><\/figure><\/li><li class=\"blocks-gallery-item\"><figure><img decoding=\"async\" loading=\"lazy\" width=\"510\" height=\"383\" src=\"http:\/\/www.samskitchen.at\/wp-content\/uploads\/2021\/04\/2021-03-26-15.06.34-510x383.jpg\" alt=\"\" data-id=\"4100\" data-full-url=\"http:\/\/www.samskitchen.at\/wp-content\/uploads\/2021\/04\/2021-03-26-15.06.34.jpg\" data-link=\"http:\/\/www.samskitchen.at\/?attachment_id=4100\" class=\"wp-image-4100\" srcset=\"https:\/\/www.samskitchen.at\/wp-content\/uploads\/2021\/04\/2021-03-26-15.06.34-510x383.jpg 510w, https:\/\/www.samskitchen.at\/wp-content\/uploads\/2021\/04\/2021-03-26-15.06.34-300x225.jpg 300w, https:\/\/www.samskitchen.at\/wp-content\/uploads\/2021\/04\/2021-03-26-15.06.34-768x576.jpg 768w, https:\/\/www.samskitchen.at\/wp-content\/uploads\/2021\/04\/2021-03-26-15.06.34-125x94.jpg 125w, https:\/\/www.samskitchen.at\/wp-content\/uploads\/2021\/04\/2021-03-26-15.06.34.jpg 1200w\" sizes=\"(max-width: 510px) 100vw, 510px\" \/><\/figure><\/li><li class=\"blocks-gallery-item\"><figure><img decoding=\"async\" loading=\"lazy\" width=\"510\" height=\"680\" src=\"http:\/\/www.samskitchen.at\/wp-content\/uploads\/2021\/04\/2021-03-29-12.45.06-510x680.jpg\" alt=\"\" data-id=\"4101\" data-full-url=\"http:\/\/www.samskitchen.at\/wp-content\/uploads\/2021\/04\/2021-03-29-12.45.06.jpg\" data-link=\"http:\/\/www.samskitchen.at\/?attachment_id=4101\" class=\"wp-image-4101\" srcset=\"https:\/\/www.samskitchen.at\/wp-content\/uploads\/2021\/04\/2021-03-29-12.45.06-510x680.jpg 510w, https:\/\/www.samskitchen.at\/wp-content\/uploads\/2021\/04\/2021-03-29-12.45.06-225x300.jpg 225w, https:\/\/www.samskitchen.at\/wp-content\/uploads\/2021\/04\/2021-03-29-12.45.06-768x1024.jpg 768w, https:\/\/www.samskitchen.at\/wp-content\/uploads\/2021\/04\/2021-03-29-12.45.06-1152x1536.jpg 1152w, https:\/\/www.samskitchen.at\/wp-content\/uploads\/2021\/04\/2021-03-29-12.45.06-75x100.jpg 75w, https:\/\/www.samskitchen.at\/wp-content\/uploads\/2021\/04\/2021-03-29-12.45.06.jpg 1200w\" sizes=\"(max-width: 510px) 100vw, 510px\" \/><\/figure><\/li><li class=\"blocks-gallery-item\"><figure><img decoding=\"async\" loading=\"lazy\" width=\"510\" height=\"680\" src=\"http:\/\/www.samskitchen.at\/wp-content\/uploads\/2021\/04\/2021-03-29-12.45.09-510x680.jpg\" alt=\"\" data-id=\"4102\" data-full-url=\"http:\/\/www.samskitchen.at\/wp-content\/uploads\/2021\/04\/2021-03-29-12.45.09.jpg\" data-link=\"http:\/\/www.samskitchen.at\/?attachment_id=4102\" class=\"wp-image-4102\" srcset=\"https:\/\/www.samskitchen.at\/wp-content\/uploads\/2021\/04\/2021-03-29-12.45.09-510x680.jpg 510w, https:\/\/www.samskitchen.at\/wp-content\/uploads\/2021\/04\/2021-03-29-12.45.09-225x300.jpg 225w, https:\/\/www.samskitchen.at\/wp-content\/uploads\/2021\/04\/2021-03-29-12.45.09-768x1024.jpg 768w, https:\/\/www.samskitchen.at\/wp-content\/uploads\/2021\/04\/2021-03-29-12.45.09-1152x1536.jpg 1152w, https:\/\/www.samskitchen.at\/wp-content\/uploads\/2021\/04\/2021-03-29-12.45.09-75x100.jpg 75w, https:\/\/www.samskitchen.at\/wp-content\/uploads\/2021\/04\/2021-03-29-12.45.09.jpg 1200w\" sizes=\"(max-width: 510px) 100vw, 510px\" \/><\/figure><\/li><li class=\"blocks-gallery-item\"><figure><img decoding=\"async\" loading=\"lazy\" width=\"510\" height=\"259\" src=\"http:\/\/www.samskitchen.at\/wp-content\/uploads\/2021\/04\/2021-03-29-12.59.25-510x259.jpg\" alt=\"\" data-id=\"4103\" data-full-url=\"http:\/\/www.samskitchen.at\/wp-content\/uploads\/2021\/04\/2021-03-29-12.59.25.jpg\" data-link=\"http:\/\/www.samskitchen.at\/?attachment_id=4103\" class=\"wp-image-4103\" srcset=\"https:\/\/www.samskitchen.at\/wp-content\/uploads\/2021\/04\/2021-03-29-12.59.25-510x259.jpg 510w, https:\/\/www.samskitchen.at\/wp-content\/uploads\/2021\/04\/2021-03-29-12.59.25-300x152.jpg 300w, https:\/\/www.samskitchen.at\/wp-content\/uploads\/2021\/04\/2021-03-29-12.59.25-768x389.jpg 768w, https:\/\/www.samskitchen.at\/wp-content\/uploads\/2021\/04\/2021-03-29-12.59.25-125x63.jpg 125w, https:\/\/www.samskitchen.at\/wp-content\/uploads\/2021\/04\/2021-03-29-12.59.25.jpg 1189w\" sizes=\"(max-width: 510px) 100vw, 510px\" \/><\/figure><\/li><li class=\"blocks-gallery-item\"><figure><img decoding=\"async\" loading=\"lazy\" width=\"510\" height=\"383\" src=\"http:\/\/www.samskitchen.at\/wp-content\/uploads\/2021\/04\/2021-03-29-13.07.09-510x383.jpg\" alt=\"\" data-id=\"4104\" data-full-url=\"http:\/\/www.samskitchen.at\/wp-content\/uploads\/2021\/04\/2021-03-29-13.07.09.jpg\" data-link=\"http:\/\/www.samskitchen.at\/?attachment_id=4104\" class=\"wp-image-4104\" srcset=\"https:\/\/www.samskitchen.at\/wp-content\/uploads\/2021\/04\/2021-03-29-13.07.09-510x383.jpg 510w, https:\/\/www.samskitchen.at\/wp-content\/uploads\/2021\/04\/2021-03-29-13.07.09-300x225.jpg 300w, https:\/\/www.samskitchen.at\/wp-content\/uploads\/2021\/04\/2021-03-29-13.07.09-768x576.jpg 768w, https:\/\/www.samskitchen.at\/wp-content\/uploads\/2021\/04\/2021-03-29-13.07.09-125x94.jpg 125w, https:\/\/www.samskitchen.at\/wp-content\/uploads\/2021\/04\/2021-03-29-13.07.09.jpg 1200w\" sizes=\"(max-width: 510px) 100vw, 510px\" \/><\/figure><\/li><li class=\"blocks-gallery-item\"><figure><img decoding=\"async\" loading=\"lazy\" width=\"510\" height=\"383\" src=\"http:\/\/www.samskitchen.at\/wp-content\/uploads\/2021\/04\/2021-03-29-13.07.12-510x383.jpg\" alt=\"\" data-id=\"4105\" data-full-url=\"http:\/\/www.samskitchen.at\/wp-content\/uploads\/2021\/04\/2021-03-29-13.07.12.jpg\" data-link=\"http:\/\/www.samskitchen.at\/?attachment_id=4105\" class=\"wp-image-4105\" srcset=\"https:\/\/www.samskitchen.at\/wp-content\/uploads\/2021\/04\/2021-03-29-13.07.12-510x383.jpg 510w, https:\/\/www.samskitchen.at\/wp-content\/uploads\/2021\/04\/2021-03-29-13.07.12-300x225.jpg 300w, https:\/\/www.samskitchen.at\/wp-content\/uploads\/2021\/04\/2021-03-29-13.07.12-768x576.jpg 768w, https:\/\/www.samskitchen.at\/wp-content\/uploads\/2021\/04\/2021-03-29-13.07.12-125x94.jpg 125w, https:\/\/www.samskitchen.at\/wp-content\/uploads\/2021\/04\/2021-03-29-13.07.12.jpg 1200w\" sizes=\"(max-width: 510px) 100vw, 510px\" \/><\/figure><\/li><\/ul><\/figure>\n\n\n\n<p><br>Quelle: www.homebaking.at<\/p>\n\n\n\n<p><\/p>\n\n\n\n<p><a href=\"https:\/\/www.bmlrt.gv.at\/land\/lebensmittel\/trad-lebensmittel\/spezialkulturen\/waldviertl_graumohn.html\"><br><br><\/a><\/p>\n","protected":false},"excerpt":{"rendered":"<p>Das Waldviertel erstreckt sich im Nordwesten des Bundeslandes Nieder\u00f6sterreich zwischen der Donau und der Grenze zu Tschechien. Sein Name r\u00fchrt von dem fr\u00fcheren Waldreichtum des Gebietes her. Jahrhundertlang war die Region unauff\u00e4llig und arm, gemessen an M\u00e4hren und wohl auch an der Wachau. Zahlreiche B\u00e4che, Fl\u00fcsse und Teiche pr\u00e4gen den Norden Nieder\u00f6sterreichs. Durch schier endlos scheinende W\u00e4lder gehen zahlreiche Wanderwege. &hellip;<\/p>\n","protected":false},"author":1,"featured_media":4104,"comment_status":"open","ping_status":"open","sticky":false,"template":"","format":"standard","meta":{"_mi_skip_tracking":false,"_exactmetrics_sitenote_active":false,"_exactmetrics_sitenote_note":"","_exactmetrics_sitenote_category":0,"ngg_post_thumbnail":0,"jetpack_post_was_ever_published":false,"_jetpack_newsletter_access":"","footnotes":"","jetpack_publicize_message":"","jetpack_is_tweetstorm":false,"jetpack_publicize_feature_enabled":true,"jetpack_social_post_already_shared":true,"jetpack_social_options":{"image_generator_settings":{"template":"highway","enabled":false}}},"categories":[2,103],"tags":[384],"jetpack_publicize_connections":[],"jetpack_featured_media_url":"https:\/\/www.samskitchen.at\/wp-content\/uploads\/2021\/04\/2021-03-29-13.07.09.jpg","jetpack_sharing_enabled":true,"jetpack_shortlink":"https:\/\/wp.me\/p41IW0-142","_links":{"self":[{"href":"https:\/\/www.samskitchen.at\/index.php?rest_route=\/wp\/v2\/posts\/4094"}],"collection":[{"href":"https:\/\/www.samskitchen.at\/index.php?rest_route=\/wp\/v2\/posts"}],"about":[{"href":"https:\/\/www.samskitchen.at\/index.php?rest_route=\/wp\/v2\/types\/post"}],"author":[{"embeddable":true,"href":"https:\/\/www.samskitchen.at\/index.php?rest_route=\/wp\/v2\/users\/1"}],"replies":[{"embeddable":true,"href":"https:\/\/www.samskitchen.at\/index.php?rest_route=%2Fwp%2Fv2%2Fcomments&post=4094"}],"version-history":[{"count":7,"href":"https:\/\/www.samskitchen.at\/index.php?rest_route=\/wp\/v2\/posts\/4094\/revisions"}],"predecessor-version":[{"id":4113,"href":"https:\/\/www.samskitchen.at\/index.php?rest_route=\/wp\/v2\/posts\/4094\/revisions\/4113"}],"wp:featuredmedia":[{"embeddable":true,"href":"https:\/\/www.samskitchen.at\/index.php?rest_route=\/wp\/v2\/media\/4104"}],"wp:attachment":[{"href":"https:\/\/www.samskitchen.at\/index.php?rest_route=%2Fwp%2Fv2%2Fmedia&parent=4094"}],"wp:term":[{"taxonomy":"category","embeddable":true,"href":"https:\/\/www.samskitchen.at\/index.php?rest_route=%2Fwp%2Fv2%2Fcategories&post=4094"},{"taxonomy":"post_tag","embeddable":true,"href":"https:\/\/www.samskitchen.at\/index.php?rest_route=%2Fwp%2Fv2%2Ftags&post=4094"}],"curies":[{"name":"wp","href":"https:\/\/api.w.org\/{rel}","templated":true}]}}