{"id":4080,"date":"2021-03-18T10:00:25","date_gmt":"2021-03-18T09:00:25","guid":{"rendered":"http:\/\/www.samskitchen.at\/?p=4080"},"modified":"2021-03-18T10:00:25","modified_gmt":"2021-03-18T09:00:25","slug":"langer-muehle-in-atzenbrugg-update","status":"publish","type":"post","link":"https:\/\/www.samskitchen.at\/?p=4080","title":{"rendered":"Langer M\u00fchle in Atzenbrugg (Update)"},"content":{"rendered":"\n<figure class=\"wp-block-image size-large\"><img decoding=\"async\" loading=\"lazy\" width=\"510\" height=\"344\" src=\"http:\/\/www.samskitchen.at\/wp-content\/uploads\/2021\/03\/Muehle-510x344.jpg\" alt=\"\" class=\"wp-image-4081\" srcset=\"https:\/\/www.samskitchen.at\/wp-content\/uploads\/2021\/03\/Muehle-510x344.jpg 510w, https:\/\/www.samskitchen.at\/wp-content\/uploads\/2021\/03\/Muehle-300x202.jpg 300w, https:\/\/www.samskitchen.at\/wp-content\/uploads\/2021\/03\/Muehle-768x517.jpg 768w, https:\/\/www.samskitchen.at\/wp-content\/uploads\/2021\/03\/Muehle-125x84.jpg 125w, https:\/\/www.samskitchen.at\/wp-content\/uploads\/2021\/03\/Muehle.jpg 800w\" sizes=\"(max-width: 510px) 100vw, 510px\" \/><\/figure>\n\n\n\n<p>Als im November 2019 die <a href=\"http:\/\/www.langermuehle.at\" data-type=\"URL\" data-id=\"http:\/\/www.langermuehle.at\">Langer M\u00fchle<\/a> mit der Bitte ein wenig Werbung f\u00fcr ihre M\u00fchle zu machen an mich herantrat, konnte ich nicht ahnen, dass mich diese M\u00fchle im Tullnerfeld ganz sch\u00f6n besch\u00e4ftigen wird. Aus dem kleinen und damals noch recht bescheidenen M\u00fchlenladen mit dem klingenden Namen <a href=\"https:\/\/www.lamuehla.at\" data-type=\"URL\" data-id=\"https:\/\/www.lamuehla.at\">&#8222;LAMUEHLA&#8220;<\/a> ist mittlerweile ein wirklich au\u00dfergew\u00f6hnlicher Laden entstanden, der nicht nur wunderbare Mehle und Mehlkompositionen aus eigener handwerklicher M\u00fchlenproduktion enth\u00e4lt, sondern und das ist das au\u00dfergew\u00f6hnliche, auch unz\u00e4hlige Kleinode aus handwerklicher Produktion. Gew\u00fcrze und Gew\u00fcrzmischungen, K\u00fcchen- und Backutensilien, Backb\u00fccher und sogar fertige Sauerteige um nur einen kleinen \u00dcberblick aufzuzeigen. <br>Etwas ganz Besonderes gibt es ab sofort im <a href=\"https:\/\/www.lamuehla.at\" data-type=\"URL\" data-id=\"https:\/\/www.lamuehla.at\">M\u00fchlenladen<\/a> und auch im <a href=\"https:\/\/www.lamuehla.at\" data-type=\"URL\" data-id=\"https:\/\/www.lamuehla.at\">Online-Shop<\/a>  zu beziehen:<strong> Das Sauerteig-Starter Set<\/strong>. Mit dem Starterset kann schnell und einfach mit dem Sauerteig ansetzen begonnen werden. Das Set beinhaltet 1kg R960, ein Glas mit Skalierung, eine Schritt f\u00fcr Schritt Anleitung und ein Rezept vom Profi, einen Teigmischer und eine Teigkarte.&nbsp;Die Mehle der Langerm\u00fchle sind etwas ganz Besonderes. Inzwischen verwende ich fast nur noch die Produkte dieser einzigartigen Handwerksm\u00fchle. <\/p>\n\n\n\n<p>Mittlerweile platzt der M\u00fchlenladen schon aus allen N\u00e4hten, aber demn\u00e4chst gibt es eine r\u00e4umliche Erweiterung und man kann schon gespannt auf die Umsetzung sein, denn Geschmack haben sie, die Langers. <br>Einen Bericht \u00fcber die Langerm\u00fchle ihrer \u00fcber 700 j\u00e4hrigen Geschichte findet man <a href=\"http:\/\/www.samskitchen.at\/?p=3801\" data-type=\"URL\" data-id=\"http:\/\/www.samskitchen.at\/?p=3801\">hier<\/a>:<br>Ich w\u00fcrde Jedem empfehlen diese Handwerksm\u00fchle von denen es nur mehr ganz wenige gibt einmal zu besuchen. Es lohnt sich. <br>Es gibt sie doch noch die echten Handwerksm\u00fchlen am rauschenden Bach. <\/p>\n\n\n\n<figure class=\"wp-block-image size-large\"><img decoding=\"async\" loading=\"lazy\" width=\"510\" height=\"340\" src=\"http:\/\/www.samskitchen.at\/wp-content\/uploads\/2021\/03\/MiriamMehlman_20201017_LangerMuehle239-510x340.jpg\" alt=\"\" class=\"wp-image-4083\" srcset=\"https:\/\/www.samskitchen.at\/wp-content\/uploads\/2021\/03\/MiriamMehlman_20201017_LangerMuehle239-510x340.jpg 510w, https:\/\/www.samskitchen.at\/wp-content\/uploads\/2021\/03\/MiriamMehlman_20201017_LangerMuehle239-300x200.jpg 300w, https:\/\/www.samskitchen.at\/wp-content\/uploads\/2021\/03\/MiriamMehlman_20201017_LangerMuehle239-768x512.jpg 768w, https:\/\/www.samskitchen.at\/wp-content\/uploads\/2021\/03\/MiriamMehlman_20201017_LangerMuehle239-125x83.jpg 125w, https:\/\/www.samskitchen.at\/wp-content\/uploads\/2021\/03\/MiriamMehlman_20201017_LangerMuehle239.jpg 1200w\" sizes=\"(max-width: 510px) 100vw, 510px\" \/><\/figure>\n\n\n\n<figure class=\"wp-block-image size-large\"><img decoding=\"async\" loading=\"lazy\" width=\"510\" height=\"340\" src=\"http:\/\/www.samskitchen.at\/wp-content\/uploads\/2021\/03\/Erich-und-Nicole-Langer-1-510x340.jpg\" alt=\"\" class=\"wp-image-4084\" srcset=\"https:\/\/www.samskitchen.at\/wp-content\/uploads\/2021\/03\/Erich-und-Nicole-Langer-1-510x340.jpg 510w, https:\/\/www.samskitchen.at\/wp-content\/uploads\/2021\/03\/Erich-und-Nicole-Langer-1-300x200.jpg 300w, https:\/\/www.samskitchen.at\/wp-content\/uploads\/2021\/03\/Erich-und-Nicole-Langer-1-768x512.jpg 768w, https:\/\/www.samskitchen.at\/wp-content\/uploads\/2021\/03\/Erich-und-Nicole-Langer-1-125x83.jpg 125w, https:\/\/www.samskitchen.at\/wp-content\/uploads\/2021\/03\/Erich-und-Nicole-Langer-1.jpg 1200w\" sizes=\"(max-width: 510px) 100vw, 510px\" \/><\/figure>\n\n\n\n<figure class=\"wp-block-image size-large\"><img decoding=\"async\" loading=\"lazy\" width=\"510\" height=\"338\" src=\"http:\/\/www.samskitchen.at\/wp-content\/uploads\/2021\/03\/Muehle-\u00a9Langer-Muehle-e.U.-510x338.jpg\" alt=\"\" class=\"wp-image-4085\" srcset=\"https:\/\/www.samskitchen.at\/wp-content\/uploads\/2021\/03\/Muehle-\u00a9Langer-Muehle-e.U.-510x338.jpg 510w, https:\/\/www.samskitchen.at\/wp-content\/uploads\/2021\/03\/Muehle-\u00a9Langer-Muehle-e.U.-300x199.jpg 300w, https:\/\/www.samskitchen.at\/wp-content\/uploads\/2021\/03\/Muehle-\u00a9Langer-Muehle-e.U.-768x509.jpg 768w, https:\/\/www.samskitchen.at\/wp-content\/uploads\/2021\/03\/Muehle-\u00a9Langer-Muehle-e.U.-125x83.jpg 125w, https:\/\/www.samskitchen.at\/wp-content\/uploads\/2021\/03\/Muehle-\u00a9Langer-Muehle-e.U..jpg 1200w\" sizes=\"(max-width: 510px) 100vw, 510px\" \/><\/figure>\n\n\n\n<figure class=\"wp-block-image size-large\"><img decoding=\"async\" loading=\"lazy\" width=\"510\" height=\"338\" src=\"http:\/\/www.samskitchen.at\/wp-content\/uploads\/2021\/03\/Mueller-510x338.jpg\" alt=\"\" class=\"wp-image-4086\" srcset=\"https:\/\/www.samskitchen.at\/wp-content\/uploads\/2021\/03\/Mueller-510x338.jpg 510w, https:\/\/www.samskitchen.at\/wp-content\/uploads\/2021\/03\/Mueller-300x199.jpg 300w, https:\/\/www.samskitchen.at\/wp-content\/uploads\/2021\/03\/Mueller-768x509.jpg 768w, https:\/\/www.samskitchen.at\/wp-content\/uploads\/2021\/03\/Mueller-125x83.jpg 125w, https:\/\/www.samskitchen.at\/wp-content\/uploads\/2021\/03\/Mueller.jpg 1200w\" sizes=\"(max-width: 510px) 100vw, 510px\" \/><\/figure>\n\n\n\n<figure class=\"wp-block-image size-large\"><img decoding=\"async\" loading=\"lazy\" width=\"510\" height=\"340\" src=\"http:\/\/www.samskitchen.at\/wp-content\/uploads\/2021\/03\/RM8_4031_1a-510x340.jpg\" alt=\"\" class=\"wp-image-4087\" srcset=\"https:\/\/www.samskitchen.at\/wp-content\/uploads\/2021\/03\/RM8_4031_1a-510x340.jpg 510w, https:\/\/www.samskitchen.at\/wp-content\/uploads\/2021\/03\/RM8_4031_1a-300x200.jpg 300w, https:\/\/www.samskitchen.at\/wp-content\/uploads\/2021\/03\/RM8_4031_1a-768x513.jpg 768w, https:\/\/www.samskitchen.at\/wp-content\/uploads\/2021\/03\/RM8_4031_1a-125x83.jpg 125w, https:\/\/www.samskitchen.at\/wp-content\/uploads\/2021\/03\/RM8_4031_1a.jpg 1200w\" sizes=\"(max-width: 510px) 100vw, 510px\" \/><\/figure>\n\n\n\n<figure class=\"wp-block-image size-large\"><img decoding=\"async\" loading=\"lazy\" width=\"510\" height=\"340\" src=\"http:\/\/www.samskitchen.at\/wp-content\/uploads\/2021\/03\/Muehlenladen-Eingang-2019-510x340.jpg\" alt=\"\" class=\"wp-image-4091\" srcset=\"https:\/\/www.samskitchen.at\/wp-content\/uploads\/2021\/03\/Muehlenladen-Eingang-2019-510x340.jpg 510w, https:\/\/www.samskitchen.at\/wp-content\/uploads\/2021\/03\/Muehlenladen-Eingang-2019-300x200.jpg 300w, https:\/\/www.samskitchen.at\/wp-content\/uploads\/2021\/03\/Muehlenladen-Eingang-2019-768x512.jpg 768w, https:\/\/www.samskitchen.at\/wp-content\/uploads\/2021\/03\/Muehlenladen-Eingang-2019-125x83.jpg 125w, https:\/\/www.samskitchen.at\/wp-content\/uploads\/2021\/03\/Muehlenladen-Eingang-2019.jpg 1200w\" sizes=\"(max-width: 510px) 100vw, 510px\" \/><\/figure>\n\n\n\n<p>Einen kleinen Streifzug durch die M\u00fchle k\u00f6nnt ihr <a href=\"https:\/\/www.facebook.com\/1636918449887529\/videos\/845381575903956\">hier<\/a> sehen:<\/p>\n\n\n\n<p><br><\/p>\n","protected":false},"excerpt":{"rendered":"<p>Als im November 2019 die Langer M\u00fchle mit der Bitte ein wenig Werbung f\u00fcr ihre M\u00fchle zu machen an mich herantrat, konnte ich nicht ahnen, dass mich diese M\u00fchle im Tullnerfeld ganz sch\u00f6n besch\u00e4ftigen wird. Aus dem kleinen und damals noch recht bescheidenen M\u00fchlenladen mit dem klingenden Namen &#8222;LAMUEHLA&#8220; ist mittlerweile ein wirklich au\u00dfergew\u00f6hnlicher Laden entstanden, der nicht nur wunderbare &hellip;<\/p>\n","protected":false},"author":1,"featured_media":4081,"comment_status":"open","ping_status":"open","sticky":false,"template":"","format":"standard","meta":{"_mi_skip_tracking":false,"_exactmetrics_sitenote_active":false,"_exactmetrics_sitenote_note":"","_exactmetrics_sitenote_category":0,"ngg_post_thumbnail":0,"jetpack_post_was_ever_published":false,"_jetpack_newsletter_access":"","footnotes":"","jetpack_publicize_message":"","jetpack_is_tweetstorm":false,"jetpack_publicize_feature_enabled":true,"jetpack_social_post_already_shared":true,"jetpack_social_options":{"image_generator_settings":{"template":"highway","enabled":false}}},"categories":[1],"tags":[],"jetpack_publicize_connections":[],"jetpack_featured_media_url":"https:\/\/www.samskitchen.at\/wp-content\/uploads\/2021\/03\/Muehle.jpg","jetpack_sharing_enabled":true,"jetpack_shortlink":"https:\/\/wp.me\/p41IW0-13O","_links":{"self":[{"href":"https:\/\/www.samskitchen.at\/index.php?rest_route=\/wp\/v2\/posts\/4080"}],"collection":[{"href":"https:\/\/www.samskitchen.at\/index.php?rest_route=\/wp\/v2\/posts"}],"about":[{"href":"https:\/\/www.samskitchen.at\/index.php?rest_route=\/wp\/v2\/types\/post"}],"author":[{"embeddable":true,"href":"https:\/\/www.samskitchen.at\/index.php?rest_route=\/wp\/v2\/users\/1"}],"replies":[{"embeddable":true,"href":"https:\/\/www.samskitchen.at\/index.php?rest_route=%2Fwp%2Fv2%2Fcomments&post=4080"}],"version-history":[{"count":4,"href":"https:\/\/www.samskitchen.at\/index.php?rest_route=\/wp\/v2\/posts\/4080\/revisions"}],"predecessor-version":[{"id":4092,"href":"https:\/\/www.samskitchen.at\/index.php?rest_route=\/wp\/v2\/posts\/4080\/revisions\/4092"}],"wp:featuredmedia":[{"embeddable":true,"href":"https:\/\/www.samskitchen.at\/index.php?rest_route=\/wp\/v2\/media\/4081"}],"wp:attachment":[{"href":"https:\/\/www.samskitchen.at\/index.php?rest_route=%2Fwp%2Fv2%2Fmedia&parent=4080"}],"wp:term":[{"taxonomy":"category","embeddable":true,"href":"https:\/\/www.samskitchen.at\/index.php?rest_route=%2Fwp%2Fv2%2Fcategories&post=4080"},{"taxonomy":"post_tag","embeddable":true,"href":"https:\/\/www.samskitchen.at\/index.php?rest_route=%2Fwp%2Fv2%2Ftags&post=4080"}],"curies":[{"name":"wp","href":"https:\/\/api.w.org\/{rel}","templated":true}]}}