{"id":4051,"date":"2020-11-26T08:30:11","date_gmt":"2020-11-26T07:30:11","guid":{"rendered":"http:\/\/www.samskitchen.at\/?p=4051"},"modified":"2020-11-26T08:30:11","modified_gmt":"2020-11-26T07:30:11","slug":"panini-tartaruga","status":"publish","type":"post","link":"https:\/\/www.samskitchen.at\/?p=4051","title":{"rendered":"Panini tartaruga"},"content":{"rendered":"\n<figure class=\"wp-block-image size-large\"><img decoding=\"async\" loading=\"lazy\" width=\"510\" height=\"383\" src=\"http:\/\/www.samskitchen.at\/wp-content\/uploads\/2020\/11\/2019-03-06-14.04.14-510x383.jpg\" alt=\"\" class=\"wp-image-4053\" srcset=\"https:\/\/www.samskitchen.at\/wp-content\/uploads\/2020\/11\/2019-03-06-14.04.14-510x383.jpg 510w, https:\/\/www.samskitchen.at\/wp-content\/uploads\/2020\/11\/2019-03-06-14.04.14-300x225.jpg 300w, https:\/\/www.samskitchen.at\/wp-content\/uploads\/2020\/11\/2019-03-06-14.04.14-768x576.jpg 768w, https:\/\/www.samskitchen.at\/wp-content\/uploads\/2020\/11\/2019-03-06-14.04.14-125x94.jpg 125w, https:\/\/www.samskitchen.at\/wp-content\/uploads\/2020\/11\/2019-03-06-14.04.14.jpg 1200w\" sizes=\"(max-width: 510px) 100vw, 510px\" \/><\/figure>\n\n\n\n<p>Diese Br\u00f6tchen erinnern an den Panzer einer Schildkr\u00f6te, deshalb auch die Bezeichnung \u201etartaruga\u201c. Sie sind der ideale Begleiter einer Grill-party. Handlich und universell einsetzbar. Durch die Einschnitte sind sie leicht in kleine St\u00fccke zu zerteilen, lassen sich auch als Burgerbuns verwenden, oder mit Bulled-pork oder Anderem f\u00fcllen.&nbsp;<\/p>\n\n\n\n<p><strong>Rezept (<\/strong><strong>10&nbsp;<\/strong><strong>Stk):<\/strong><\/p>\n\n\n\n<p><strong>Vorteig:<\/strong><br>100 g T700<br>75 g Wasser (15\uffee)<br>3 g frische Hefe)<\/p>\n\n\n\n<p>Zutaten vermischen und ca. 12 \u2013 48 Stunden im K\u00fchlschrank gehen lassen.<\/p>\n\n\n\n<p><strong>Hauptteig:<\/strong><br>178 g Vorteig<br>500 g Weizenmehl T700<br>240 g Wasser&nbsp;(20\uffee)<br>10&nbsp;g frische Hefe<br>10 g Backmalz fl\u00fcssig&nbsp;(kann durch Honig o.\u00e4. ersetzt werden)<br>10 g Salz<br>15 g&nbsp;Oliven\u00f6l<br>60 g Milch&nbsp;(20\uffee)<\/p>\n\n\n\n<p>F\u00fcr den Hauptteig Hefe im Wasser aufl\u00f6sen und mit den anderen Zutaten 7 Minuten langsam und ca. 4 Minuten schnell kneten. Es sollte ein glatter Teig werden, der sich von der Sch\u00fcssel l\u00f6st werden. Dann eine Kesselruhe von 15 Minuten einlegen. Dann sticht man Teilungen von je 100 g ab um diese anschlie\u00dfend rund zu schleifen. Mit einem Tuch abdecken und wieder 15 Minuten rasten lassen.<br>Dann werden die Teiglinge flach gedr\u00fcckt und weitere 30-50 Minuten bei Raumtemperatur zur St\u00fcckgare gestellt.<\/p>\n\n\n\n<p>Die L\u00e4nge der Ruhezeit ist von der Luftfeuchtigkeit und Raumtemperatur abh\u00e4ngig.<\/p>\n\n\n\n<p>Dann die Teiglinge auf ein mit Trennpapier ausgelegtes Backblech legen, einschneiden oder mit einer Teigkarte eindr\u00fccken mit Wasser bespr\u00fchen und im vorgeheizten Ofen bei 250 Grad fallend auf 230 Grad mit Schwaden ca. 20 Minuten backen, bis sie sch\u00f6n goldbraun sind. &nbsp;Der Schwaden sollte so ca. 5 Minuten vor Ende der Backzeit abgelassen werden (kurz die Backofent\u00fcr \u00f6ffnen). Wenn sie sch\u00f6n goldbraun sind herausnehmen und mit Wasser abstreichen. Ausk\u00fchlen lassen und genie\u00dfen.<\/p>\n\n\n\n<figure class=\"wp-block-image size-large\"><img decoding=\"async\" loading=\"lazy\" width=\"510\" height=\"383\" src=\"http:\/\/www.samskitchen.at\/wp-content\/uploads\/2020\/11\/2019-03-06-14.04.27-510x383.jpg\" alt=\"\" class=\"wp-image-4054\" srcset=\"https:\/\/www.samskitchen.at\/wp-content\/uploads\/2020\/11\/2019-03-06-14.04.27-510x383.jpg 510w, https:\/\/www.samskitchen.at\/wp-content\/uploads\/2020\/11\/2019-03-06-14.04.27-300x225.jpg 300w, https:\/\/www.samskitchen.at\/wp-content\/uploads\/2020\/11\/2019-03-06-14.04.27-768x576.jpg 768w, https:\/\/www.samskitchen.at\/wp-content\/uploads\/2020\/11\/2019-03-06-14.04.27-125x94.jpg 125w, https:\/\/www.samskitchen.at\/wp-content\/uploads\/2020\/11\/2019-03-06-14.04.27.jpg 1200w\" sizes=\"(max-width: 510px) 100vw, 510px\" \/><\/figure>\n\n\n\n<figure class=\"wp-block-image size-large\"><img decoding=\"async\" loading=\"lazy\" width=\"510\" height=\"383\" src=\"http:\/\/www.samskitchen.at\/wp-content\/uploads\/2020\/11\/2019-03-06-14.04.31-510x383.jpg\" alt=\"\" class=\"wp-image-4055\" srcset=\"https:\/\/www.samskitchen.at\/wp-content\/uploads\/2020\/11\/2019-03-06-14.04.31-510x383.jpg 510w, https:\/\/www.samskitchen.at\/wp-content\/uploads\/2020\/11\/2019-03-06-14.04.31-300x225.jpg 300w, https:\/\/www.samskitchen.at\/wp-content\/uploads\/2020\/11\/2019-03-06-14.04.31-768x576.jpg 768w, https:\/\/www.samskitchen.at\/wp-content\/uploads\/2020\/11\/2019-03-06-14.04.31-125x94.jpg 125w, https:\/\/www.samskitchen.at\/wp-content\/uploads\/2020\/11\/2019-03-06-14.04.31.jpg 1200w\" sizes=\"(max-width: 510px) 100vw, 510px\" \/><\/figure>\n\n\n\n<figure class=\"wp-block-image size-large\"><img decoding=\"async\" loading=\"lazy\" width=\"510\" height=\"383\" src=\"http:\/\/www.samskitchen.at\/wp-content\/uploads\/2020\/11\/2019-03-06-16.34.12-510x383.jpg\" alt=\"\" class=\"wp-image-4056\" srcset=\"https:\/\/www.samskitchen.at\/wp-content\/uploads\/2020\/11\/2019-03-06-16.34.12-510x383.jpg 510w, https:\/\/www.samskitchen.at\/wp-content\/uploads\/2020\/11\/2019-03-06-16.34.12-300x225.jpg 300w, https:\/\/www.samskitchen.at\/wp-content\/uploads\/2020\/11\/2019-03-06-16.34.12-768x576.jpg 768w, https:\/\/www.samskitchen.at\/wp-content\/uploads\/2020\/11\/2019-03-06-16.34.12-125x94.jpg 125w, https:\/\/www.samskitchen.at\/wp-content\/uploads\/2020\/11\/2019-03-06-16.34.12.jpg 1200w\" sizes=\"(max-width: 510px) 100vw, 510px\" \/><\/figure>\n","protected":false},"excerpt":{"rendered":"<p>Diese Br\u00f6tchen erinnern an den Panzer einer Schildkr\u00f6te, deshalb auch die Bezeichnung \u201etartaruga\u201c. Sie sind der ideale Begleiter einer Grill-party. Handlich und universell einsetzbar. Durch die Einschnitte sind sie leicht in kleine St\u00fccke zu zerteilen, lassen sich auch als Burgerbuns verwenden, oder mit Bulled-pork oder Anderem f\u00fcllen.&nbsp; Rezept (10&nbsp;Stk): Vorteig:100 g T70075 g Wasser (15\uffee)3 g frische Hefe) Zutaten vermischen &hellip;<\/p>\n","protected":false},"author":1,"featured_media":4053,"comment_status":"open","ping_status":"open","sticky":false,"template":"","format":"standard","meta":{"_mi_skip_tracking":false,"_exactmetrics_sitenote_active":false,"_exactmetrics_sitenote_note":"","_exactmetrics_sitenote_category":0,"ngg_post_thumbnail":0,"jetpack_post_was_ever_published":false,"_jetpack_newsletter_access":"","footnotes":"","jetpack_publicize_message":"","jetpack_is_tweetstorm":false,"jetpack_publicize_feature_enabled":true,"jetpack_social_post_already_shared":true,"jetpack_social_options":{"image_generator_settings":{"template":"highway","enabled":false}}},"categories":[2],"tags":[74,96,101],"jetpack_publicize_connections":[],"jetpack_featured_media_url":"https:\/\/www.samskitchen.at\/wp-content\/uploads\/2020\/11\/2019-03-06-14.04.14.jpg","jetpack_sharing_enabled":true,"jetpack_shortlink":"https:\/\/wp.me\/p41IW0-13l","_links":{"self":[{"href":"https:\/\/www.samskitchen.at\/index.php?rest_route=\/wp\/v2\/posts\/4051"}],"collection":[{"href":"https:\/\/www.samskitchen.at\/index.php?rest_route=\/wp\/v2\/posts"}],"about":[{"href":"https:\/\/www.samskitchen.at\/index.php?rest_route=\/wp\/v2\/types\/post"}],"author":[{"embeddable":true,"href":"https:\/\/www.samskitchen.at\/index.php?rest_route=\/wp\/v2\/users\/1"}],"replies":[{"embeddable":true,"href":"https:\/\/www.samskitchen.at\/index.php?rest_route=%2Fwp%2Fv2%2Fcomments&post=4051"}],"version-history":[{"count":3,"href":"https:\/\/www.samskitchen.at\/index.php?rest_route=\/wp\/v2\/posts\/4051\/revisions"}],"predecessor-version":[{"id":4059,"href":"https:\/\/www.samskitchen.at\/index.php?rest_route=\/wp\/v2\/posts\/4051\/revisions\/4059"}],"wp:featuredmedia":[{"embeddable":true,"href":"https:\/\/www.samskitchen.at\/index.php?rest_route=\/wp\/v2\/media\/4053"}],"wp:attachment":[{"href":"https:\/\/www.samskitchen.at\/index.php?rest_route=%2Fwp%2Fv2%2Fmedia&parent=4051"}],"wp:term":[{"taxonomy":"category","embeddable":true,"href":"https:\/\/www.samskitchen.at\/index.php?rest_route=%2Fwp%2Fv2%2Fcategories&post=4051"},{"taxonomy":"post_tag","embeddable":true,"href":"https:\/\/www.samskitchen.at\/index.php?rest_route=%2Fwp%2Fv2%2Ftags&post=4051"}],"curies":[{"name":"wp","href":"https:\/\/api.w.org\/{rel}","templated":true}]}}