{"id":4028,"date":"2020-10-12T07:40:37","date_gmt":"2020-10-12T05:40:37","guid":{"rendered":"http:\/\/www.samskitchen.at\/?p=4028"},"modified":"2020-10-12T07:40:37","modified_gmt":"2020-10-12T05:40:37","slug":"indigo-rotkornweizen-urgetreide","status":"publish","type":"post","link":"https:\/\/www.samskitchen.at\/?p=4028","title":{"rendered":"Indigo &#8211; Rotkornweizen (Urgetreide)"},"content":{"rendered":"\n<figure class=\"wp-block-image size-large\"><img decoding=\"async\" loading=\"lazy\" width=\"510\" height=\"383\" src=\"http:\/\/www.samskitchen.at\/wp-content\/uploads\/2020\/10\/2020-10-09-15.40.20-1-510x383.jpg\" alt=\"\" class=\"wp-image-4045\" srcset=\"https:\/\/www.samskitchen.at\/wp-content\/uploads\/2020\/10\/2020-10-09-15.40.20-1-510x383.jpg 510w, https:\/\/www.samskitchen.at\/wp-content\/uploads\/2020\/10\/2020-10-09-15.40.20-1-300x225.jpg 300w, https:\/\/www.samskitchen.at\/wp-content\/uploads\/2020\/10\/2020-10-09-15.40.20-1-768x576.jpg 768w, https:\/\/www.samskitchen.at\/wp-content\/uploads\/2020\/10\/2020-10-09-15.40.20-1-125x94.jpg 125w, https:\/\/www.samskitchen.at\/wp-content\/uploads\/2020\/10\/2020-10-09-15.40.20-1.jpg 1200w\" sizes=\"(max-width: 510px) 100vw, 510px\" \/><\/figure>\n\n\n\n<p>Der&nbsp;<strong>Rotkornweizen<\/strong>&nbsp;oder auch Indigoweizen ist eine sehr alten Getreidesorte. Ihr Ursprung liegt vermutlich im Osten von Afrika. Seinen Namen verdankt der&nbsp;<strong>Rotkornweizen<\/strong>&nbsp;seiner purpurfarbenen K\u00f6rnerschale. Die Farbe deutet auf einen hohen Gehalt des sekund\u00e4ren Pflanzenstoffes, Anthocyane hin.<\/p>\n\n\n\n<p>Im Unterschied zum herk\u00f6mmlichen Weizen hat der Indigo Weizen einen h\u00f6heren Gehalt an Anthocyanen, Carotinoiden und Proteinen. W\u00e4hrend normalerweise der Gehalt an Lysin im Weizen gering ist, soll er nach Auskunft von Experten im Indigo Weizen h\u00f6her sein. Damit w\u00e4re die Proteinqualit\u00e4t besser. Der Gehalt an Anthocyanen liegt im Vollmehl um das Vierfache und in der Kleie um das 13-fache h\u00f6her als bei normalem Weizen. Anthocyanen wird wegen ihrer antioxidativen Wirkung eine Krebs vorbeugende Wirkung zugeschrieben.<\/p>\n\n\n\n<p>Liebensw\u00fcrdiger Weise wurden mir einige Kg des Indigoweizens von der <a href=\"https:\/\/www.lamuehla.at\/?kat=402&amp;tm_id=3017\">Langer M\u00fchle in Atzenbrugg<\/a> zur Verf\u00fcgung gestellt. Ein wunderbar feines Vollkornmehl. Dadurch ist mit eine besonders weiche, grobporige Krume und krachende Kruste gelungen. Wasser werde ich n\u00e4chstes Mal etwas mehr in kleinen Rationen dazugeben. Alles in Allem ein durchaus gelungenes Brot mit wunderbaren Aromen.<\/p>\n\n\n\n<p><strong>Rezept f\u00fcr zwei Brote zu je ca. 1 KG<\/strong><\/p>\n\n\n\n<p><strong>Sauerteig:<\/strong><br>180 g Rotkornmehl (Vollkorn)<br>180 g Wasser<br>40 g Lievito Madre oder Weizensauerteig<br>alles gut vermischen und bei Raumtemperatur ca. 12-15 Stunden reifen lassen. Der Sauerteig sollte unbedingt reif sein, also kurz vor dem wieder Einfallen. <br><br><strong>Hauptteig:<\/strong><br>400 g Sauerteig<br>820 g Rotkornweizen (Vollkorn)<br>100 g W700 oder W550<br>22 g Salz<br>3 g frische Hefe<br>700 g Wasser<br><br>Zuerst Sauerteig, Wasser und Mehl gut vermischen und f\u00fcr 30 Minuten quellen lassen, dann geben wir Salz und Hefe dazu und kneten bis sich der Teig von der Sch\u00fcssel l\u00f6st. Eventuell noch etwas Wasser in kleinen Mengen dazugeben. In einer ge\u00f6lten Plastikwanne reift der Teig bei Raumtemperatur f\u00fcr ca 2-3 Stunden. W\u00e4hrend der ersten Stunde wird der Teig drei Mal gesteckt und gefaltet. Der Teig sollte ca 1\/3 an Volumen zugenommen haben. Danach teilen wir den Teig in zwei St\u00fccke die wir vorsichtig rund wirken. Nach einer Ruhephase von ca 20 Minuten formen wir sie rund oder l\u00e4nglich und geben sie mit Schluss nach oben in ein gut bemehltes G\u00e4rk\u00f6rberl. Dort reifen sie bei Raumtemperatur f\u00fcr ca. 60 Minuten. In der Zwischenzeit heizen wir den Backofen auf 250 Grad gut auf. <br>Die Teiglinge wie gew\u00fcnscht einschneiden und mit viel Schwaden fallend auf 200 Grad kr\u00e4ftig ausbacken. Backzeit ca 45 Minuten. Schwaden sollten nach ca. 10 Minuten durch \u00f6ffnen der Ofent\u00fcr abgelassen werden.<\/p>\n\n\n\n<figure class=\"wp-block-image size-large\"><img decoding=\"async\" loading=\"lazy\" width=\"510\" height=\"383\" src=\"http:\/\/www.samskitchen.at\/wp-content\/uploads\/2020\/10\/2020-10-09-15.40.20-1-510x383.jpg\" alt=\"\" class=\"wp-image-4045\" srcset=\"https:\/\/www.samskitchen.at\/wp-content\/uploads\/2020\/10\/2020-10-09-15.40.20-1-510x383.jpg 510w, https:\/\/www.samskitchen.at\/wp-content\/uploads\/2020\/10\/2020-10-09-15.40.20-1-300x225.jpg 300w, https:\/\/www.samskitchen.at\/wp-content\/uploads\/2020\/10\/2020-10-09-15.40.20-1-768x576.jpg 768w, https:\/\/www.samskitchen.at\/wp-content\/uploads\/2020\/10\/2020-10-09-15.40.20-1-125x94.jpg 125w, https:\/\/www.samskitchen.at\/wp-content\/uploads\/2020\/10\/2020-10-09-15.40.20-1.jpg 1200w\" sizes=\"(max-width: 510px) 100vw, 510px\" \/><\/figure>\n\n\n\n<figure class=\"wp-block-image size-large\"><img decoding=\"async\" loading=\"lazy\" width=\"510\" height=\"383\" src=\"http:\/\/www.samskitchen.at\/wp-content\/uploads\/2020\/10\/2020-10-09-15.40.04-1-510x383.jpg\" alt=\"\" class=\"wp-image-4044\" srcset=\"https:\/\/www.samskitchen.at\/wp-content\/uploads\/2020\/10\/2020-10-09-15.40.04-1-510x383.jpg 510w, https:\/\/www.samskitchen.at\/wp-content\/uploads\/2020\/10\/2020-10-09-15.40.04-1-300x225.jpg 300w, https:\/\/www.samskitchen.at\/wp-content\/uploads\/2020\/10\/2020-10-09-15.40.04-1-768x576.jpg 768w, https:\/\/www.samskitchen.at\/wp-content\/uploads\/2020\/10\/2020-10-09-15.40.04-1-125x94.jpg 125w, https:\/\/www.samskitchen.at\/wp-content\/uploads\/2020\/10\/2020-10-09-15.40.04-1.jpg 1200w\" sizes=\"(max-width: 510px) 100vw, 510px\" \/><\/figure>\n\n\n\n<figure class=\"wp-block-image size-large\"><img decoding=\"async\" loading=\"lazy\" width=\"510\" height=\"383\" src=\"http:\/\/www.samskitchen.at\/wp-content\/uploads\/2020\/10\/2020-10-09-15.39.58-1-510x383.jpg\" alt=\"\" class=\"wp-image-4043\" srcset=\"https:\/\/www.samskitchen.at\/wp-content\/uploads\/2020\/10\/2020-10-09-15.39.58-1-510x383.jpg 510w, https:\/\/www.samskitchen.at\/wp-content\/uploads\/2020\/10\/2020-10-09-15.39.58-1-300x225.jpg 300w, https:\/\/www.samskitchen.at\/wp-content\/uploads\/2020\/10\/2020-10-09-15.39.58-1-768x576.jpg 768w, https:\/\/www.samskitchen.at\/wp-content\/uploads\/2020\/10\/2020-10-09-15.39.58-1-125x94.jpg 125w, https:\/\/www.samskitchen.at\/wp-content\/uploads\/2020\/10\/2020-10-09-15.39.58-1.jpg 1200w\" sizes=\"(max-width: 510px) 100vw, 510px\" \/><\/figure>\n\n\n\n<figure class=\"wp-block-image size-large\"><img decoding=\"async\" loading=\"lazy\" width=\"510\" height=\"383\" src=\"http:\/\/www.samskitchen.at\/wp-content\/uploads\/2020\/10\/2020-10-09-15.39.45-1-510x383.jpg\" alt=\"\" class=\"wp-image-4042\" srcset=\"https:\/\/www.samskitchen.at\/wp-content\/uploads\/2020\/10\/2020-10-09-15.39.45-1-510x383.jpg 510w, https:\/\/www.samskitchen.at\/wp-content\/uploads\/2020\/10\/2020-10-09-15.39.45-1-300x225.jpg 300w, https:\/\/www.samskitchen.at\/wp-content\/uploads\/2020\/10\/2020-10-09-15.39.45-1-768x576.jpg 768w, https:\/\/www.samskitchen.at\/wp-content\/uploads\/2020\/10\/2020-10-09-15.39.45-1-125x94.jpg 125w, https:\/\/www.samskitchen.at\/wp-content\/uploads\/2020\/10\/2020-10-09-15.39.45-1.jpg 1200w\" sizes=\"(max-width: 510px) 100vw, 510px\" \/><\/figure>\n\n\n\n<figure class=\"wp-block-image size-large\"><img decoding=\"async\" loading=\"lazy\" width=\"510\" height=\"383\" src=\"http:\/\/www.samskitchen.at\/wp-content\/uploads\/2020\/10\/2020-10-09-15.38.19-1-510x383.jpg\" alt=\"\" class=\"wp-image-4040\" srcset=\"https:\/\/www.samskitchen.at\/wp-content\/uploads\/2020\/10\/2020-10-09-15.38.19-1-510x383.jpg 510w, https:\/\/www.samskitchen.at\/wp-content\/uploads\/2020\/10\/2020-10-09-15.38.19-1-300x225.jpg 300w, https:\/\/www.samskitchen.at\/wp-content\/uploads\/2020\/10\/2020-10-09-15.38.19-1-768x576.jpg 768w, https:\/\/www.samskitchen.at\/wp-content\/uploads\/2020\/10\/2020-10-09-15.38.19-1-125x94.jpg 125w, https:\/\/www.samskitchen.at\/wp-content\/uploads\/2020\/10\/2020-10-09-15.38.19-1.jpg 1200w\" sizes=\"(max-width: 510px) 100vw, 510px\" \/><\/figure>\n\n\n\n<p><\/p>\n","protected":false},"excerpt":{"rendered":"<p>Der&nbsp;Rotkornweizen&nbsp;oder auch Indigoweizen ist eine sehr alten Getreidesorte. Ihr Ursprung liegt vermutlich im Osten von Afrika. Seinen Namen verdankt der&nbsp;Rotkornweizen&nbsp;seiner purpurfarbenen K\u00f6rnerschale. Die Farbe deutet auf einen hohen Gehalt des sekund\u00e4ren Pflanzenstoffes, Anthocyane hin. Im Unterschied zum herk\u00f6mmlichen Weizen hat der Indigo Weizen einen h\u00f6heren Gehalt an Anthocyanen, Carotinoiden und Proteinen. W\u00e4hrend normalerweise der Gehalt an Lysin im Weizen gering &hellip;<\/p>\n","protected":false},"author":1,"featured_media":4040,"comment_status":"open","ping_status":"open","sticky":false,"template":"","format":"standard","meta":{"_mi_skip_tracking":false,"_exactmetrics_sitenote_active":false,"_exactmetrics_sitenote_note":"","_exactmetrics_sitenote_category":0,"ngg_post_thumbnail":0,"jetpack_post_was_ever_published":false,"_jetpack_newsletter_access":"","footnotes":"","jetpack_publicize_message":"","jetpack_is_tweetstorm":false,"jetpack_publicize_feature_enabled":true,"jetpack_social_post_already_shared":true,"jetpack_social_options":{"image_generator_settings":{"template":"highway","enabled":false}}},"categories":[2],"tags":[381,382,35,216],"jetpack_publicize_connections":[],"jetpack_featured_media_url":"https:\/\/www.samskitchen.at\/wp-content\/uploads\/2020\/10\/2020-10-09-15.38.19-1.jpg","jetpack_sharing_enabled":true,"jetpack_shortlink":"https:\/\/wp.me\/p41IW0-12Y","_links":{"self":[{"href":"https:\/\/www.samskitchen.at\/index.php?rest_route=\/wp\/v2\/posts\/4028"}],"collection":[{"href":"https:\/\/www.samskitchen.at\/index.php?rest_route=\/wp\/v2\/posts"}],"about":[{"href":"https:\/\/www.samskitchen.at\/index.php?rest_route=\/wp\/v2\/types\/post"}],"author":[{"embeddable":true,"href":"https:\/\/www.samskitchen.at\/index.php?rest_route=\/wp\/v2\/users\/1"}],"replies":[{"embeddable":true,"href":"https:\/\/www.samskitchen.at\/index.php?rest_route=%2Fwp%2Fv2%2Fcomments&post=4028"}],"version-history":[{"count":8,"href":"https:\/\/www.samskitchen.at\/index.php?rest_route=\/wp\/v2\/posts\/4028\/revisions"}],"predecessor-version":[{"id":4048,"href":"https:\/\/www.samskitchen.at\/index.php?rest_route=\/wp\/v2\/posts\/4028\/revisions\/4048"}],"wp:featuredmedia":[{"embeddable":true,"href":"https:\/\/www.samskitchen.at\/index.php?rest_route=\/wp\/v2\/media\/4040"}],"wp:attachment":[{"href":"https:\/\/www.samskitchen.at\/index.php?rest_route=%2Fwp%2Fv2%2Fmedia&parent=4028"}],"wp:term":[{"taxonomy":"category","embeddable":true,"href":"https:\/\/www.samskitchen.at\/index.php?rest_route=%2Fwp%2Fv2%2Fcategories&post=4028"},{"taxonomy":"post_tag","embeddable":true,"href":"https:\/\/www.samskitchen.at\/index.php?rest_route=%2Fwp%2Fv2%2Ftags&post=4028"}],"curies":[{"name":"wp","href":"https:\/\/api.w.org\/{rel}","templated":true}]}}