{"id":3961,"date":"2020-04-22T08:32:00","date_gmt":"2020-04-22T06:32:00","guid":{"rendered":"http:\/\/www.samskitchen.at\/?p=3961"},"modified":"2020-04-22T08:58:34","modified_gmt":"2020-04-22T06:58:34","slug":"craft-brot","status":"publish","type":"post","link":"https:\/\/www.samskitchen.at\/?p=3961","title":{"rendered":"Craft-Brot"},"content":{"rendered":"\n<figure class=\"wp-block-image size-large\"><img decoding=\"async\" loading=\"lazy\" width=\"510\" height=\"383\" src=\"http:\/\/www.samskitchen.at\/wp-content\/uploads\/2020\/04\/2020-03-20-11.33.09-510x383.jpg\" alt=\"\" class=\"wp-image-3966\" srcset=\"https:\/\/www.samskitchen.at\/wp-content\/uploads\/2020\/04\/2020-03-20-11.33.09-510x383.jpg 510w, https:\/\/www.samskitchen.at\/wp-content\/uploads\/2020\/04\/2020-03-20-11.33.09-300x225.jpg 300w, https:\/\/www.samskitchen.at\/wp-content\/uploads\/2020\/04\/2020-03-20-11.33.09-768x576.jpg 768w, https:\/\/www.samskitchen.at\/wp-content\/uploads\/2020\/04\/2020-03-20-11.33.09-125x94.jpg 125w, https:\/\/www.samskitchen.at\/wp-content\/uploads\/2020\/04\/2020-03-20-11.33.09.jpg 1200w\" sizes=\"(max-width: 510px) 100vw, 510px\" \/><\/figure>\n\n\n\n<p>Die <a href=\"http:\/\/www.lamuehla.at\">Langer M\u00fchle<\/a> Atzenbrugg ist immer f\u00fcr eine \u00dcberraschung gut.  Ein Mehlcuvee der es in sich hat. Grundlage dieses Mehlcuvees ist ein Premiummehl  und ein Hartweizenmehl aus \u00f6sterr. Anbau. Als ich diese Mischung vor einiger Zeit zum Testen zur Verf\u00fcgung hatte, war ich sofort begeistert, obwohl ich normalerweise kein Freund von Backmischungen bin. Aber dieser Cuvee ist keine Backmischung, sondern eine sorgf\u00e4ltige Auswahl von verschiedenen Mehlen.  Abgerundet wird es durch eine Malzmischung der STAMAG, die 1884 in Wien von Jakob Hauser und Moritz Sobotka gegr\u00fcndet wurde. Diese Malzmischung ist nicht irgendeine, sie ist eine ganz besondere Zusammenstellung von verschiedenen Malzen, die unter der Bezeichnung &#8222;Craft Malz&#8220; vertrieben wird. Die gekonnte Zusammenstellung der verschiedenen Malzsorten garantiert einen E-Nummern-freien Genuss. Diese neue Mehlmischung der <a href=\"http:\/\/www.lamuehla.at\">Langer M\u00fchle in Atzenbrugg<\/a>  erm\u00f6glicht es, hervorragende lockere Brote mit einem unvergesslichen Geschmackserlebnis zu backen und das bei langer Genuss- und Verzehrfrische. Die Krume ist wunderbar von unregelm\u00e4\u00dfigen gro\u00dfen und kleinen Poren durchzogen, hat eine hauchd\u00fcnne krachende Kruste und der Duft des frischen Brotes ist unbeschreiblich. Ich hoffe ich habe euch jetzt Lust auf Brot gemacht. Zu bestellen ist dieses Mehl unter der Bezeichnung: Weizenmehl mit Craft Malz. Oder ihr macht einen Ausflug nach Atzenbrugg und besucht den M\u00fchlenladen mit anschlie\u00dfender M\u00fchlenbesichtigung &#8211; es zahlt sich aus. Gelegentlich bin ich auch dort anzutreffen und backe was das Zeug h\u00e4lt.<\/p>\n\n\n\n<p><br><\/p>\n\n\n\n<p><strong>Rezept f\u00fcr ein M\u00fchlenbrot&nbsp;von ca&nbsp;&nbsp;864&nbsp;g:<\/strong><br><strong>Vorteig:<\/strong><br>250 g Mehlmischung mit Craft Malz <br>170 g Wasser<br>3 g frische Hefe<br><br><\/p>\n\n\n\n<p>F\u00fcr den Vorteig alle Zutaten miteinander verkneten und bei ca. 18\u00b0C \u00fcber Nacht oder mindestens 12 Stunden reifen lassen.<\/p>\n\n\n\n<p><strong>Hauptteig:<\/strong><br>423 g Vorteig<br>250 g Mehlmischung mit Craft Malz<br>180 g Wasser<br>10 g Salz<br>1 g frische Hefe<\/p>\n\n\n\n<p>F\u00fcr den Hauptteig den Vorteig , Mehl, 140 g Wasser, Salz und Hefe verkneten, nach und nach das restliche Wasser zugeben. Insgesamt etwa 20 Minuten kneten. An einem k\u00fchlen Ort drei&nbsp;Stunden ruhen lassen, nach eineinhalb Stunden den Teig strecken und falten.<\/p>\n\n\n\n<p>Den Teig zu einem runden Laib formen und ca. eine Stunde gehen lassen. Den Laib einschneiden und bei 250\u00b0C mit Schwaden ca. 10 Minuten backen, anschlie\u00dfend Schwaden ablassen,&nbsp;die Temperatur auf 200\u00b0C senken und kr\u00e4ftig&nbsp;&nbsp;ausbacken. Die gesamte Backzeit sollte ca. 45 Minuten betragen.&nbsp;<br><\/p>\n\n\n\n<p>Dieses Brot kann leider nur mit dieser ph\u00e4nomenalen Mischung gebacken werden, bitte versteht, dass die genaue Zusammensetzung ein Betriebsgeheimnis ist und nicht verraten wird. <br>In den n\u00e4chsten Wochen werde ich mich bem\u00fchen noch weitere M\u00f6glichkeiten aufzuzeigen, wie man diese Mischung sinnvoll einsetzen kann, ihr k\u00f6nnt gespannt sein, was da noch auf uns zukommt. <br><\/p>\n\n\n\n<figure class=\"wp-block-image size-large\"><img decoding=\"async\" loading=\"lazy\" width=\"510\" height=\"383\" src=\"http:\/\/www.samskitchen.at\/wp-content\/uploads\/2020\/04\/2020-03-20-11.33.22-510x383.jpg\" alt=\"\" class=\"wp-image-3964\" srcset=\"https:\/\/www.samskitchen.at\/wp-content\/uploads\/2020\/04\/2020-03-20-11.33.22-510x383.jpg 510w, https:\/\/www.samskitchen.at\/wp-content\/uploads\/2020\/04\/2020-03-20-11.33.22-300x225.jpg 300w, https:\/\/www.samskitchen.at\/wp-content\/uploads\/2020\/04\/2020-03-20-11.33.22-768x576.jpg 768w, https:\/\/www.samskitchen.at\/wp-content\/uploads\/2020\/04\/2020-03-20-11.33.22-125x94.jpg 125w, https:\/\/www.samskitchen.at\/wp-content\/uploads\/2020\/04\/2020-03-20-11.33.22.jpg 1200w\" sizes=\"(max-width: 510px) 100vw, 510px\" \/><\/figure>\n\n\n\n<figure class=\"wp-block-image size-large\"><img decoding=\"async\" loading=\"lazy\" width=\"510\" height=\"383\" src=\"http:\/\/www.samskitchen.at\/wp-content\/uploads\/2020\/04\/2020-03-20-12.44.55-510x383.jpg\" alt=\"\" class=\"wp-image-3965\" srcset=\"https:\/\/www.samskitchen.at\/wp-content\/uploads\/2020\/04\/2020-03-20-12.44.55-510x383.jpg 510w, https:\/\/www.samskitchen.at\/wp-content\/uploads\/2020\/04\/2020-03-20-12.44.55-300x225.jpg 300w, https:\/\/www.samskitchen.at\/wp-content\/uploads\/2020\/04\/2020-03-20-12.44.55-768x576.jpg 768w, https:\/\/www.samskitchen.at\/wp-content\/uploads\/2020\/04\/2020-03-20-12.44.55-125x94.jpg 125w, https:\/\/www.samskitchen.at\/wp-content\/uploads\/2020\/04\/2020-03-20-12.44.55.jpg 1200w\" sizes=\"(max-width: 510px) 100vw, 510px\" \/><\/figure>\n\n\n\n<figure class=\"wp-block-image size-large\"><img decoding=\"async\" loading=\"lazy\" width=\"510\" height=\"383\" src=\"http:\/\/www.samskitchen.at\/wp-content\/uploads\/2020\/04\/2020-03-20-13.09.55-510x383.jpg\" alt=\"\" class=\"wp-image-3962\" srcset=\"https:\/\/www.samskitchen.at\/wp-content\/uploads\/2020\/04\/2020-03-20-13.09.55-510x383.jpg 510w, https:\/\/www.samskitchen.at\/wp-content\/uploads\/2020\/04\/2020-03-20-13.09.55-300x225.jpg 300w, https:\/\/www.samskitchen.at\/wp-content\/uploads\/2020\/04\/2020-03-20-13.09.55-768x576.jpg 768w, https:\/\/www.samskitchen.at\/wp-content\/uploads\/2020\/04\/2020-03-20-13.09.55-125x94.jpg 125w, https:\/\/www.samskitchen.at\/wp-content\/uploads\/2020\/04\/2020-03-20-13.09.55.jpg 1500w\" sizes=\"(max-width: 510px) 100vw, 510px\" \/><\/figure>\n\n\n\n<figure class=\"wp-block-image size-large\"><img decoding=\"async\" loading=\"lazy\" width=\"510\" height=\"383\" src=\"http:\/\/www.samskitchen.at\/wp-content\/uploads\/2020\/04\/2020-03-20-11.33.09-510x383.jpg\" alt=\"\" class=\"wp-image-3966\" srcset=\"https:\/\/www.samskitchen.at\/wp-content\/uploads\/2020\/04\/2020-03-20-11.33.09-510x383.jpg 510w, https:\/\/www.samskitchen.at\/wp-content\/uploads\/2020\/04\/2020-03-20-11.33.09-300x225.jpg 300w, https:\/\/www.samskitchen.at\/wp-content\/uploads\/2020\/04\/2020-03-20-11.33.09-768x576.jpg 768w, https:\/\/www.samskitchen.at\/wp-content\/uploads\/2020\/04\/2020-03-20-11.33.09-125x94.jpg 125w, https:\/\/www.samskitchen.at\/wp-content\/uploads\/2020\/04\/2020-03-20-11.33.09.jpg 1200w\" sizes=\"(max-width: 510px) 100vw, 510px\" \/><\/figure>\n\n\n\n<figure class=\"wp-block-image size-large\"><img decoding=\"async\" loading=\"lazy\" width=\"510\" height=\"287\" src=\"http:\/\/www.samskitchen.at\/wp-content\/uploads\/2020\/04\/2020-03-20-13.08.30-510x287.jpg\" alt=\"\" class=\"wp-image-3963\" srcset=\"https:\/\/www.samskitchen.at\/wp-content\/uploads\/2020\/04\/2020-03-20-13.08.30-510x287.jpg 510w, https:\/\/www.samskitchen.at\/wp-content\/uploads\/2020\/04\/2020-03-20-13.08.30-300x169.jpg 300w, https:\/\/www.samskitchen.at\/wp-content\/uploads\/2020\/04\/2020-03-20-13.08.30-768x432.jpg 768w, https:\/\/www.samskitchen.at\/wp-content\/uploads\/2020\/04\/2020-03-20-13.08.30-125x70.jpg 125w, https:\/\/www.samskitchen.at\/wp-content\/uploads\/2020\/04\/2020-03-20-13.08.30.jpg 1500w\" sizes=\"(max-width: 510px) 100vw, 510px\" \/><\/figure>\n\n\n\n<figure class=\"wp-block-image size-large is-resized\"><img decoding=\"async\" loading=\"lazy\" src=\"http:\/\/www.samskitchen.at\/wp-content\/uploads\/2020\/04\/2020-04-18-08.29.27-510x553.jpg\" alt=\"\" class=\"wp-image-3975\" width=\"277\" height=\"302\"\/><\/figure>\n\n\n\n<p><\/p>\n","protected":false},"excerpt":{"rendered":"<p>Die Langer M\u00fchle Atzenbrugg ist immer f\u00fcr eine \u00dcberraschung gut. Ein Mehlcuvee der es in sich hat. Grundlage dieses Mehlcuvees ist ein Premiummehl und ein Hartweizenmehl aus \u00f6sterr. Anbau. Als ich diese Mischung vor einiger Zeit zum Testen zur Verf\u00fcgung hatte, war ich sofort begeistert, obwohl ich normalerweise kein Freund von Backmischungen bin. Aber dieser Cuvee ist keine Backmischung, sondern &hellip;<\/p>\n","protected":false},"author":1,"featured_media":3967,"comment_status":"open","ping_status":"open","sticky":false,"template":"","format":"standard","meta":{"_mi_skip_tracking":false,"_exactmetrics_sitenote_active":false,"_exactmetrics_sitenote_note":"","_exactmetrics_sitenote_category":0,"ngg_post_thumbnail":0,"jetpack_post_was_ever_published":false,"_jetpack_newsletter_access":"","footnotes":"","jetpack_publicize_message":"","jetpack_is_tweetstorm":false,"jetpack_publicize_feature_enabled":true,"jetpack_social_post_already_shared":true,"jetpack_social_options":{"image_generator_settings":{"template":"highway","enabled":false}}},"categories":[2],"tags":[378,157,111],"jetpack_publicize_connections":[],"jetpack_featured_media_url":"https:\/\/www.samskitchen.at\/wp-content\/uploads\/2020\/04\/2020-03-20-11.33.15.jpg","jetpack_sharing_enabled":true,"jetpack_shortlink":"https:\/\/wp.me\/p41IW0-11T","_links":{"self":[{"href":"https:\/\/www.samskitchen.at\/index.php?rest_route=\/wp\/v2\/posts\/3961"}],"collection":[{"href":"https:\/\/www.samskitchen.at\/index.php?rest_route=\/wp\/v2\/posts"}],"about":[{"href":"https:\/\/www.samskitchen.at\/index.php?rest_route=\/wp\/v2\/types\/post"}],"author":[{"embeddable":true,"href":"https:\/\/www.samskitchen.at\/index.php?rest_route=\/wp\/v2\/users\/1"}],"replies":[{"embeddable":true,"href":"https:\/\/www.samskitchen.at\/index.php?rest_route=%2Fwp%2Fv2%2Fcomments&post=3961"}],"version-history":[{"count":12,"href":"https:\/\/www.samskitchen.at\/index.php?rest_route=\/wp\/v2\/posts\/3961\/revisions"}],"predecessor-version":[{"id":3980,"href":"https:\/\/www.samskitchen.at\/index.php?rest_route=\/wp\/v2\/posts\/3961\/revisions\/3980"}],"wp:featuredmedia":[{"embeddable":true,"href":"https:\/\/www.samskitchen.at\/index.php?rest_route=\/wp\/v2\/media\/3967"}],"wp:attachment":[{"href":"https:\/\/www.samskitchen.at\/index.php?rest_route=%2Fwp%2Fv2%2Fmedia&parent=3961"}],"wp:term":[{"taxonomy":"category","embeddable":true,"href":"https:\/\/www.samskitchen.at\/index.php?rest_route=%2Fwp%2Fv2%2Fcategories&post=3961"},{"taxonomy":"post_tag","embeddable":true,"href":"https:\/\/www.samskitchen.at\/index.php?rest_route=%2Fwp%2Fv2%2Ftags&post=3961"}],"curies":[{"name":"wp","href":"https:\/\/api.w.org\/{rel}","templated":true}]}}