{"id":395,"date":"2013-11-11T12:36:40","date_gmt":"2013-11-11T11:36:40","guid":{"rendered":"http:\/\/www.samskitchen.at\/?p=395"},"modified":"2013-12-06T13:27:29","modified_gmt":"2013-12-06T12:27:29","slug":"baguettes-nach-sebastien-mauvieux-frankreichs-baguette-baecker-2012","status":"publish","type":"post","link":"https:\/\/www.samskitchen.at\/?p=395","title":{"rendered":"Baguettes nach S\u00e9bastien Mauvieux \u2013 Frankreichs Baguette-B\u00e4cker 2012"},"content":{"rendered":"<h2 style=\"text-align: center;\"><b style=\"font-family: inherit; font-style: inherit; font-size: 14px; line-height: 1.8em;\"><a href=\"http:\/\/www.samskitchen.at\/wp-content\/uploads\/2013\/11\/2013-11-11-12.12.55.jpg\"><img decoding=\"async\" loading=\"lazy\" class=\"alignnone size-medium wp-image-401\" alt=\"2013-11-11 12.12.55\" src=\"http:\/\/www.samskitchen.at\/wp-content\/uploads\/2013\/11\/2013-11-11-12.12.55-300x225.jpg\" width=\"300\" height=\"225\" srcset=\"https:\/\/www.samskitchen.at\/wp-content\/uploads\/2013\/11\/2013-11-11-12.12.55-300x225.jpg 300w, https:\/\/www.samskitchen.at\/wp-content\/uploads\/2013\/11\/2013-11-11-12.12.55-510x382.jpg 510w, https:\/\/www.samskitchen.at\/wp-content\/uploads\/2013\/11\/2013-11-11-12.12.55-530x397.jpg 530w\" sizes=\"(max-width: 300px) 100vw, 300px\" \/><\/a><\/b><\/h2>\n<p>So und nun beginnt meine angek\u00fcndigte Versuchsreihe. Ich hab mir ein Rezept vom <a href=\"http:\/\/brotdoc.com\/2013\/01\/20\/baguettes-nach-sebastien-mauvieux-frankreichs-baguette-backer-2012\/\">&#8222;Brotdoc&#8220;<\/a> ausgeborgt und werde es versuchen nachzubacken. Warum gerade Dieses? Ich hab Bohnenmehl und Manitobamehl noch vorr\u00e4tig, also hat sich dieses Rezept angeboten. Auch die Gare im K\u00fchlschrank kam mir entgegen. Der ziemlich weiche Teig liess sich wunderbar bearbeiten. Wie Ihr seht, das Einschneiden ist auch so halbwegs gelungen. Da ich mit einem Backgang nur drei Baguette backen kann, hab ich die anderen vorgeformten inzwischen im K\u00fchlschrank zwischengelagert. Diese sind mir dann nicht so richtig gelungen. Ich werde versuchen das n\u00e4chste Mal den Grund zu eruieren. Ev. war ich auch beim Einschneiden schlampig.<br \/>\nSchaun wir mal &#8211; dann werden wir schon sehen.<\/p>\n<p><b>Hauptteig TA 170:<\/b><\/p>\n<p>700 g Weizenmehl 550<br \/>\n290 g Manitobamehl<br \/>\n10 g Bohnenmehl<br \/>\n700 g Wasser<br \/>\n8 g Frischhefe<br \/>\n18 g Salz<\/p>\n<p>Vom Wasser 550 g in die Knetsch\u00fcssel geben und das Mehl zuf\u00fcgen. Ankneten bis sich ein Teigklumpen gebildet hat.<br \/>\nDiesen f\u00fcr 20-30 Minuten quellen lassen (Autolyse).<br \/>\nDie Hefe im Restwasser aufl\u00f6sen und den Kneter langsam weiter laufen lassen.<br \/>\nSchritt f\u00fcr Schritt das Hefewasser zugeben und in den Teig einkneten lassen, bis ein weicher, sich beginnend von der Sch\u00fcssel l\u00f6sender Teig gebildet hat. Bei weiter langsamer Knetung das Salz einrieseln lassen.<br \/>\nWeiterkneten, bis der Teig sch\u00f6n glatt aussieht.<br \/>\nDen Teig dann in eine einge\u00f6lte Kunststoffwanne geben und 60 Minuten bei Raumtemperatur gehen lassen.<br \/>\nDirekt am Anfang, nach 30 und nach 60 Minuten in der Sch\u00fcssel feucht strecken und falten.<br \/>\nDann den Teig abgedeckt in den K\u00fchlschrank bei 6\u00b0 stellen und 10-12 Stunden reifen lassen.<br \/>\nEr sollte sich etwa verdreifacht haben.<br \/>\n<span style=\"line-height: 1.8em;\">Auf der Arbeitsfl\u00e4che den<\/span><b style=\"font-family: inherit; font-style: inherit; line-height: 1.8em;\"> nicht-aklimatisierten<\/b><span style=\"line-height: 1.8em;\">\u00a0Teig in 6 St\u00fccke a ca. 250 g teilen und diese vorformen.<br \/>\n<\/span>20 Minuten Teigruhe. Die Baguettes formen (ca. 30 cm L\u00e4nge) und sie mit dem Schlu\u00df nach oben im Leinentuch ca. 50-60 Minuten garen lassen. Mit der Kippdiele auf ein Lochblech geben, einschneiden und mit viel Dampf in den auf 250\u00b0 geheizten Ofen geben. Nach 10 Minuten den Dampf ablassen und noch weitere 10-12 Minuten bei 250\u00b0 zuende backen, bis sie mittelbraun und die aufgerissenen Ausb\u00fcnde noch sch\u00f6n hell sind. Kurz abk\u00fchlen lassen und m\u00f6glichst rasch genie\u00dfen, frisch sind sie am besten.<\/p>\n<p>Quelle:<a href=\"http:\/\/brotdoc.com\/2013\/01\/20\/baguettes-nach-sebastien-mauvieux-frankreichs-baguette-backer-2012\/\"> Brotdoc<\/a><\/p>\n<p><a href=\"http:\/\/www.samskitchen.at\/wp-content\/uploads\/2013\/11\/2013-11-11-11.17.35.jpg\"><img decoding=\"async\" loading=\"lazy\" class=\"alignnone size-medium wp-image-398\" alt=\"2013-11-11 11.17.35\" src=\"http:\/\/www.samskitchen.at\/wp-content\/uploads\/2013\/11\/2013-11-11-11.17.35-257x300.jpg\" width=\"257\" height=\"300\" srcset=\"https:\/\/www.samskitchen.at\/wp-content\/uploads\/2013\/11\/2013-11-11-11.17.35-257x300.jpg 257w, https:\/\/www.samskitchen.at\/wp-content\/uploads\/2013\/11\/2013-11-11-11.17.35-510x595.jpg 510w, https:\/\/www.samskitchen.at\/wp-content\/uploads\/2013\/11\/2013-11-11-11.17.35-530x618.jpg 530w, https:\/\/www.samskitchen.at\/wp-content\/uploads\/2013\/11\/2013-11-11-11.17.35.jpg 1975w\" sizes=\"(max-width: 257px) 100vw, 257px\" \/><\/a><\/p>\n<p><a href=\"http:\/\/www.samskitchen.at\/wp-content\/uploads\/2013\/11\/2013-11-11-12.07.52.jpg\"><img decoding=\"async\" loading=\"lazy\" class=\"alignnone size-medium wp-image-400\" alt=\"2013-11-11 12.07.52\" src=\"http:\/\/www.samskitchen.at\/wp-content\/uploads\/2013\/11\/2013-11-11-12.07.52-300x224.jpg\" width=\"300\" height=\"224\" srcset=\"https:\/\/www.samskitchen.at\/wp-content\/uploads\/2013\/11\/2013-11-11-12.07.52-300x224.jpg 300w, https:\/\/www.samskitchen.at\/wp-content\/uploads\/2013\/11\/2013-11-11-12.07.52-510x382.jpg 510w, https:\/\/www.samskitchen.at\/wp-content\/uploads\/2013\/11\/2013-11-11-12.07.52-530x397.jpg 530w\" sizes=\"(max-width: 300px) 100vw, 300px\" \/><\/a><\/p>\n<p style=\"text-align: center;\">Was macht eine Blondine mit einer alten Baguette Stange auf den WC?<br \/>\nSie f\u00fcttert die WC Ente!<\/p>\n","protected":false},"excerpt":{"rendered":"<p>So und nun beginnt meine angek\u00fcndigte Versuchsreihe. Ich hab mir ein Rezept vom &#8222;Brotdoc&#8220; ausgeborgt und werde es versuchen nachzubacken. Warum gerade Dieses? Ich hab Bohnenmehl und Manitobamehl noch vorr\u00e4tig, also hat sich dieses Rezept angeboten. Auch die Gare im K\u00fchlschrank kam mir entgegen. Der ziemlich weiche Teig liess sich wunderbar bearbeiten. Wie Ihr seht, das Einschneiden ist auch so &hellip;<\/p>\n","protected":false},"author":1,"featured_media":396,"comment_status":"open","ping_status":"open","sticky":false,"template":"","format":"standard","meta":{"_mi_skip_tracking":false,"_exactmetrics_sitenote_active":false,"_exactmetrics_sitenote_note":"","_exactmetrics_sitenote_category":0,"ngg_post_thumbnail":0,"jetpack_post_was_ever_published":false,"_jetpack_newsletter_access":"","footnotes":"","jetpack_publicize_message":"","jetpack_is_tweetstorm":false,"jetpack_publicize_feature_enabled":true,"jetpack_social_post_already_shared":true,"jetpack_social_options":{"image_generator_settings":{"template":"highway","enabled":false}}},"categories":[2],"tags":[13,64,65,67,66],"jetpack_publicize_connections":[],"jetpack_featured_media_url":"https:\/\/www.samskitchen.at\/wp-content\/uploads\/2013\/11\/2013-11-11-11.17.17.jpg","jetpack_sharing_enabled":true,"jetpack_shortlink":"https:\/\/wp.me\/p41IW0-6n","_links":{"self":[{"href":"https:\/\/www.samskitchen.at\/index.php?rest_route=\/wp\/v2\/posts\/395"}],"collection":[{"href":"https:\/\/www.samskitchen.at\/index.php?rest_route=\/wp\/v2\/posts"}],"about":[{"href":"https:\/\/www.samskitchen.at\/index.php?rest_route=\/wp\/v2\/types\/post"}],"author":[{"embeddable":true,"href":"https:\/\/www.samskitchen.at\/index.php?rest_route=\/wp\/v2\/users\/1"}],"replies":[{"embeddable":true,"href":"https:\/\/www.samskitchen.at\/index.php?rest_route=%2Fwp%2Fv2%2Fcomments&post=395"}],"version-history":[{"count":7,"href":"https:\/\/www.samskitchen.at\/index.php?rest_route=\/wp\/v2\/posts\/395\/revisions"}],"predecessor-version":[{"id":408,"href":"https:\/\/www.samskitchen.at\/index.php?rest_route=\/wp\/v2\/posts\/395\/revisions\/408"}],"wp:featuredmedia":[{"embeddable":true,"href":"https:\/\/www.samskitchen.at\/index.php?rest_route=\/wp\/v2\/media\/396"}],"wp:attachment":[{"href":"https:\/\/www.samskitchen.at\/index.php?rest_route=%2Fwp%2Fv2%2Fmedia&parent=395"}],"wp:term":[{"taxonomy":"category","embeddable":true,"href":"https:\/\/www.samskitchen.at\/index.php?rest_route=%2Fwp%2Fv2%2Fcategories&post=395"},{"taxonomy":"post_tag","embeddable":true,"href":"https:\/\/www.samskitchen.at\/index.php?rest_route=%2Fwp%2Fv2%2Ftags&post=395"}],"curies":[{"name":"wp","href":"https:\/\/api.w.org\/{rel}","templated":true}]}}