{"id":3935,"date":"2020-03-03T09:40:53","date_gmt":"2020-03-03T08:40:53","guid":{"rendered":"http:\/\/www.samskitchen.at\/?p=3935"},"modified":"2020-03-06T09:54:59","modified_gmt":"2020-03-06T08:54:59","slug":"joghurtriegel","status":"publish","type":"post","link":"https:\/\/www.samskitchen.at\/?p=3935","title":{"rendered":"Joghurtriegel"},"content":{"rendered":"\n<figure class=\"wp-block-image size-large\"><img decoding=\"async\" loading=\"lazy\" width=\"510\" height=\"383\" src=\"http:\/\/www.samskitchen.at\/wp-content\/uploads\/2020\/03\/2020-03-02-18.48.40-510x383.jpg\" alt=\"\" class=\"wp-image-3944\" srcset=\"https:\/\/www.samskitchen.at\/wp-content\/uploads\/2020\/03\/2020-03-02-18.48.40-510x383.jpg 510w, https:\/\/www.samskitchen.at\/wp-content\/uploads\/2020\/03\/2020-03-02-18.48.40-300x225.jpg 300w, https:\/\/www.samskitchen.at\/wp-content\/uploads\/2020\/03\/2020-03-02-18.48.40-768x576.jpg 768w, https:\/\/www.samskitchen.at\/wp-content\/uploads\/2020\/03\/2020-03-02-18.48.40-125x94.jpg 125w, https:\/\/www.samskitchen.at\/wp-content\/uploads\/2020\/03\/2020-03-02-18.48.40.jpg 1200w\" sizes=\"(max-width: 510px) 100vw, 510px\" \/><\/figure>\n\n\n\n<p>Auf besonderen Wunsch hab ich versucht ein Weckerl nachzubauen dass in einer Ober\u00f6sterreichischen B\u00e4ckerei angeboten wird &#8211; Joghurtriegel &#8211; Ausgestattet nur mit einer Zutatenliste die mich eigentlich nicht unbedingt ansprach habe ich versucht es nachzumachen ohne den originalen Geschmack zu kennen. Herausgekommen ist ein wunderbares Wecker, r\u00f6sche Kruste, wattige Krume  und durch die Saaten ein wunderbarer Geschmack. Dieses Wecker passt gut zu einer kr\u00e4ftigen Jause und nat\u00fcrlich auch zu K\u00e4se. Mein Tipp: streicht einen cremigen &#8222;Glundernen&#8220; drauf.<\/p>\n\n\n\n<p><strong>Rezept: (21St\u00fcck zu je 70g)<\/strong><\/p>\n\n\n\n<p>Sauerteig:<br>200 g Roggenmehl R960<br>200 g Wasser<br>20 g Anstellgut <br>alles gut vermischen und ca. 12 Stunden oder \u00fcber Nacht bei Raumtemperatur gehen lassen. <br><br>Br\u00fcst\u00fcck:<br>150 g Saaten gemischt (Sesam, Sonnenblumenkerne, Leinsamen)<br>200 g kochendes Wasser<br><br>Hauptteig:<br>420 g Sauerteig<br>350 g Br\u00fchst\u00fcck<br>250 g W700<br>250 g W1600<br>20 g Malzextrakt inaktiv<br>250 g Joghurt 3,6 % Fett<br>16 g Salz<br>5 g Hefe<br><\/p>\n\n\n\n<p>Zubereitung:<br>Alle Zutaten ca. 10 Minuten langsam kneten und dann noch 4 Minuten schneller. Da der Teig relativ weich ist wird er sich nicht vollst\u00e4ndig von der Teigsch\u00fcssel l\u00f6sen. Es sollte aber trotzdem gut ausgekostet werden. Kesselruhe 2 Stunden. Bei \u00dcbernachtgare lassen wir den Teig ca eine Stunde bei Raumtemperatur anspringen und geben ihn dann f\u00fcr ca 12 Stunden in den L\u00fchlschrank bei 4\u00b0. Da nicht alle K\u00fchlschr\u00e4nke diese Temperatur haben wird es gut sein den Teig zu beobachten. Er sollte ca. 1\/3 zugenommen haben. Bei beiden Varianten dehnen und falten wir den Teig zu Beginn drei mal.<br>Den Teig teilen wir dann zu je 70g schweren Teiglingen, die wir rund schleifen und 20 Minuten zugedeckt bei Raumtemperatur gehen lassen. Nach der Teigruhe werden die Teiglinge zu l\u00e4nglichen Weckerln gewirkt und f\u00fcr ca 20 Minuten zugedeckt zur Gare gestellt. Danach mit Wasser einspr\u00fchen oder eintauchen und in eine Mischung aus gehackten K\u00fcrbiskernen und Haferflocken getaucht. Wer eine Br\u00f6tchenbackforn sein Eigen nennt sollte die geformten Teiglinge in die Form geben, leicht andr\u00fccken und ca 40 Minuten sch\u00f6n aufgehen lassen mit Wasser bespr\u00fchen und mit der Mischung bestreuen. Die Teiglinge die freigeschoben gebacken werden einschneiden, die in der Backform nicht, deshalb sollten sie bei voller Gare eingeschossen werden. <br>Gebacken werden die Weckerln bei 250\u00b0 fallend auf 220\u00b0 ca. 16 Minuten.<\/p>\n\n\n\n<figure class=\"wp-block-gallery columns-3 is-cropped wp-block-gallery-1 is-layout-flex wp-block-gallery-is-layout-flex\"><ul class=\"blocks-gallery-grid\"><li class=\"blocks-gallery-item\"><figure><img decoding=\"async\" loading=\"lazy\" width=\"510\" height=\"383\" src=\"http:\/\/www.samskitchen.at\/wp-content\/uploads\/2020\/03\/2020-03-02-18.49.23-1-510x383.jpg\" alt=\"\" data-id=\"3946\" data-full-url=\"http:\/\/www.samskitchen.at\/wp-content\/uploads\/2020\/03\/2020-03-02-18.49.23-1.jpg\" data-link=\"http:\/\/www.samskitchen.at\/?attachment_id=3946\" class=\"wp-image-3946\" srcset=\"https:\/\/www.samskitchen.at\/wp-content\/uploads\/2020\/03\/2020-03-02-18.49.23-1-510x383.jpg 510w, https:\/\/www.samskitchen.at\/wp-content\/uploads\/2020\/03\/2020-03-02-18.49.23-1-300x225.jpg 300w, https:\/\/www.samskitchen.at\/wp-content\/uploads\/2020\/03\/2020-03-02-18.49.23-1-768x576.jpg 768w, https:\/\/www.samskitchen.at\/wp-content\/uploads\/2020\/03\/2020-03-02-18.49.23-1-125x94.jpg 125w, https:\/\/www.samskitchen.at\/wp-content\/uploads\/2020\/03\/2020-03-02-18.49.23-1.jpg 1200w\" sizes=\"(max-width: 510px) 100vw, 510px\" \/><\/figure><\/li><li class=\"blocks-gallery-item\"><figure><img decoding=\"async\" loading=\"lazy\" width=\"510\" height=\"383\" src=\"http:\/\/www.samskitchen.at\/wp-content\/uploads\/2020\/03\/2020-03-02-18.49.59-510x383.jpg\" alt=\"\" data-id=\"3947\" data-full-url=\"http:\/\/www.samskitchen.at\/wp-content\/uploads\/2020\/03\/2020-03-02-18.49.59.jpg\" data-link=\"http:\/\/www.samskitchen.at\/?attachment_id=3947\" class=\"wp-image-3947\" srcset=\"https:\/\/www.samskitchen.at\/wp-content\/uploads\/2020\/03\/2020-03-02-18.49.59-510x383.jpg 510w, https:\/\/www.samskitchen.at\/wp-content\/uploads\/2020\/03\/2020-03-02-18.49.59-300x225.jpg 300w, https:\/\/www.samskitchen.at\/wp-content\/uploads\/2020\/03\/2020-03-02-18.49.59-768x576.jpg 768w, https:\/\/www.samskitchen.at\/wp-content\/uploads\/2020\/03\/2020-03-02-18.49.59-125x94.jpg 125w, https:\/\/www.samskitchen.at\/wp-content\/uploads\/2020\/03\/2020-03-02-18.49.59.jpg 1200w\" sizes=\"(max-width: 510px) 100vw, 510px\" \/><\/figure><\/li><li class=\"blocks-gallery-item\"><figure><img decoding=\"async\" loading=\"lazy\" width=\"510\" height=\"383\" src=\"http:\/\/www.samskitchen.at\/wp-content\/uploads\/2020\/03\/2020-03-02-18.49.23-510x383.jpg\" alt=\"\" data-id=\"3945\" data-full-url=\"http:\/\/www.samskitchen.at\/wp-content\/uploads\/2020\/03\/2020-03-02-18.49.23.jpg\" data-link=\"http:\/\/www.samskitchen.at\/?attachment_id=3945\" class=\"wp-image-3945\" srcset=\"https:\/\/www.samskitchen.at\/wp-content\/uploads\/2020\/03\/2020-03-02-18.49.23-510x383.jpg 510w, https:\/\/www.samskitchen.at\/wp-content\/uploads\/2020\/03\/2020-03-02-18.49.23-300x225.jpg 300w, https:\/\/www.samskitchen.at\/wp-content\/uploads\/2020\/03\/2020-03-02-18.49.23-768x576.jpg 768w, https:\/\/www.samskitchen.at\/wp-content\/uploads\/2020\/03\/2020-03-02-18.49.23-125x94.jpg 125w, https:\/\/www.samskitchen.at\/wp-content\/uploads\/2020\/03\/2020-03-02-18.49.23.jpg 1200w\" sizes=\"(max-width: 510px) 100vw, 510px\" \/><\/figure><\/li><li class=\"blocks-gallery-item\"><figure><img decoding=\"async\" loading=\"lazy\" width=\"510\" height=\"383\" src=\"http:\/\/www.samskitchen.at\/wp-content\/uploads\/2020\/03\/2020-03-02-18.48.40-510x383.jpg\" alt=\"\" data-id=\"3944\" data-full-url=\"http:\/\/www.samskitchen.at\/wp-content\/uploads\/2020\/03\/2020-03-02-18.48.40.jpg\" data-link=\"http:\/\/www.samskitchen.at\/?attachment_id=3944\" class=\"wp-image-3944\" srcset=\"https:\/\/www.samskitchen.at\/wp-content\/uploads\/2020\/03\/2020-03-02-18.48.40-510x383.jpg 510w, https:\/\/www.samskitchen.at\/wp-content\/uploads\/2020\/03\/2020-03-02-18.48.40-300x225.jpg 300w, https:\/\/www.samskitchen.at\/wp-content\/uploads\/2020\/03\/2020-03-02-18.48.40-768x576.jpg 768w, https:\/\/www.samskitchen.at\/wp-content\/uploads\/2020\/03\/2020-03-02-18.48.40-125x94.jpg 125w, https:\/\/www.samskitchen.at\/wp-content\/uploads\/2020\/03\/2020-03-02-18.48.40.jpg 1200w\" sizes=\"(max-width: 510px) 100vw, 510px\" \/><\/figure><\/li><li class=\"blocks-gallery-item\"><figure><img decoding=\"async\" loading=\"lazy\" width=\"510\" height=\"383\" src=\"http:\/\/www.samskitchen.at\/wp-content\/uploads\/2020\/03\/2020-03-02-18.48.25-510x383.jpg\" alt=\"\" data-id=\"3943\" data-full-url=\"http:\/\/www.samskitchen.at\/wp-content\/uploads\/2020\/03\/2020-03-02-18.48.25.jpg\" data-link=\"http:\/\/www.samskitchen.at\/?attachment_id=3943\" class=\"wp-image-3943\" srcset=\"https:\/\/www.samskitchen.at\/wp-content\/uploads\/2020\/03\/2020-03-02-18.48.25-510x383.jpg 510w, https:\/\/www.samskitchen.at\/wp-content\/uploads\/2020\/03\/2020-03-02-18.48.25-300x225.jpg 300w, https:\/\/www.samskitchen.at\/wp-content\/uploads\/2020\/03\/2020-03-02-18.48.25-768x576.jpg 768w, https:\/\/www.samskitchen.at\/wp-content\/uploads\/2020\/03\/2020-03-02-18.48.25-125x94.jpg 125w, https:\/\/www.samskitchen.at\/wp-content\/uploads\/2020\/03\/2020-03-02-18.48.25.jpg 1200w\" sizes=\"(max-width: 510px) 100vw, 510px\" \/><\/figure><\/li><li class=\"blocks-gallery-item\"><figure><img decoding=\"async\" loading=\"lazy\" width=\"510\" height=\"383\" src=\"http:\/\/www.samskitchen.at\/wp-content\/uploads\/2020\/03\/2020-03-02-18.48.22-510x383.jpg\" alt=\"\" data-id=\"3942\" data-full-url=\"http:\/\/www.samskitchen.at\/wp-content\/uploads\/2020\/03\/2020-03-02-18.48.22.jpg\" data-link=\"http:\/\/www.samskitchen.at\/?attachment_id=3942\" class=\"wp-image-3942\" srcset=\"https:\/\/www.samskitchen.at\/wp-content\/uploads\/2020\/03\/2020-03-02-18.48.22-510x383.jpg 510w, https:\/\/www.samskitchen.at\/wp-content\/uploads\/2020\/03\/2020-03-02-18.48.22-300x225.jpg 300w, https:\/\/www.samskitchen.at\/wp-content\/uploads\/2020\/03\/2020-03-02-18.48.22-768x576.jpg 768w, https:\/\/www.samskitchen.at\/wp-content\/uploads\/2020\/03\/2020-03-02-18.48.22-125x94.jpg 125w, https:\/\/www.samskitchen.at\/wp-content\/uploads\/2020\/03\/2020-03-02-18.48.22.jpg 1200w\" sizes=\"(max-width: 510px) 100vw, 510px\" \/><\/figure><\/li><li class=\"blocks-gallery-item\"><figure><img decoding=\"async\" loading=\"lazy\" width=\"510\" height=\"383\" src=\"http:\/\/www.samskitchen.at\/wp-content\/uploads\/2020\/03\/2020-03-02-18.48.21-510x383.jpg\" alt=\"\" data-id=\"3941\" data-full-url=\"http:\/\/www.samskitchen.at\/wp-content\/uploads\/2020\/03\/2020-03-02-18.48.21.jpg\" data-link=\"http:\/\/www.samskitchen.at\/?attachment_id=3941\" class=\"wp-image-3941\" srcset=\"https:\/\/www.samskitchen.at\/wp-content\/uploads\/2020\/03\/2020-03-02-18.48.21-510x383.jpg 510w, https:\/\/www.samskitchen.at\/wp-content\/uploads\/2020\/03\/2020-03-02-18.48.21-300x225.jpg 300w, https:\/\/www.samskitchen.at\/wp-content\/uploads\/2020\/03\/2020-03-02-18.48.21-768x576.jpg 768w, https:\/\/www.samskitchen.at\/wp-content\/uploads\/2020\/03\/2020-03-02-18.48.21-125x94.jpg 125w, https:\/\/www.samskitchen.at\/wp-content\/uploads\/2020\/03\/2020-03-02-18.48.21.jpg 1200w\" sizes=\"(max-width: 510px) 100vw, 510px\" \/><\/figure><\/li><li class=\"blocks-gallery-item\"><figure><img decoding=\"async\" loading=\"lazy\" width=\"510\" height=\"383\" src=\"http:\/\/www.samskitchen.at\/wp-content\/uploads\/2020\/03\/2020-03-02-18.26.24-510x383.jpg\" alt=\"\" data-id=\"3940\" data-full-url=\"http:\/\/www.samskitchen.at\/wp-content\/uploads\/2020\/03\/2020-03-02-18.26.24.jpg\" data-link=\"http:\/\/www.samskitchen.at\/?attachment_id=3940\" class=\"wp-image-3940\" srcset=\"https:\/\/www.samskitchen.at\/wp-content\/uploads\/2020\/03\/2020-03-02-18.26.24-510x383.jpg 510w, https:\/\/www.samskitchen.at\/wp-content\/uploads\/2020\/03\/2020-03-02-18.26.24-300x225.jpg 300w, https:\/\/www.samskitchen.at\/wp-content\/uploads\/2020\/03\/2020-03-02-18.26.24-768x576.jpg 768w, https:\/\/www.samskitchen.at\/wp-content\/uploads\/2020\/03\/2020-03-02-18.26.24-125x94.jpg 125w, https:\/\/www.samskitchen.at\/wp-content\/uploads\/2020\/03\/2020-03-02-18.26.24.jpg 1200w\" sizes=\"(max-width: 510px) 100vw, 510px\" \/><\/figure><\/li><li class=\"blocks-gallery-item\"><figure><img decoding=\"async\" loading=\"lazy\" width=\"510\" height=\"383\" src=\"http:\/\/www.samskitchen.at\/wp-content\/uploads\/2020\/03\/2020-03-02-18.06.11-510x383.jpg\" alt=\"\" data-id=\"3939\" data-full-url=\"http:\/\/www.samskitchen.at\/wp-content\/uploads\/2020\/03\/2020-03-02-18.06.11.jpg\" data-link=\"http:\/\/www.samskitchen.at\/?attachment_id=3939\" class=\"wp-image-3939\" srcset=\"https:\/\/www.samskitchen.at\/wp-content\/uploads\/2020\/03\/2020-03-02-18.06.11-510x383.jpg 510w, https:\/\/www.samskitchen.at\/wp-content\/uploads\/2020\/03\/2020-03-02-18.06.11-300x225.jpg 300w, https:\/\/www.samskitchen.at\/wp-content\/uploads\/2020\/03\/2020-03-02-18.06.11-768x576.jpg 768w, https:\/\/www.samskitchen.at\/wp-content\/uploads\/2020\/03\/2020-03-02-18.06.11-125x94.jpg 125w, https:\/\/www.samskitchen.at\/wp-content\/uploads\/2020\/03\/2020-03-02-18.06.11.jpg 1200w\" sizes=\"(max-width: 510px) 100vw, 510px\" \/><\/figure><\/li><li class=\"blocks-gallery-item\"><figure><img decoding=\"async\" loading=\"lazy\" width=\"510\" height=\"383\" src=\"http:\/\/www.samskitchen.at\/wp-content\/uploads\/2020\/03\/2020-03-02-18.06.07-510x383.jpg\" alt=\"\" data-id=\"3938\" data-full-url=\"http:\/\/www.samskitchen.at\/wp-content\/uploads\/2020\/03\/2020-03-02-18.06.07.jpg\" data-link=\"http:\/\/www.samskitchen.at\/?attachment_id=3938\" class=\"wp-image-3938\" srcset=\"https:\/\/www.samskitchen.at\/wp-content\/uploads\/2020\/03\/2020-03-02-18.06.07-510x383.jpg 510w, https:\/\/www.samskitchen.at\/wp-content\/uploads\/2020\/03\/2020-03-02-18.06.07-300x225.jpg 300w, https:\/\/www.samskitchen.at\/wp-content\/uploads\/2020\/03\/2020-03-02-18.06.07-768x576.jpg 768w, https:\/\/www.samskitchen.at\/wp-content\/uploads\/2020\/03\/2020-03-02-18.06.07-125x94.jpg 125w, https:\/\/www.samskitchen.at\/wp-content\/uploads\/2020\/03\/2020-03-02-18.06.07.jpg 1200w\" sizes=\"(max-width: 510px) 100vw, 510px\" \/><\/figure><\/li><li class=\"blocks-gallery-item\"><figure><img decoding=\"async\" loading=\"lazy\" width=\"510\" height=\"383\" src=\"http:\/\/www.samskitchen.at\/wp-content\/uploads\/2020\/03\/2020-03-02-18.06.03-510x383.jpg\" alt=\"\" data-id=\"3937\" data-full-url=\"http:\/\/www.samskitchen.at\/wp-content\/uploads\/2020\/03\/2020-03-02-18.06.03.jpg\" data-link=\"http:\/\/www.samskitchen.at\/?attachment_id=3937\" class=\"wp-image-3937\" srcset=\"https:\/\/www.samskitchen.at\/wp-content\/uploads\/2020\/03\/2020-03-02-18.06.03-510x383.jpg 510w, https:\/\/www.samskitchen.at\/wp-content\/uploads\/2020\/03\/2020-03-02-18.06.03-300x225.jpg 300w, https:\/\/www.samskitchen.at\/wp-content\/uploads\/2020\/03\/2020-03-02-18.06.03-768x576.jpg 768w, https:\/\/www.samskitchen.at\/wp-content\/uploads\/2020\/03\/2020-03-02-18.06.03-125x94.jpg 125w, https:\/\/www.samskitchen.at\/wp-content\/uploads\/2020\/03\/2020-03-02-18.06.03.jpg 1200w\" sizes=\"(max-width: 510px) 100vw, 510px\" \/><\/figure><\/li><\/ul><\/figure>\n","protected":false},"excerpt":{"rendered":"<p>Auf besonderen Wunsch hab ich versucht ein Weckerl nachzubauen dass in einer Ober\u00f6sterreichischen B\u00e4ckerei angeboten wird &#8211; Joghurtriegel &#8211; Ausgestattet nur mit einer Zutatenliste die mich eigentlich nicht unbedingt ansprach habe ich versucht es nachzumachen ohne den originalen Geschmack zu kennen. Herausgekommen ist ein wunderbares Wecker, r\u00f6sche Kruste, wattige Krume und durch die Saaten ein wunderbarer Geschmack. Dieses Wecker passt &hellip;<\/p>\n","protected":false},"author":1,"featured_media":3944,"comment_status":"open","ping_status":"open","sticky":false,"template":"","format":"standard","meta":{"_mi_skip_tracking":false,"_exactmetrics_sitenote_active":false,"_exactmetrics_sitenote_note":"","_exactmetrics_sitenote_category":0,"ngg_post_thumbnail":0,"jetpack_post_was_ever_published":false,"_jetpack_newsletter_access":"","footnotes":"","jetpack_publicize_message":"","jetpack_is_tweetstorm":false,"jetpack_publicize_feature_enabled":true,"jetpack_social_post_already_shared":true,"jetpack_social_options":{"image_generator_settings":{"template":"highway","enabled":false}}},"categories":[2],"tags":[111,300,377,35],"jetpack_publicize_connections":[],"jetpack_featured_media_url":"https:\/\/www.samskitchen.at\/wp-content\/uploads\/2020\/03\/2020-03-02-18.48.40.jpg","jetpack_sharing_enabled":true,"jetpack_shortlink":"https:\/\/wp.me\/p41IW0-11t","_links":{"self":[{"href":"https:\/\/www.samskitchen.at\/index.php?rest_route=\/wp\/v2\/posts\/3935"}],"collection":[{"href":"https:\/\/www.samskitchen.at\/index.php?rest_route=\/wp\/v2\/posts"}],"about":[{"href":"https:\/\/www.samskitchen.at\/index.php?rest_route=\/wp\/v2\/types\/post"}],"author":[{"embeddable":true,"href":"https:\/\/www.samskitchen.at\/index.php?rest_route=\/wp\/v2\/users\/1"}],"replies":[{"embeddable":true,"href":"https:\/\/www.samskitchen.at\/index.php?rest_route=%2Fwp%2Fv2%2Fcomments&post=3935"}],"version-history":[{"count":5,"href":"https:\/\/www.samskitchen.at\/index.php?rest_route=\/wp\/v2\/posts\/3935\/revisions"}],"predecessor-version":[{"id":3952,"href":"https:\/\/www.samskitchen.at\/index.php?rest_route=\/wp\/v2\/posts\/3935\/revisions\/3952"}],"wp:featuredmedia":[{"embeddable":true,"href":"https:\/\/www.samskitchen.at\/index.php?rest_route=\/wp\/v2\/media\/3944"}],"wp:attachment":[{"href":"https:\/\/www.samskitchen.at\/index.php?rest_route=%2Fwp%2Fv2%2Fmedia&parent=3935"}],"wp:term":[{"taxonomy":"category","embeddable":true,"href":"https:\/\/www.samskitchen.at\/index.php?rest_route=%2Fwp%2Fv2%2Fcategories&post=3935"},{"taxonomy":"post_tag","embeddable":true,"href":"https:\/\/www.samskitchen.at\/index.php?rest_route=%2Fwp%2Fv2%2Ftags&post=3935"}],"curies":[{"name":"wp","href":"https:\/\/api.w.org\/{rel}","templated":true}]}}