{"id":3906,"date":"2020-01-27T11:42:09","date_gmt":"2020-01-27T10:42:09","guid":{"rendered":"http:\/\/www.samskitchen.at\/?p=3906"},"modified":"2020-01-27T11:42:09","modified_gmt":"2020-01-27T10:42:09","slug":"speckstangerln","status":"publish","type":"post","link":"https:\/\/www.samskitchen.at\/?p=3906","title":{"rendered":"Speckstangerln"},"content":{"rendered":"\n<figure class=\"wp-block-image size-large\"><img decoding=\"async\" loading=\"lazy\" width=\"510\" height=\"382\" src=\"http:\/\/www.samskitchen.at\/wp-content\/uploads\/2014\/01\/2013-07-07-18.46.47-510x382.jpg\" alt=\"\" class=\"wp-image-687\" srcset=\"https:\/\/www.samskitchen.at\/wp-content\/uploads\/2014\/01\/2013-07-07-18.46.47-510x382.jpg 510w, https:\/\/www.samskitchen.at\/wp-content\/uploads\/2014\/01\/2013-07-07-18.46.47-300x225.jpg 300w, https:\/\/www.samskitchen.at\/wp-content\/uploads\/2014\/01\/2013-07-07-18.46.47-530x397.jpg 530w, https:\/\/www.samskitchen.at\/wp-content\/uploads\/2014\/01\/2013-07-07-18.46.47.jpg 800w\" sizes=\"(max-width: 510px) 100vw, 510px\" \/><\/figure>\n\n\n\n<p>&#8222;JAUSNEN&#8220; Wird in  K\u00e4rnten gross geschrieben. Was ist das? Nicht alle wissen was dieses Wort in K\u00e4rnten f\u00fcr eine Bedeutung hat. In Wien zum Beispiel bedeutet es, wenn man zu einer &#8222;Jause&#8220; eingeladen wird &#8211; Kaffee und Kuchen.  Diese unterschiedliche Bedeutung hat schon zu gewaltigen Missverst\u00e4ndnissen gef\u00fchrt und zu nie wieder gutzumachenden Entt\u00e4uschungen. Wenn ein K\u00e4rntner zu einer Jause eingeladen wird, gehen seine Augen auf und er bekommt ein Leuchten im Gesicht, dass Seinesgleichen sucht. Ein unbeschreibliches Gl\u00fccksgef\u00fchl durchstr\u00f6mt den K\u00f6rper, nur wenn er die Redewendung h\u00f6rt: &#8222;Gema wos Jausnan&#8220; F\u00fcr einen nicht K\u00e4rntner nicht nachzuvollziehen Aber was ist eine &#8222;Jause&#8220; jetzt wirklich?<br>Die\u00a0<strong>Jause<\/strong>\u00a0ist, wie in Deutschland die Brotzeit, eine Zwischenmahlzeit, meist zwischen Mittag und Abendessen, die Vormittagsjause allerdings schon zwischen Fr\u00fchst\u00fcck und Mittag und die Zutaten sind von Region zu Region verschieden. <br>In K\u00e4rnten ist &#8222;a Jausn&#8220; immer was eher Deftiges. Wurst, K\u00e4ste, Speck, Schinken u.s.w.<br>Beim Speck bleibt aber meistens der Anschnitt \u00fcbrig und was macht man damit? Da Hunde meistens ges\u00fcnder leben als wir Menschen, kann man unseren geliebten Vierbeinern sowas nicht f\u00fcttern, auch wenn Sie noch so lieb dreinschauen. Also fein aufschneiden, w\u00fcrfeln und zu Speckkn\u00f6deln verarbeiten. Oder und jetzt sind wir schon beim Thema &#8211; Speckstangerln &#8211; genau die machen wir jetzt.<br><\/p>\n\n\n\n<p><strong>Rezept f\u00fcr ca. 20 Stangerln<\/strong><br>800 g Weizenmehl W700 (W550)<br>200 g Weizenvollkornmehl <br>100 g Lievito Madre (an Vortag aufgefrischt)<br>10 g frische Hefe<br>20 g Salz<br>50 g Oliven\u00f6l<br>700 g Wasser (kalt)<br>150 g Speck (durchzogen oder mager)<br><\/p>\n\n\n\n<p>Zuerst vermischen wir alle Zutaten ausser \u00d6l und Speck zu einer klumpenfreien Masse und kneten dann ca. 5 Minuten, dann f\u00fcgen wir das \u00d6l in kleinen Rationen hinzu und zum Schluss den gew\u00fcrfelten Speck. (Bitte darauf achten, dass der Speck nicht schon vorher durch regelm\u00e4ssiges Kosten dezimiert wird) Es wird dann weitergeknetet aber mit einem schnellerem Gang. Solange weiter kneten bis der &#8222;Fenstertest&#8220; gelingt. Dann wird der Teig in einer ge\u00f6lten Plastiksch\u00fcssel f\u00fcr zwei Stunden bei Raumtemperatur zur Gare gestellt. Anschliessend auf eine gut bemehlte Arbeitsfl\u00e4che st\u00fcrzen und zu einem Rechteck mit der Hand ausziehen. Mit einer Teigkarte werden dann d\u00fcnne ca 3 cm breite Streifen abgestochen und zu langen Stangerln gedreht. St\u00fcckgare 30 Minuten.<br>Backofen auf 250 Grad aufheizen. <br>Gebacken wird ca. 20 Minuten, fallend auf 220 Grad mit viel Schwaden. Vor Ende der Backzeit Schwaden ablassen. <br>Ausk\u00fchlen lassen und geniessen.<\/p>\n\n\n\n<figure class=\"wp-block-image size-large\"><img decoding=\"async\" loading=\"lazy\" width=\"510\" height=\"383\" src=\"http:\/\/www.samskitchen.at\/wp-content\/uploads\/2020\/01\/2020-01-26-15.15.18-1-510x383.jpg\" alt=\"\" class=\"wp-image-3912\" srcset=\"https:\/\/www.samskitchen.at\/wp-content\/uploads\/2020\/01\/2020-01-26-15.15.18-1-510x383.jpg 510w, https:\/\/www.samskitchen.at\/wp-content\/uploads\/2020\/01\/2020-01-26-15.15.18-1-300x225.jpg 300w, https:\/\/www.samskitchen.at\/wp-content\/uploads\/2020\/01\/2020-01-26-15.15.18-1-768x576.jpg 768w, https:\/\/www.samskitchen.at\/wp-content\/uploads\/2020\/01\/2020-01-26-15.15.18-1-125x94.jpg 125w, https:\/\/www.samskitchen.at\/wp-content\/uploads\/2020\/01\/2020-01-26-15.15.18-1.jpg 1200w\" sizes=\"(max-width: 510px) 100vw, 510px\" \/><\/figure>\n\n\n\n<figure class=\"wp-block-image size-large\"><img decoding=\"async\" loading=\"lazy\" width=\"510\" height=\"383\" src=\"http:\/\/www.samskitchen.at\/wp-content\/uploads\/2020\/01\/2020-01-26-15.15.21-510x383.jpg\" alt=\"\" class=\"wp-image-3911\" srcset=\"https:\/\/www.samskitchen.at\/wp-content\/uploads\/2020\/01\/2020-01-26-15.15.21-510x383.jpg 510w, https:\/\/www.samskitchen.at\/wp-content\/uploads\/2020\/01\/2020-01-26-15.15.21-300x225.jpg 300w, https:\/\/www.samskitchen.at\/wp-content\/uploads\/2020\/01\/2020-01-26-15.15.21-768x576.jpg 768w, https:\/\/www.samskitchen.at\/wp-content\/uploads\/2020\/01\/2020-01-26-15.15.21-125x94.jpg 125w, https:\/\/www.samskitchen.at\/wp-content\/uploads\/2020\/01\/2020-01-26-15.15.21.jpg 1200w\" sizes=\"(max-width: 510px) 100vw, 510px\" \/><\/figure>\n\n\n\n<figure class=\"wp-block-image size-large\"><img decoding=\"async\" loading=\"lazy\" width=\"510\" height=\"383\" src=\"http:\/\/www.samskitchen.at\/wp-content\/uploads\/2020\/01\/2020-01-26-15.15.42-510x383.jpg\" alt=\"\" class=\"wp-image-3910\" srcset=\"https:\/\/www.samskitchen.at\/wp-content\/uploads\/2020\/01\/2020-01-26-15.15.42-510x383.jpg 510w, https:\/\/www.samskitchen.at\/wp-content\/uploads\/2020\/01\/2020-01-26-15.15.42-300x225.jpg 300w, https:\/\/www.samskitchen.at\/wp-content\/uploads\/2020\/01\/2020-01-26-15.15.42-768x576.jpg 768w, https:\/\/www.samskitchen.at\/wp-content\/uploads\/2020\/01\/2020-01-26-15.15.42-125x94.jpg 125w, https:\/\/www.samskitchen.at\/wp-content\/uploads\/2020\/01\/2020-01-26-15.15.42.jpg 1200w\" sizes=\"(max-width: 510px) 100vw, 510px\" \/><\/figure>\n\n\n\n<figure class=\"wp-block-image size-large\"><img decoding=\"async\" loading=\"lazy\" width=\"510\" height=\"383\" src=\"http:\/\/www.samskitchen.at\/wp-content\/uploads\/2020\/01\/2020-01-26-15.15.18-510x383.jpg\" alt=\"\" class=\"wp-image-3908\" srcset=\"https:\/\/www.samskitchen.at\/wp-content\/uploads\/2020\/01\/2020-01-26-15.15.18-510x383.jpg 510w, https:\/\/www.samskitchen.at\/wp-content\/uploads\/2020\/01\/2020-01-26-15.15.18-300x225.jpg 300w, https:\/\/www.samskitchen.at\/wp-content\/uploads\/2020\/01\/2020-01-26-15.15.18-768x576.jpg 768w, https:\/\/www.samskitchen.at\/wp-content\/uploads\/2020\/01\/2020-01-26-15.15.18-125x94.jpg 125w, https:\/\/www.samskitchen.at\/wp-content\/uploads\/2020\/01\/2020-01-26-15.15.18.jpg 1200w\" sizes=\"(max-width: 510px) 100vw, 510px\" \/><\/figure>\n\n\n\n<p><br><\/p>\n","protected":false},"excerpt":{"rendered":"<p>&#8222;JAUSNEN&#8220; Wird in K\u00e4rnten gross geschrieben. Was ist das? Nicht alle wissen was dieses Wort in K\u00e4rnten f\u00fcr eine Bedeutung hat. In Wien zum Beispiel bedeutet es, wenn man zu einer &#8222;Jause&#8220; eingeladen wird &#8211; Kaffee und Kuchen. Diese unterschiedliche Bedeutung hat schon zu gewaltigen Missverst\u00e4ndnissen gef\u00fchrt und zu nie wieder gutzumachenden Entt\u00e4uschungen. Wenn ein K\u00e4rntner zu einer Jause eingeladen &hellip;<\/p>\n","protected":false},"author":1,"featured_media":3908,"comment_status":"open","ping_status":"open","sticky":false,"template":"","format":"standard","meta":{"_mi_skip_tracking":false,"_exactmetrics_sitenote_active":false,"_exactmetrics_sitenote_note":"","_exactmetrics_sitenote_category":0,"ngg_post_thumbnail":0,"jetpack_post_was_ever_published":false,"_jetpack_newsletter_access":"","footnotes":"","jetpack_publicize_message":"","jetpack_is_tweetstorm":false,"jetpack_publicize_feature_enabled":true,"jetpack_social_post_already_shared":true,"jetpack_social_options":{"image_generator_settings":{"template":"highway","enabled":false}}},"categories":[2],"tags":[150,289,375,66],"jetpack_publicize_connections":[],"jetpack_featured_media_url":"https:\/\/www.samskitchen.at\/wp-content\/uploads\/2020\/01\/2020-01-26-15.15.18.jpg","jetpack_sharing_enabled":true,"jetpack_shortlink":"https:\/\/wp.me\/p41IW0-110","_links":{"self":[{"href":"https:\/\/www.samskitchen.at\/index.php?rest_route=\/wp\/v2\/posts\/3906"}],"collection":[{"href":"https:\/\/www.samskitchen.at\/index.php?rest_route=\/wp\/v2\/posts"}],"about":[{"href":"https:\/\/www.samskitchen.at\/index.php?rest_route=\/wp\/v2\/types\/post"}],"author":[{"embeddable":true,"href":"https:\/\/www.samskitchen.at\/index.php?rest_route=\/wp\/v2\/users\/1"}],"replies":[{"embeddable":true,"href":"https:\/\/www.samskitchen.at\/index.php?rest_route=%2Fwp%2Fv2%2Fcomments&post=3906"}],"version-history":[{"count":3,"href":"https:\/\/www.samskitchen.at\/index.php?rest_route=\/wp\/v2\/posts\/3906\/revisions"}],"predecessor-version":[{"id":3914,"href":"https:\/\/www.samskitchen.at\/index.php?rest_route=\/wp\/v2\/posts\/3906\/revisions\/3914"}],"wp:featuredmedia":[{"embeddable":true,"href":"https:\/\/www.samskitchen.at\/index.php?rest_route=\/wp\/v2\/media\/3908"}],"wp:attachment":[{"href":"https:\/\/www.samskitchen.at\/index.php?rest_route=%2Fwp%2Fv2%2Fmedia&parent=3906"}],"wp:term":[{"taxonomy":"category","embeddable":true,"href":"https:\/\/www.samskitchen.at\/index.php?rest_route=%2Fwp%2Fv2%2Fcategories&post=3906"},{"taxonomy":"post_tag","embeddable":true,"href":"https:\/\/www.samskitchen.at\/index.php?rest_route=%2Fwp%2Fv2%2Ftags&post=3906"}],"curies":[{"name":"wp","href":"https:\/\/api.w.org\/{rel}","templated":true}]}}