{"id":3881,"date":"2020-01-08T19:35:36","date_gmt":"2020-01-08T18:35:36","guid":{"rendered":"http:\/\/www.samskitchen.at\/?p=3881"},"modified":"2020-01-08T19:35:45","modified_gmt":"2020-01-08T18:35:45","slug":"dukkah-grissini","status":"publish","type":"post","link":"https:\/\/www.samskitchen.at\/?p=3881","title":{"rendered":"Dukkah Grissini"},"content":{"rendered":"\n<figure class=\"wp-block-image size-large\"><img decoding=\"async\" loading=\"lazy\" width=\"510\" height=\"383\" src=\"http:\/\/www.samskitchen.at\/wp-content\/uploads\/2020\/01\/2020-01-08-19.06.40-510x383.jpg\" alt=\"\" class=\"wp-image-3883\" srcset=\"https:\/\/www.samskitchen.at\/wp-content\/uploads\/2020\/01\/2020-01-08-19.06.40-510x383.jpg 510w, https:\/\/www.samskitchen.at\/wp-content\/uploads\/2020\/01\/2020-01-08-19.06.40-300x225.jpg 300w, https:\/\/www.samskitchen.at\/wp-content\/uploads\/2020\/01\/2020-01-08-19.06.40-768x576.jpg 768w, https:\/\/www.samskitchen.at\/wp-content\/uploads\/2020\/01\/2020-01-08-19.06.40-1536x1152.jpg 1536w, https:\/\/www.samskitchen.at\/wp-content\/uploads\/2020\/01\/2020-01-08-19.06.40-125x94.jpg 125w, https:\/\/www.samskitchen.at\/wp-content\/uploads\/2020\/01\/2020-01-08-19.06.40.jpg 2000w\" sizes=\"(max-width: 510px) 100vw, 510px\" \/><\/figure>\n\n\n\n<p>oder &#8211; \u00c4gypten trifft Italien.<br>Normalerweise ist Dukkah ein \u00c4gyptisches Gew\u00fcrz, dass mit Brot und Oliven\u00f6l gegessen wird. Mann stellt eine Schale mit Dukkah und eine weitere mit gutem Oliven\u00f6l auf den Tisch und taucht das Brot in das Oliven\u00f6l und anschliessend in die orientalische Gew\u00fcrzmischung. <br>Ich dachte mir, diese Gew\u00fcrzmischung w\u00fcrde auch als orientalische Note f\u00fcr Grissinis auch passen. Den Anstoss f\u00fcr diesen Ausrutscher gab mir Lukas Mariel vom <a href=\"http:\/\/www.mariel.at\">Weingut Mariel in Wulkerprodersdorf<\/a>. Wenn Ihr einmal zuf\u00e4llig in dieser Gegend seid, unbedingt vorbeischauen &#8211; es zahlt sich aus. Lukas ein Hobbyb\u00e4cker und Winzer, suchte f\u00fcr seine Gr\u00fcne Veltliner- Suppe (wird im J\u00e4nner 2020) im hauseigenen Heurigen serviert, eine passende Beilage. Aber was hat ein Gr\u00fcner Veltliner mit \u00c4gypten oder Italien gemein? Gegens\u00e4tze ziehen sich Bekannterweise an. Und Gr\u00fcnen Veltliner mag auch nicht ein Jeder. Obwohl es in den letzen Jahren eine gewaltige Ver\u00e4nderung beim Gr\u00fcnen Veltliner gegeben hat. Er ist Salonf\u00e4hig geworden und erringt bei internationalen Weinverkostungen laufend Spitzenbewertungen. Fr\u00fcher als saurer Wein bekannt &#8211; heute ein Spitzenwein. Ganz besonders der Gr\u00fcne vom Mariel. Bin gespannt ob es diese Kombination ein Mariel geben wird.<\/p>\n\n\n\n<p><strong>Rezept:<\/strong><br>500 g Weizenmehl W700 oder Tipo 0<br>10 g frische Hefe<br>10 g Salz<br>60 g Oliven\u00f6l<br>50 g Dukkah (oder man mach es selbst. Rezept am Ende des Beitrags)<br>300 g Wasser ca. 25 Grad<br><br>Alle Zutaten gut vermischen und gut auskneten, damit ein sch\u00f6ner glatter Teig entsteht der sich von der Knetsch\u00fcssel l\u00e4sst.<br>In einer leicht ge\u00f6lten Sch\u00fcssel abgedeckt ca. 2 Stunden gehen lassen. Der Teig sollte sich verdoppelt haben.  <br>Anschliessend wird der Teig auf einer leicht bemehlten Arbeitsplatte zu einem Rechteck mit der Hand ausgezogen. Die rechteckige Teigplatte sollte ca. eine St\u00e4rke von 3 &#8211; 5  mm haben.<br>Mit einer Teigkarte werden dann ca 1 -2 cm breite Streifen abgestochen, der L\u00e4nge nach zusammengelegt,  eingedreht  und auf die gew\u00fcnschte L\u00e4nge gebracht. Man kann nat\u00fcrlich das eindrehen auch auslassen und gleich die Stangerln wie gewollt ausrollen. <br>Den Backofen in der Zwischenzeit auf 220 Grad aufheizen. <br>Die geformten Stangen zugedeckt ca 30 Minuten reifen lassen. Wenn sie sch\u00f6n aufgegangen sind in den aufgeheizten Backofen geben und ohne Schwaden sch\u00f6n goldbraun aufbacken. Je nach St\u00e4rke der Grissinis dauerte es 7 &#8211; 15 Minuten. Also bitte immer sch\u00f6n beobachten &#8211; nicht die Uhr sondern die Grissinis. Ausk\u00fchlen lassen und geniessen.   Oder beim <a href=\"http:\/\/www.mariel.at\">Mariel<\/a> vorbeischauen und eventuell hat Lukas sie gebacken. <br>Mein besonderer Dank gilt der <a href=\"http:\/\/www.lamuehla.at\/?kat=2&amp;Aktuelles\">Langer-M\u00fchle in Atzenbrugg,<\/a> die mir liebensw\u00fcrdiger Weise das vorz\u00fcgliche Mehl W700 zur Verf\u00fcgung gestellt hat. <\/p>\n\n\n\n<p><br><strong>Rezept f\u00fcr Dukkah:<\/strong><\/p>\n\n\n\n<ul><li>2 El Haselnusskerne\u00a0<\/li><li>1 El Cashewkerne\u00a0<\/li><li>1 El Pinienkerne\u00a0<\/li><li>2 El helle Sesamsaat\u00a0<\/li><li>2 Tl Kreuzk\u00fcmmel\u00a0<\/li><li>1 El Koriandersaat\u00a0<\/li><li>1 El schwarze Pfefferk\u00f6rner\u00a0<\/li><li>2 Tl edels\u00fc\u00dfes Paprikapulver\u00a0<\/li><li>2 Tl grobes Meersalz (Fleur de sel)\u00a0<\/li><li>0.5 Tl getrockneter Oregano\u00a0<\/li><li>1 Tl schwarze Sesamsaat<br><br>Haseln\u00fcsse, Cashew- und Pinienkerne  nicht zu fein zerkleinern. <br>Mit dem hellen Sesam in einer Pfanne ohne Fett goldbraun r\u00f6sten.<br>Kreuzk\u00fcmmel, Koriander und Pfeffer in einer Pfanne ohne Fett 1-2 Minuten r\u00f6sten, etwas abk\u00fchlen lassen und im M\u00f6rser fein zersto\u00dfen.<br>Nuss- und Gew\u00fcrzmischung mit Paprika, Salz, Oregano, schwarzem Sesam mischen.<\/li><\/ul>\n\n\n\n<p><\/p>\n\n\n\n<figure class=\"wp-block-image size-large\"><img decoding=\"async\" loading=\"lazy\" width=\"510\" height=\"680\" src=\"http:\/\/www.samskitchen.at\/wp-content\/uploads\/2020\/01\/2020-01-08-19.07.00-1-510x680.jpg\" alt=\"\" class=\"wp-image-3890\" srcset=\"https:\/\/www.samskitchen.at\/wp-content\/uploads\/2020\/01\/2020-01-08-19.07.00-1-510x680.jpg 510w, https:\/\/www.samskitchen.at\/wp-content\/uploads\/2020\/01\/2020-01-08-19.07.00-1-225x300.jpg 225w, https:\/\/www.samskitchen.at\/wp-content\/uploads\/2020\/01\/2020-01-08-19.07.00-1-768x1024.jpg 768w, https:\/\/www.samskitchen.at\/wp-content\/uploads\/2020\/01\/2020-01-08-19.07.00-1-1152x1536.jpg 1152w, https:\/\/www.samskitchen.at\/wp-content\/uploads\/2020\/01\/2020-01-08-19.07.00-1-75x100.jpg 75w, https:\/\/www.samskitchen.at\/wp-content\/uploads\/2020\/01\/2020-01-08-19.07.00-1.jpg 1500w\" sizes=\"(max-width: 510px) 100vw, 510px\" \/><\/figure>\n\n\n\n<figure class=\"wp-block-image size-large\"><img decoding=\"async\" loading=\"lazy\" width=\"510\" height=\"680\" src=\"http:\/\/www.samskitchen.at\/wp-content\/uploads\/2020\/01\/2020-01-08-19.06.55-1-510x680.jpg\" alt=\"\" class=\"wp-image-3891\" srcset=\"https:\/\/www.samskitchen.at\/wp-content\/uploads\/2020\/01\/2020-01-08-19.06.55-1-510x680.jpg 510w, https:\/\/www.samskitchen.at\/wp-content\/uploads\/2020\/01\/2020-01-08-19.06.55-1-225x300.jpg 225w, https:\/\/www.samskitchen.at\/wp-content\/uploads\/2020\/01\/2020-01-08-19.06.55-1-768x1024.jpg 768w, https:\/\/www.samskitchen.at\/wp-content\/uploads\/2020\/01\/2020-01-08-19.06.55-1-1152x1536.jpg 1152w, https:\/\/www.samskitchen.at\/wp-content\/uploads\/2020\/01\/2020-01-08-19.06.55-1-75x100.jpg 75w, https:\/\/www.samskitchen.at\/wp-content\/uploads\/2020\/01\/2020-01-08-19.06.55-1.jpg 1500w\" sizes=\"(max-width: 510px) 100vw, 510px\" \/><\/figure>\n\n\n\n<figure class=\"wp-block-image size-large\"><img decoding=\"async\" loading=\"lazy\" width=\"510\" height=\"383\" src=\"http:\/\/www.samskitchen.at\/wp-content\/uploads\/2020\/01\/2020-01-08-19.06.40-3-510x383.jpg\" alt=\"\" class=\"wp-image-3892\" srcset=\"https:\/\/www.samskitchen.at\/wp-content\/uploads\/2020\/01\/2020-01-08-19.06.40-3-510x383.jpg 510w, https:\/\/www.samskitchen.at\/wp-content\/uploads\/2020\/01\/2020-01-08-19.06.40-3-300x225.jpg 300w, https:\/\/www.samskitchen.at\/wp-content\/uploads\/2020\/01\/2020-01-08-19.06.40-3-768x576.jpg 768w, https:\/\/www.samskitchen.at\/wp-content\/uploads\/2020\/01\/2020-01-08-19.06.40-3-125x94.jpg 125w, https:\/\/www.samskitchen.at\/wp-content\/uploads\/2020\/01\/2020-01-08-19.06.40-3.jpg 1500w\" sizes=\"(max-width: 510px) 100vw, 510px\" \/><\/figure>\n\n\n\n<figure class=\"wp-block-image size-large\"><img decoding=\"async\" loading=\"lazy\" width=\"510\" height=\"383\" src=\"http:\/\/www.samskitchen.at\/wp-content\/uploads\/2020\/01\/2020-01-08-19.06.20-1-510x383.jpg\" alt=\"\" class=\"wp-image-3894\" srcset=\"https:\/\/www.samskitchen.at\/wp-content\/uploads\/2020\/01\/2020-01-08-19.06.20-1-510x383.jpg 510w, https:\/\/www.samskitchen.at\/wp-content\/uploads\/2020\/01\/2020-01-08-19.06.20-1-300x225.jpg 300w, https:\/\/www.samskitchen.at\/wp-content\/uploads\/2020\/01\/2020-01-08-19.06.20-1-768x576.jpg 768w, https:\/\/www.samskitchen.at\/wp-content\/uploads\/2020\/01\/2020-01-08-19.06.20-1-125x94.jpg 125w, https:\/\/www.samskitchen.at\/wp-content\/uploads\/2020\/01\/2020-01-08-19.06.20-1.jpg 1500w\" sizes=\"(max-width: 510px) 100vw, 510px\" \/><\/figure>\n\n\n\n<p><br><br><br><\/p>\n","protected":false},"excerpt":{"rendered":"<p>oder &#8211; \u00c4gypten trifft Italien.Normalerweise ist Dukkah ein \u00c4gyptisches Gew\u00fcrz, dass mit Brot und Oliven\u00f6l gegessen wird. Mann stellt eine Schale mit Dukkah und eine weitere mit gutem Oliven\u00f6l auf den Tisch und taucht das Brot in das Oliven\u00f6l und anschliessend in die orientalische Gew\u00fcrzmischung. Ich dachte mir, diese Gew\u00fcrzmischung w\u00fcrde auch als orientalische Note f\u00fcr Grissinis auch passen. Den &hellip;<\/p>\n","protected":false},"author":1,"featured_media":3894,"comment_status":"open","ping_status":"open","sticky":false,"template":"","format":"standard","meta":{"_mi_skip_tracking":false,"_exactmetrics_sitenote_active":false,"_exactmetrics_sitenote_note":"","_exactmetrics_sitenote_category":0,"ngg_post_thumbnail":0,"jetpack_post_was_ever_published":false,"_jetpack_newsletter_access":"","footnotes":"","jetpack_publicize_message":"","jetpack_is_tweetstorm":false,"jetpack_publicize_feature_enabled":true,"jetpack_social_post_already_shared":true,"jetpack_social_options":{"image_generator_settings":{"template":"highway","enabled":false}}},"categories":[2],"tags":[348,331],"jetpack_publicize_connections":[],"jetpack_featured_media_url":"https:\/\/www.samskitchen.at\/wp-content\/uploads\/2020\/01\/2020-01-08-19.06.20-1.jpg","jetpack_sharing_enabled":true,"jetpack_shortlink":"https:\/\/wp.me\/p41IW0-10B","_links":{"self":[{"href":"https:\/\/www.samskitchen.at\/index.php?rest_route=\/wp\/v2\/posts\/3881"}],"collection":[{"href":"https:\/\/www.samskitchen.at\/index.php?rest_route=\/wp\/v2\/posts"}],"about":[{"href":"https:\/\/www.samskitchen.at\/index.php?rest_route=\/wp\/v2\/types\/post"}],"author":[{"embeddable":true,"href":"https:\/\/www.samskitchen.at\/index.php?rest_route=\/wp\/v2\/users\/1"}],"replies":[{"embeddable":true,"href":"https:\/\/www.samskitchen.at\/index.php?rest_route=%2Fwp%2Fv2%2Fcomments&post=3881"}],"version-history":[{"count":3,"href":"https:\/\/www.samskitchen.at\/index.php?rest_route=\/wp\/v2\/posts\/3881\/revisions"}],"predecessor-version":[{"id":3896,"href":"https:\/\/www.samskitchen.at\/index.php?rest_route=\/wp\/v2\/posts\/3881\/revisions\/3896"}],"wp:featuredmedia":[{"embeddable":true,"href":"https:\/\/www.samskitchen.at\/index.php?rest_route=\/wp\/v2\/media\/3894"}],"wp:attachment":[{"href":"https:\/\/www.samskitchen.at\/index.php?rest_route=%2Fwp%2Fv2%2Fmedia&parent=3881"}],"wp:term":[{"taxonomy":"category","embeddable":true,"href":"https:\/\/www.samskitchen.at\/index.php?rest_route=%2Fwp%2Fv2%2Fcategories&post=3881"},{"taxonomy":"post_tag","embeddable":true,"href":"https:\/\/www.samskitchen.at\/index.php?rest_route=%2Fwp%2Fv2%2Ftags&post=3881"}],"curies":[{"name":"wp","href":"https:\/\/api.w.org\/{rel}","templated":true}]}}