{"id":3846,"date":"2019-12-02T10:47:33","date_gmt":"2019-12-02T09:47:33","guid":{"rendered":"http:\/\/www.samskitchen.at\/?p=3846"},"modified":"2019-12-02T10:49:52","modified_gmt":"2019-12-02T09:49:52","slug":"croissant-vollkorn","status":"publish","type":"post","link":"https:\/\/www.samskitchen.at\/?p=3846","title":{"rendered":"Croissant (Vollkorn)"},"content":{"rendered":"\n<div class=\"wp-block-image\"><figure class=\"aligncenter\"><img decoding=\"async\" loading=\"lazy\" width=\"510\" height=\"383\" src=\"http:\/\/www.samskitchen.at\/wp-content\/uploads\/2019\/12\/2019-11-30-16.41.29-510x383.jpg\" alt=\"\" class=\"wp-image-3847\" srcset=\"https:\/\/www.samskitchen.at\/wp-content\/uploads\/2019\/12\/2019-11-30-16.41.29-510x383.jpg 510w, https:\/\/www.samskitchen.at\/wp-content\/uploads\/2019\/12\/2019-11-30-16.41.29-300x225.jpg 300w, https:\/\/www.samskitchen.at\/wp-content\/uploads\/2019\/12\/2019-11-30-16.41.29-768x576.jpg 768w, https:\/\/www.samskitchen.at\/wp-content\/uploads\/2019\/12\/2019-11-30-16.41.29-125x94.jpg 125w, https:\/\/www.samskitchen.at\/wp-content\/uploads\/2019\/12\/2019-11-30-16.41.29.jpg 1200w\" sizes=\"(max-width: 510px) 100vw, 510px\" \/><\/figure><\/div>\n\n\n\n<p>Vollkorn-Croissant gibts das wirklich. Nicht nur ein Vollkornkipferl, nein ein richtiges Croissant aus Vollkornmehl. Lange dachte ich, sowas ist nicht m\u00f6glich. Ein Croissant sollte ja doch bestimmte Voraussetzungen erf\u00fcllen. In Italien wurde ich eines Besseren belehrt. In Santa Margherita Ligure in einem kleinen Kaffee gab es so wunderbare Croissant, dass ich nachfragte und zur Antwort bekam &#8222;Questi cornetti sono fatti con farina integrale&#8220; Es hat mehrere Versuche gebraucht bis ich sie so einigermassen hinbekommen hab. Erst mit dem sehr fein ausgemahlenen Vollkornmehl der <a href=\"http:\/\/www.lamuehla.at\">Langer-M\u00fchle in Atzenbrugg<\/a> ist es mir gelungen ein zufriedenstellendes Ergebnis zu erzielen. Nat\u00fcrlich nicht so &#8222;fluffig&#8220; wie gekaufte, aber doch Chroissat wie man sich w\u00fcnscht. Man braucht halt umbedingt ein sehr fein ausgemahlenes Mehl.<\/p>\n\n\n\n<p>Und nun zum Rezept:<\/p>\n\n\n\n<p><strong>Vorteig:<\/strong><\/p>\n\n\n\n<p>150 g Weizenmehl Vollkorn<br>150 g Wasser<br>1 g Frischhefe<\/p>\n\n\n\n<p>Gut verr\u00fchren und 12 Stunden reifen lassen.<\/p>\n\n\n\n<p><strong>Hauptteig<\/strong><\/p>\n\n\n\n<p>Vorteig<br>400 g Weizenmehl Vollkorn<br>135 g kalte Milch <br>eventuell noch etwas Wasser falls das Mehl noch Fl\u00fcssigkeit vertragen sollte<br>14 g Frischhefe<br>40 g&nbsp; Zucker<br>40 g S\u00fc\u00dfrahmbutter<br>11 gr. Salz<\/p>\n\n\n\n<p>Alle Zutaten bis auf das Salz und die Butter gut verkneten, bis der Teig beginnt, elastisch zu werden. Dann die Butter in kleinen St\u00fccken und das Salz unterkneten. Der Teig sollte fest aber elastisch und dehnbar sein. Auf \u00dcberknetung achten, das kann bei festen Teigen schnell passieren! Dann den Teig in einem Beh\u00e4ltnis f\u00fcr 60-90 Minuten im K\u00fchlschrank kalt stellen.<\/p>\n\n\n\n<p><strong>Butterplatte<\/strong><\/p>\n\n\n\n<p>250 g S\u00fc\u00dfrahmbutter<\/p>\n\n\n\n<p>Die Butter in gleich dicke Scheiben schneiden und auf einer lang ausgezogenen Frischhaltefolie aneinander auslegen. Eine weitere Frischhaltefolie dar\u00fcber legen und mit dem Rollholz die Butter gleichm\u00e4\u00dfig zu einer Platte von etwa 0,5-0,7 cm Dicke ausrollen. Mit Folien in den K\u00fchlschrank geben. Die Butterplatte sollte ca. 25 x 20 cm gro\u00df sein.<\/p>\n\n\n\n<p><strong>Tourieren (Einarbeiten der Butter zwischen den Teig):<\/strong><\/p>\n\n\n\n<p>Den gut durchgek\u00fchlten Teig aus dem K\u00fchlschrank nehmen und auf der bemehlten Arbeitsfl\u00e4che etwas mehr als doppelt so gro\u00df ausrollen wie die Butterplatte. Die Butterplatte aus der Folie befreien und auf eine Seite der Teigplatte legen.<\/p>\n\n\n\n<p>Die andere Seite der Teigplatte dar\u00fcber schlagen und die R\u00e4nder gut andr\u00fccken.<\/p>\n\n\n\n<p>Dann die erste Tour geben: Die Teigplatte mit der inliegenden Butterplatte wie einen Gesch\u00e4ftsbrief zwei mal umfalten.<\/p>\n\n\n\n<p>Dann wieder etwa doppelt so gro\u00df ausrollen und gleich die zweite Tour geben: erneut wie einen Gesch\u00e4ftsbrief einschlagen und die Teigplatte dann abgedeckt in den K\u00fchlschrank geben f\u00fcr 45-60 Minuten. Wieder herausnehmen und auf der kalten Arbeitsplatte erneut 2-3 x so gro\u00df so gro\u00df ausrollen. Dann die dritte Toure geben: den Teig wieder wie einen Gesch\u00e4ftsbrief falten und erneut f\u00fcr 45-60 Minuten in den K\u00fchlschrank geben. Herausnehmen und etwa 2-3 x so gro\u00df ausrollen. Danach die vierte Toure geben wie oben beschrieben. Den Teig nochmals f\u00fcr 45-60 Minuten in den K\u00fchlschrank geben. Die K\u00fchlphasen sind gerade bei der 3. und 4. Toure eminent wichtig, damit der Teig zum einen entspannen kann und zum anderen die Butter wieder h\u00e4rtet. Ist man hier ungeduldig, dann rei\u00dft der Teig beim Ausrollen oder verbindet sich mit der Butter und es entsteht kein Plunderteig.<\/p>\n\n\n\n<p><strong>Formen der Croissants:<\/strong><\/p>\n\n\n\n<p>Der Teig wird nach der letzten Ruhephase nun lang ausgerollt, mindestens 50-60 cm lang sollte er werden. Wenn er sich gegen das Ausrollen wehrt, sollte man nicht mit Druck den Teig in seine Form zwingen, sondern geduldig den Teig weiter entspannen lassen, sonst passiert das Gleiche wie oben beschrieben. Wenn der Teig sch\u00f6n ausgerollt ist (ca. 30 x 60 cm), dann nimmt man den Teigabstecher und sticht spitzwinklige Dreiecke heraus. Diese werden an der Basis in der Mitte etwas eingekerbt und dann von der Basis aus eng aufgerollt, die Teigrolle dann etwas rundlich formen wie bei Croissants bekannt.<\/p>\n\n\n\n<p>Bei Erreichen der Gare die Croissants mit Eistreiche (1 Eigelb und 7 EL Wasser mit einer Prise Salz und Zucker verr\u00fchren) bestreichen und dann sofort ohne Schwaden backen. Backzeit etwa 20-25 Minuten bei abfallender Temperatur auf 200\u00b0 bis sie sch\u00f6n kr\u00e4ftig braun sind und gl\u00e4nzen.<\/p>\n\n\n\n<p>Die Teiglinge dann auf einem mit Backpapier belegtem Blech ca 3-4 Stunden bei h\u00f6chstens 20-24 Grad  gehen lassen. Den Ofen auf 220\u00b0 vorheizen.<\/p>\n\n\n\n<p>Wenn man dann alles Richtig gemacht hat \u2013 sollten Sie so gut schmecken, dass man eigentlich Alle f\u00fcr sich Selbst behalten m\u00f6chte. Also wenn die Croissants fertig gebacken sind, einfach kurz ausk\u00fchlen lassen, in eine stille Ecke verdr\u00fccken und mit einem kurzen Espresso alle selbst verspeisen.<\/p>\n\n\n\n<p>Nat\u00fcrlich NICHT \u2013 sondern im Kreise seiner Familie oder mit guten Freunden.<\/p>\n\n\n\n<ul class=\"wp-block-gallery columns-3 is-cropped wp-block-gallery-1 is-layout-flex wp-block-gallery-is-layout-flex\"><li class=\"blocks-gallery-item\"><figure><img decoding=\"async\" loading=\"lazy\" width=\"510\" height=\"383\" src=\"http:\/\/www.samskitchen.at\/wp-content\/uploads\/2019\/12\/2019-11-30-16.42.21-510x383.jpg\" alt=\"\" data-id=\"3856\" data-link=\"http:\/\/www.samskitchen.at\/?attachment_id=3856\" class=\"wp-image-3856\" srcset=\"https:\/\/www.samskitchen.at\/wp-content\/uploads\/2019\/12\/2019-11-30-16.42.21-510x383.jpg 510w, https:\/\/www.samskitchen.at\/wp-content\/uploads\/2019\/12\/2019-11-30-16.42.21-300x225.jpg 300w, https:\/\/www.samskitchen.at\/wp-content\/uploads\/2019\/12\/2019-11-30-16.42.21-768x576.jpg 768w, https:\/\/www.samskitchen.at\/wp-content\/uploads\/2019\/12\/2019-11-30-16.42.21-125x94.jpg 125w, https:\/\/www.samskitchen.at\/wp-content\/uploads\/2019\/12\/2019-11-30-16.42.21.jpg 1200w\" sizes=\"(max-width: 510px) 100vw, 510px\" \/><\/figure><\/li><li class=\"blocks-gallery-item\"><figure><img decoding=\"async\" loading=\"lazy\" width=\"510\" height=\"680\" src=\"http:\/\/www.samskitchen.at\/wp-content\/uploads\/2019\/12\/2019-11-30-16.42.09-510x680.jpg\" alt=\"\" data-id=\"3855\" data-link=\"http:\/\/www.samskitchen.at\/?attachment_id=3855\" class=\"wp-image-3855\" srcset=\"https:\/\/www.samskitchen.at\/wp-content\/uploads\/2019\/12\/2019-11-30-16.42.09-510x680.jpg 510w, https:\/\/www.samskitchen.at\/wp-content\/uploads\/2019\/12\/2019-11-30-16.42.09-225x300.jpg 225w, https:\/\/www.samskitchen.at\/wp-content\/uploads\/2019\/12\/2019-11-30-16.42.09-768x1024.jpg 768w, https:\/\/www.samskitchen.at\/wp-content\/uploads\/2019\/12\/2019-11-30-16.42.09-75x100.jpg 75w, https:\/\/www.samskitchen.at\/wp-content\/uploads\/2019\/12\/2019-11-30-16.42.09.jpg 1200w\" sizes=\"(max-width: 510px) 100vw, 510px\" \/><\/figure><\/li><li class=\"blocks-gallery-item\"><figure><img decoding=\"async\" loading=\"lazy\" width=\"510\" height=\"383\" src=\"http:\/\/www.samskitchen.at\/wp-content\/uploads\/2019\/12\/2019-11-30-16.41.40-510x383.jpg\" alt=\"\" data-id=\"3854\" data-link=\"http:\/\/www.samskitchen.at\/?attachment_id=3854\" class=\"wp-image-3854\" srcset=\"https:\/\/www.samskitchen.at\/wp-content\/uploads\/2019\/12\/2019-11-30-16.41.40-510x383.jpg 510w, https:\/\/www.samskitchen.at\/wp-content\/uploads\/2019\/12\/2019-11-30-16.41.40-300x225.jpg 300w, https:\/\/www.samskitchen.at\/wp-content\/uploads\/2019\/12\/2019-11-30-16.41.40-768x576.jpg 768w, https:\/\/www.samskitchen.at\/wp-content\/uploads\/2019\/12\/2019-11-30-16.41.40-125x94.jpg 125w, https:\/\/www.samskitchen.at\/wp-content\/uploads\/2019\/12\/2019-11-30-16.41.40.jpg 1200w\" sizes=\"(max-width: 510px) 100vw, 510px\" \/><\/figure><\/li><li class=\"blocks-gallery-item\"><figure><img decoding=\"async\" loading=\"lazy\" width=\"510\" height=\"383\" src=\"http:\/\/www.samskitchen.at\/wp-content\/uploads\/2019\/12\/2019-11-30-16.41.37-510x383.jpg\" alt=\"\" data-id=\"3853\" data-link=\"http:\/\/www.samskitchen.at\/?attachment_id=3853\" class=\"wp-image-3853\" srcset=\"https:\/\/www.samskitchen.at\/wp-content\/uploads\/2019\/12\/2019-11-30-16.41.37-510x383.jpg 510w, https:\/\/www.samskitchen.at\/wp-content\/uploads\/2019\/12\/2019-11-30-16.41.37-300x225.jpg 300w, https:\/\/www.samskitchen.at\/wp-content\/uploads\/2019\/12\/2019-11-30-16.41.37-768x576.jpg 768w, https:\/\/www.samskitchen.at\/wp-content\/uploads\/2019\/12\/2019-11-30-16.41.37-125x94.jpg 125w, https:\/\/www.samskitchen.at\/wp-content\/uploads\/2019\/12\/2019-11-30-16.41.37.jpg 1200w\" sizes=\"(max-width: 510px) 100vw, 510px\" \/><\/figure><\/li><li class=\"blocks-gallery-item\"><figure><img decoding=\"async\" loading=\"lazy\" width=\"510\" height=\"383\" src=\"http:\/\/www.samskitchen.at\/wp-content\/uploads\/2019\/12\/2019-11-30-16.41.35-510x383.jpg\" alt=\"\" data-id=\"3852\" data-link=\"http:\/\/www.samskitchen.at\/?attachment_id=3852\" class=\"wp-image-3852\" srcset=\"https:\/\/www.samskitchen.at\/wp-content\/uploads\/2019\/12\/2019-11-30-16.41.35-510x383.jpg 510w, https:\/\/www.samskitchen.at\/wp-content\/uploads\/2019\/12\/2019-11-30-16.41.35-300x225.jpg 300w, https:\/\/www.samskitchen.at\/wp-content\/uploads\/2019\/12\/2019-11-30-16.41.35-768x576.jpg 768w, https:\/\/www.samskitchen.at\/wp-content\/uploads\/2019\/12\/2019-11-30-16.41.35-125x94.jpg 125w, https:\/\/www.samskitchen.at\/wp-content\/uploads\/2019\/12\/2019-11-30-16.41.35.jpg 1200w\" sizes=\"(max-width: 510px) 100vw, 510px\" \/><\/figure><\/li><li class=\"blocks-gallery-item\"><figure><img decoding=\"async\" loading=\"lazy\" width=\"510\" height=\"383\" src=\"http:\/\/www.samskitchen.at\/wp-content\/uploads\/2019\/12\/2019-11-30-16.41.29-1-510x383.jpg\" alt=\"\" data-id=\"3851\" data-link=\"http:\/\/www.samskitchen.at\/?attachment_id=3851\" class=\"wp-image-3851\" srcset=\"https:\/\/www.samskitchen.at\/wp-content\/uploads\/2019\/12\/2019-11-30-16.41.29-1-510x383.jpg 510w, https:\/\/www.samskitchen.at\/wp-content\/uploads\/2019\/12\/2019-11-30-16.41.29-1-300x225.jpg 300w, https:\/\/www.samskitchen.at\/wp-content\/uploads\/2019\/12\/2019-11-30-16.41.29-1-768x576.jpg 768w, https:\/\/www.samskitchen.at\/wp-content\/uploads\/2019\/12\/2019-11-30-16.41.29-1-125x94.jpg 125w, https:\/\/www.samskitchen.at\/wp-content\/uploads\/2019\/12\/2019-11-30-16.41.29-1.jpg 1200w\" sizes=\"(max-width: 510px) 100vw, 510px\" \/><\/figure><\/li><li class=\"blocks-gallery-item\"><figure><img decoding=\"async\" loading=\"lazy\" width=\"510\" height=\"383\" src=\"http:\/\/www.samskitchen.at\/wp-content\/uploads\/2019\/12\/2019-11-30-16.41.15-510x383.jpg\" alt=\"\" data-id=\"3850\" data-link=\"http:\/\/www.samskitchen.at\/?attachment_id=3850\" class=\"wp-image-3850\" srcset=\"https:\/\/www.samskitchen.at\/wp-content\/uploads\/2019\/12\/2019-11-30-16.41.15-510x383.jpg 510w, https:\/\/www.samskitchen.at\/wp-content\/uploads\/2019\/12\/2019-11-30-16.41.15-300x225.jpg 300w, https:\/\/www.samskitchen.at\/wp-content\/uploads\/2019\/12\/2019-11-30-16.41.15-768x576.jpg 768w, https:\/\/www.samskitchen.at\/wp-content\/uploads\/2019\/12\/2019-11-30-16.41.15-125x94.jpg 125w, https:\/\/www.samskitchen.at\/wp-content\/uploads\/2019\/12\/2019-11-30-16.41.15.jpg 1200w\" sizes=\"(max-width: 510px) 100vw, 510px\" \/><\/figure><\/li><li class=\"blocks-gallery-item\"><figure><img decoding=\"async\" loading=\"lazy\" width=\"510\" height=\"383\" src=\"http:\/\/www.samskitchen.at\/wp-content\/uploads\/2019\/12\/2019-11-30-16.29.41-510x383.jpg\" alt=\"\" data-id=\"3849\" data-link=\"http:\/\/www.samskitchen.at\/?attachment_id=3849\" class=\"wp-image-3849\" srcset=\"https:\/\/www.samskitchen.at\/wp-content\/uploads\/2019\/12\/2019-11-30-16.29.41-510x383.jpg 510w, https:\/\/www.samskitchen.at\/wp-content\/uploads\/2019\/12\/2019-11-30-16.29.41-300x225.jpg 300w, https:\/\/www.samskitchen.at\/wp-content\/uploads\/2019\/12\/2019-11-30-16.29.41-768x576.jpg 768w, https:\/\/www.samskitchen.at\/wp-content\/uploads\/2019\/12\/2019-11-30-16.29.41-125x94.jpg 125w, https:\/\/www.samskitchen.at\/wp-content\/uploads\/2019\/12\/2019-11-30-16.29.41.jpg 1200w\" sizes=\"(max-width: 510px) 100vw, 510px\" \/><\/figure><\/li><li class=\"blocks-gallery-item\"><figure><img decoding=\"async\" loading=\"lazy\" width=\"510\" height=\"383\" src=\"http:\/\/www.samskitchen.at\/wp-content\/uploads\/2019\/12\/2019-11-30-16.17.56-510x383.jpg\" alt=\"\" data-id=\"3848\" data-link=\"http:\/\/www.samskitchen.at\/?attachment_id=3848\" class=\"wp-image-3848\" srcset=\"https:\/\/www.samskitchen.at\/wp-content\/uploads\/2019\/12\/2019-11-30-16.17.56-510x383.jpg 510w, https:\/\/www.samskitchen.at\/wp-content\/uploads\/2019\/12\/2019-11-30-16.17.56-300x225.jpg 300w, https:\/\/www.samskitchen.at\/wp-content\/uploads\/2019\/12\/2019-11-30-16.17.56-768x576.jpg 768w, https:\/\/www.samskitchen.at\/wp-content\/uploads\/2019\/12\/2019-11-30-16.17.56-125x94.jpg 125w, https:\/\/www.samskitchen.at\/wp-content\/uploads\/2019\/12\/2019-11-30-16.17.56.jpg 1200w\" sizes=\"(max-width: 510px) 100vw, 510px\" \/><\/figure><\/li><li class=\"blocks-gallery-item\"><figure><img decoding=\"async\" loading=\"lazy\" width=\"510\" height=\"383\" src=\"http:\/\/www.samskitchen.at\/wp-content\/uploads\/2019\/12\/2019-11-30-16.41.29-510x383.jpg\" alt=\"\" data-id=\"3847\" data-link=\"http:\/\/www.samskitchen.at\/?attachment_id=3847\" class=\"wp-image-3847\" srcset=\"https:\/\/www.samskitchen.at\/wp-content\/uploads\/2019\/12\/2019-11-30-16.41.29-510x383.jpg 510w, https:\/\/www.samskitchen.at\/wp-content\/uploads\/2019\/12\/2019-11-30-16.41.29-300x225.jpg 300w, https:\/\/www.samskitchen.at\/wp-content\/uploads\/2019\/12\/2019-11-30-16.41.29-768x576.jpg 768w, https:\/\/www.samskitchen.at\/wp-content\/uploads\/2019\/12\/2019-11-30-16.41.29-125x94.jpg 125w, https:\/\/www.samskitchen.at\/wp-content\/uploads\/2019\/12\/2019-11-30-16.41.29.jpg 1200w\" sizes=\"(max-width: 510px) 100vw, 510px\" \/><\/figure><\/li><\/ul>\n\n\n\n<p><br><\/p>\n","protected":false},"excerpt":{"rendered":"<p>Vollkorn-Croissant gibts das wirklich. Nicht nur ein Vollkornkipferl, nein ein richtiges Croissant aus Vollkornmehl. Lange dachte ich, sowas ist nicht m\u00f6glich. Ein Croissant sollte ja doch bestimmte Voraussetzungen erf\u00fcllen. In Italien wurde ich eines Besseren belehrt. In Santa Margherita Ligure in einem kleinen Kaffee gab es so wunderbare Croissant, dass ich nachfragte und zur Antwort bekam &#8222;Questi cornetti sono fatti &hellip;<\/p>\n","protected":false},"author":1,"featured_media":3856,"comment_status":"open","ping_status":"open","sticky":false,"template":"","format":"standard","meta":{"_mi_skip_tracking":false,"_exactmetrics_sitenote_active":false,"_exactmetrics_sitenote_note":"","_exactmetrics_sitenote_category":0,"ngg_post_thumbnail":0,"jetpack_post_was_ever_published":false,"_jetpack_newsletter_access":"","footnotes":"","jetpack_publicize_message":"","jetpack_is_tweetstorm":false,"jetpack_publicize_feature_enabled":true,"jetpack_social_post_already_shared":true,"jetpack_social_options":{"image_generator_settings":{"template":"highway","enabled":false}}},"categories":[2,103],"tags":[266,216],"jetpack_publicize_connections":[],"jetpack_featured_media_url":"https:\/\/www.samskitchen.at\/wp-content\/uploads\/2019\/12\/2019-11-30-16.42.21.jpg","jetpack_sharing_enabled":true,"jetpack_shortlink":"https:\/\/wp.me\/p41IW0-102","_links":{"self":[{"href":"https:\/\/www.samskitchen.at\/index.php?rest_route=\/wp\/v2\/posts\/3846"}],"collection":[{"href":"https:\/\/www.samskitchen.at\/index.php?rest_route=\/wp\/v2\/posts"}],"about":[{"href":"https:\/\/www.samskitchen.at\/index.php?rest_route=\/wp\/v2\/types\/post"}],"author":[{"embeddable":true,"href":"https:\/\/www.samskitchen.at\/index.php?rest_route=\/wp\/v2\/users\/1"}],"replies":[{"embeddable":true,"href":"https:\/\/www.samskitchen.at\/index.php?rest_route=%2Fwp%2Fv2%2Fcomments&post=3846"}],"version-history":[{"count":3,"href":"https:\/\/www.samskitchen.at\/index.php?rest_route=\/wp\/v2\/posts\/3846\/revisions"}],"predecessor-version":[{"id":3859,"href":"https:\/\/www.samskitchen.at\/index.php?rest_route=\/wp\/v2\/posts\/3846\/revisions\/3859"}],"wp:featuredmedia":[{"embeddable":true,"href":"https:\/\/www.samskitchen.at\/index.php?rest_route=\/wp\/v2\/media\/3856"}],"wp:attachment":[{"href":"https:\/\/www.samskitchen.at\/index.php?rest_route=%2Fwp%2Fv2%2Fmedia&parent=3846"}],"wp:term":[{"taxonomy":"category","embeddable":true,"href":"https:\/\/www.samskitchen.at\/index.php?rest_route=%2Fwp%2Fv2%2Fcategories&post=3846"},{"taxonomy":"post_tag","embeddable":true,"href":"https:\/\/www.samskitchen.at\/index.php?rest_route=%2Fwp%2Fv2%2Ftags&post=3846"}],"curies":[{"name":"wp","href":"https:\/\/api.w.org\/{rel}","templated":true}]}}