{"id":3801,"date":"2019-11-16T07:58:34","date_gmt":"2019-11-16T06:58:34","guid":{"rendered":"http:\/\/www.samskitchen.at\/?p=3801"},"modified":"2019-11-16T07:58:42","modified_gmt":"2019-11-16T06:58:42","slug":"langer-muehle-in-atzenbrugg-tullnerfeld","status":"publish","type":"post","link":"https:\/\/www.samskitchen.at\/?p=3801","title":{"rendered":"Langer M\u00fchle in Atzenbrugg (Tullnerfeld)"},"content":{"rendered":"\n<figure class=\"wp-block-image\"><img decoding=\"async\" loading=\"lazy\" width=\"510\" height=\"339\" src=\"http:\/\/www.samskitchen.at\/wp-content\/uploads\/2019\/11\/muehle-aussen-110-510x339.jpg\" alt=\"\" class=\"wp-image-3813\" srcset=\"https:\/\/www.samskitchen.at\/wp-content\/uploads\/2019\/11\/muehle-aussen-110-510x339.jpg 510w, https:\/\/www.samskitchen.at\/wp-content\/uploads\/2019\/11\/muehle-aussen-110-300x200.jpg 300w, https:\/\/www.samskitchen.at\/wp-content\/uploads\/2019\/11\/muehle-aussen-110-125x83.jpg 125w, https:\/\/www.samskitchen.at\/wp-content\/uploads\/2019\/11\/muehle-aussen-110.jpg 595w\" sizes=\"(max-width: 510px) 100vw, 510px\" \/><\/figure>\n\n\n\n<p style=\"text-align:center\"><em>Es klappert die M\u00fchle am rauschenden Bach, klipp klapp.<\/em><br><em>Bei Tag und bei Nacht ist der M\u00fcller stets wach, klipp klapp.<\/em><br><em>Er mahlet uns Korn zu dem kr\u00e4ftigen Brot,<\/em><br><em>und haben wir solches, so hat&#8217;s keine Not.<\/em><br><em>Klipp klapp, klipp klapp, klipp klapp!<\/em><\/p>\n\n\n\n<p style=\"text-align:center\"><em>Flink laufen die R\u00e4der und drehen den Stein, klipp klapp,<\/em><br><em>und mahlen den Weizen zu Mehl uns so fein, klipp klapp.<\/em><br><em>Der B\u00e4cker dann Zwieback und Kuchen draus b\u00e4ckt,<\/em><br><em>der immer den Kindern besonders gut schmeckt.<\/em><br><em>Klipp klapp, klipp klapp, klipp klapp!<\/em><\/p>\n\n\n\n<p style=\"text-align:center\"><em>Wenn reichliche K\u00f6rner das Ackerfeld tr\u00e4gt, klipp klapp,<\/em><br><em>die M\u00fchle dann flink ihre R\u00e4der bewegt, klipp klapp.<\/em><br><em>Und schenkt uns der Himmel nur immerdar Brot,<\/em><br><em>so sind wir geborgen und leiden nicht Not.<\/em><br><em>Klipp klapp, klipp klapp, klipp klapp!<\/em><\/p>\n\n\n\n<p>Der Text des Kinderliedes wird dem deutschen Schulmeister&nbsp;<a href=\"https:\/\/de.wikipedia.org\/wiki\/Ernst_Ansch%C3%BCtz\">Ernst Ansch\u00fctz<\/a>&nbsp;zugeschrieben, der ihn um 1824 verfasst und 1830 im 3. Heft seines&nbsp;<em>Musikalischen Schulgesangbuchs<\/em>&nbsp;ver\u00f6ffentlicht haben soll<\/p>\n\n\n\n<p>Tausende M\u00fchlen klapperten fr\u00fcher an \u00d6sterreichs B\u00e4chen. Mit der Kraft des Wassers wurde Korn gemahlen, Holz ges\u00e4gt oder Werkzeug geschmiedet. Heute sind nur mehr wenige \u00fcbrig.  Eine der wenigen noch \u00fcbriggebliebene m\u00f6chte ich Euch heute vorstellen. Es ist die <a href=\"http:\/\/www.langermuehle.at\">&#8222;Langer M\u00fchle&#8220;<\/a> in Atzenbrugg in der N\u00e4he von Wien ( ca. 40 km).<br>Sie blickt auf eine mehr als 700 Jahre dauernde Geschichte zur\u00fcck. Die M\u00fchle wurde im 13. Jahrhundert erstmals erw\u00e4hnt und geh\u00f6rte damals zum Stift Klosterneuburg. Heute wird die M\u00fchle von der Familie Langer in der vierten Generation gef\u00fchrt. Die Familie Langer verfolgt mit ihrer M\u00fchle eine ganz besondere Vision. Zur\u00fcck zur althergebrachten M\u00fcllertradition, als noch tausende M\u00fchlen die Landschaft bereicherten. Damals waren M\u00fchlen die direkten regionalen Partner der Bauern und Landwirte. Diese  Tradition will die Familie Langer mit ihrer M\u00fchle fortsetzen. <br>Brot f\u00e4ngt beim M\u00fcller an oder noch fr\u00fcher beim Landwirt, der die M\u00fchle beliefert. Der M\u00fcller hat aber die entscheidende Verantwortung und Aufgabe gutes Getreide auszuw\u00e4hlen, die Landwirte zu beraten, welche Sorten nicht nur den meisten Ertrag gew\u00e4hrleisten, sondern vor Allem Qualit\u00e4t und Geschmack ins Brot bringen. Und genau diese Vision hat die Familie Langer  &#8211;  Qualit\u00e4t statt Quantit\u00e4t. <br>Nur ein Beispiel: WEIZEN &#8211; heute ein Massenprodukt, manche Discounter verkaufen das KG schon um weniger als 50 Cent. Getreide &#8211; Mehl &#8211; Brot sind zu wertvoll um es zu &#8222;verschenken&#8220;. <br>Die Langer M\u00fchle setzt auf Elite-Weizen aus der CAPO-Familie, einer Sorte die zwar weniger Ertrag aufweist, aber daf\u00fcr h\u00f6here Qualit\u00e4tsmerkmale aufweist, was sich auf den Geschmack positiv auswirkt. <br>Machen wir nun einen anhand eines kurzen Films einen kleinen Streifzug durch die M\u00fchle: <a href=\"https:\/\/youtu.be\/KoSxer1heXY\">https:\/\/youtu.be\/KoSxer1heXY<\/a><\/p>\n\n\n\n<p>Der M\u00fchle angeschlossen ist auch ein <a href=\"http:\/\/www.lamuehla.at\">M\u00fchlenladen<\/a>, wo man alles rund ums Backen erwerben kann. Wem der Weg nach Atzenbrugg zu weit ist, kann auch im Online-Shop  bestellen. Es werden auch regelm\u00e4\u00dfig Backkurse f\u00fcr Hobbyb\u00e4cker oder solche die es noch werden m\u00f6chten veranstaltet. <\/p>\n\n\n\n<p>Auf meiner Spurensuche hab ich einen interessanten Artikel im Kurier vom 11.9.2014 unter dem Titel <a href=\"https:\/\/kurier.at\/freizeit\/mit-der-energie-des-wassers-auf-der-suche-nach-muehlen-in-oesterreich\/84.404.676\">&#8222;M\u00fchlen in \u00d6sterreich&#8220;<\/a> gefunden. <\/p>\n\n\n\n<p>In n\u00e4chster Zeit werde ich mich bem\u00fchen Euch einige Mehle der Langer M\u00fchle zu verbacken und Euch vorzustellen. Angefangen hab ich schon mit dem <a href=\"http:\/\/www.samskitchen.at\/?p=3766\">Baguettemehl<\/a>, das ich bedingungslos weiterempfehlen kann. <br><\/p>\n\n\n\n<div class=\"wp-block-jetpack-slideshow aligncenter\" data-effect=\"slide\"><div class=\"wp-block-jetpack-slideshow_container swiper-container\"><ul class=\"wp-block-jetpack-slideshow_swiper-wrappper swiper-wrapper\"><li class=\"wp-block-jetpack-slideshow_slide swiper-slide\"><figure><img decoding=\"async\" loading=\"lazy\" width=\"510\" height=\"339\" alt=\"\" class=\"wp-block-jetpack-slideshow_image wp-image-3814\" data-id=\"3814\" src=\"http:\/\/www.samskitchen.at\/wp-content\/uploads\/2019\/11\/Famile_web-1-510x339.jpg\" srcset=\"https:\/\/www.samskitchen.at\/wp-content\/uploads\/2019\/11\/Famile_web-1-510x339.jpg 510w, https:\/\/www.samskitchen.at\/wp-content\/uploads\/2019\/11\/Famile_web-1-300x200.jpg 300w, https:\/\/www.samskitchen.at\/wp-content\/uploads\/2019\/11\/Famile_web-1-768x511.jpg 768w, https:\/\/www.samskitchen.at\/wp-content\/uploads\/2019\/11\/Famile_web-1-125x83.jpg 125w, https:\/\/www.samskitchen.at\/wp-content\/uploads\/2019\/11\/Famile_web-1.jpg 900w\" sizes=\"(max-width: 510px) 100vw, 510px\" \/><\/figure><\/li><li class=\"wp-block-jetpack-slideshow_slide swiper-slide\"><figure><img decoding=\"async\" loading=\"lazy\" width=\"510\" height=\"343\" alt=\"\" class=\"wp-block-jetpack-slideshow_image wp-image-3815\" data-id=\"3815\" src=\"http:\/\/www.samskitchen.at\/wp-content\/uploads\/2019\/11\/Laden2019_web_177-1-510x343.jpg\" srcset=\"https:\/\/www.samskitchen.at\/wp-content\/uploads\/2019\/11\/Laden2019_web_177-1-510x343.jpg 510w, https:\/\/www.samskitchen.at\/wp-content\/uploads\/2019\/11\/Laden2019_web_177-1-300x202.jpg 300w, https:\/\/www.samskitchen.at\/wp-content\/uploads\/2019\/11\/Laden2019_web_177-1-768x517.jpg 768w, https:\/\/www.samskitchen.at\/wp-content\/uploads\/2019\/11\/Laden2019_web_177-1-125x84.jpg 125w, https:\/\/www.samskitchen.at\/wp-content\/uploads\/2019\/11\/Laden2019_web_177-1.jpg 900w\" sizes=\"(max-width: 510px) 100vw, 510px\" \/><\/figure><\/li><li class=\"wp-block-jetpack-slideshow_slide swiper-slide\"><figure><img decoding=\"async\" loading=\"lazy\" width=\"510\" height=\"338\" alt=\"\" class=\"wp-block-jetpack-slideshow_image wp-image-3816\" data-id=\"3816\" src=\"http:\/\/www.samskitchen.at\/wp-content\/uploads\/2019\/11\/langer2012-104-1-510x338.jpg\" srcset=\"https:\/\/www.samskitchen.at\/wp-content\/uploads\/2019\/11\/langer2012-104-1-510x338.jpg 510w, https:\/\/www.samskitchen.at\/wp-content\/uploads\/2019\/11\/langer2012-104-1-300x199.jpg 300w, https:\/\/www.samskitchen.at\/wp-content\/uploads\/2019\/11\/langer2012-104-1-125x83.jpg 125w, https:\/\/www.samskitchen.at\/wp-content\/uploads\/2019\/11\/langer2012-104-1.jpg 595w\" sizes=\"(max-width: 510px) 100vw, 510px\" \/><\/figure><\/li><li class=\"wp-block-jetpack-slideshow_slide swiper-slide\"><figure><img decoding=\"async\" loading=\"lazy\" width=\"510\" height=\"338\" alt=\"\" class=\"wp-block-jetpack-slideshow_image wp-image-3817\" data-id=\"3817\" src=\"http:\/\/www.samskitchen.at\/wp-content\/uploads\/2019\/11\/langer2012-111-1-510x338.jpg\" srcset=\"https:\/\/www.samskitchen.at\/wp-content\/uploads\/2019\/11\/langer2012-111-1-510x338.jpg 510w, https:\/\/www.samskitchen.at\/wp-content\/uploads\/2019\/11\/langer2012-111-1-300x199.jpg 300w, https:\/\/www.samskitchen.at\/wp-content\/uploads\/2019\/11\/langer2012-111-1-125x83.jpg 125w, https:\/\/www.samskitchen.at\/wp-content\/uploads\/2019\/11\/langer2012-111-1.jpg 595w\" sizes=\"(max-width: 510px) 100vw, 510px\" \/><\/figure><\/li><li class=\"wp-block-jetpack-slideshow_slide swiper-slide\"><figure><img decoding=\"async\" loading=\"lazy\" width=\"510\" height=\"338\" alt=\"\" class=\"wp-block-jetpack-slideshow_image wp-image-3818\" data-id=\"3818\" src=\"http:\/\/www.samskitchen.at\/wp-content\/uploads\/2019\/11\/langer2012-126-1-510x338.jpg\" srcset=\"https:\/\/www.samskitchen.at\/wp-content\/uploads\/2019\/11\/langer2012-126-1-510x338.jpg 510w, https:\/\/www.samskitchen.at\/wp-content\/uploads\/2019\/11\/langer2012-126-1-300x199.jpg 300w, https:\/\/www.samskitchen.at\/wp-content\/uploads\/2019\/11\/langer2012-126-1-125x83.jpg 125w, https:\/\/www.samskitchen.at\/wp-content\/uploads\/2019\/11\/langer2012-126-1.jpg 595w\" sizes=\"(max-width: 510px) 100vw, 510px\" \/><\/figure><\/li><li class=\"wp-block-jetpack-slideshow_slide swiper-slide\"><figure><img decoding=\"async\" loading=\"lazy\" width=\"510\" height=\"339\" alt=\"\" class=\"wp-block-jetpack-slideshow_image wp-image-3819\" data-id=\"3819\" src=\"http:\/\/www.samskitchen.at\/wp-content\/uploads\/2019\/11\/langer2013-1-109-1-510x339.jpg\" srcset=\"https:\/\/www.samskitchen.at\/wp-content\/uploads\/2019\/11\/langer2013-1-109-1-510x339.jpg 510w, https:\/\/www.samskitchen.at\/wp-content\/uploads\/2019\/11\/langer2013-1-109-1-300x200.jpg 300w, https:\/\/www.samskitchen.at\/wp-content\/uploads\/2019\/11\/langer2013-1-109-1-125x83.jpg 125w, https:\/\/www.samskitchen.at\/wp-content\/uploads\/2019\/11\/langer2013-1-109-1.jpg 595w\" sizes=\"(max-width: 510px) 100vw, 510px\" \/><\/figure><\/li><li class=\"wp-block-jetpack-slideshow_slide swiper-slide\"><figure><img decoding=\"async\" loading=\"lazy\" width=\"510\" height=\"339\" alt=\"\" class=\"wp-block-jetpack-slideshow_image wp-image-3820\" data-id=\"3820\" src=\"http:\/\/www.samskitchen.at\/wp-content\/uploads\/2019\/11\/langer2013-1-129-1-510x339.jpg\" srcset=\"https:\/\/www.samskitchen.at\/wp-content\/uploads\/2019\/11\/langer2013-1-129-1-510x339.jpg 510w, https:\/\/www.samskitchen.at\/wp-content\/uploads\/2019\/11\/langer2013-1-129-1-300x200.jpg 300w, https:\/\/www.samskitchen.at\/wp-content\/uploads\/2019\/11\/langer2013-1-129-1-125x83.jpg 125w, https:\/\/www.samskitchen.at\/wp-content\/uploads\/2019\/11\/langer2013-1-129-1.jpg 595w\" sizes=\"(max-width: 510px) 100vw, 510px\" \/><\/figure><\/li><li class=\"wp-block-jetpack-slideshow_slide swiper-slide\"><figure><img decoding=\"async\" loading=\"lazy\" width=\"510\" height=\"339\" alt=\"\" class=\"wp-block-jetpack-slideshow_image wp-image-3821\" data-id=\"3821\" src=\"http:\/\/www.samskitchen.at\/wp-content\/uploads\/2019\/11\/langer2013-1-300-1-510x339.jpg\" srcset=\"https:\/\/www.samskitchen.at\/wp-content\/uploads\/2019\/11\/langer2013-1-300-1-510x339.jpg 510w, https:\/\/www.samskitchen.at\/wp-content\/uploads\/2019\/11\/langer2013-1-300-1-300x200.jpg 300w, https:\/\/www.samskitchen.at\/wp-content\/uploads\/2019\/11\/langer2013-1-300-1-125x83.jpg 125w, https:\/\/www.samskitchen.at\/wp-content\/uploads\/2019\/11\/langer2013-1-300-1.jpg 595w\" sizes=\"(max-width: 510px) 100vw, 510px\" \/><\/figure><\/li><li class=\"wp-block-jetpack-slideshow_slide swiper-slide\"><figure><img decoding=\"async\" loading=\"lazy\" width=\"510\" height=\"339\" alt=\"\" class=\"wp-block-jetpack-slideshow_image wp-image-3822\" data-id=\"3822\" src=\"http:\/\/www.samskitchen.at\/wp-content\/uploads\/2019\/11\/muehle-aussen-110-1-510x339.jpg\" srcset=\"https:\/\/www.samskitchen.at\/wp-content\/uploads\/2019\/11\/muehle-aussen-110-1-510x339.jpg 510w, https:\/\/www.samskitchen.at\/wp-content\/uploads\/2019\/11\/muehle-aussen-110-1-300x200.jpg 300w, https:\/\/www.samskitchen.at\/wp-content\/uploads\/2019\/11\/muehle-aussen-110-1-125x83.jpg 125w, https:\/\/www.samskitchen.at\/wp-content\/uploads\/2019\/11\/muehle-aussen-110-1.jpg 595w\" sizes=\"(max-width: 510px) 100vw, 510px\" \/><\/figure><\/li><li class=\"wp-block-jetpack-slideshow_slide swiper-slide\"><figure><img decoding=\"async\" loading=\"lazy\" width=\"510\" height=\"339\" alt=\"\" class=\"wp-block-jetpack-slideshow_image wp-image-3823\" data-id=\"3823\" src=\"http:\/\/www.samskitchen.at\/wp-content\/uploads\/2019\/11\/langer2013-2-152-1-510x339.jpg\" srcset=\"https:\/\/www.samskitchen.at\/wp-content\/uploads\/2019\/11\/langer2013-2-152-1-510x339.jpg 510w, https:\/\/www.samskitchen.at\/wp-content\/uploads\/2019\/11\/langer2013-2-152-1-300x200.jpg 300w, https:\/\/www.samskitchen.at\/wp-content\/uploads\/2019\/11\/langer2013-2-152-1-125x83.jpg 125w, https:\/\/www.samskitchen.at\/wp-content\/uploads\/2019\/11\/langer2013-2-152-1.jpg 595w\" sizes=\"(max-width: 510px) 100vw, 510px\" \/><\/figure><\/li><\/ul><a class=\"wp-block-jetpack-slideshow_button-prev swiper-button-prev swiper-button-white\" role=\"button\"><\/a><a class=\"wp-block-jetpack-slideshow_button-next swiper-button-next swiper-button-white\" role=\"button\"><\/a><a aria-label=\"Pause Slideshow\" class=\"wp-block-jetpack-slideshow_button-pause\" role=\"button\"><\/a><div class=\"wp-block-jetpack-slideshow_pagination swiper-pagination swiper-pagination-white\"><\/div><\/div><\/div>\n","protected":false},"excerpt":{"rendered":"<p>Es klappert die M\u00fchle am rauschenden Bach, klipp klapp.Bei Tag und bei Nacht ist der M\u00fcller stets wach, klipp klapp.Er mahlet uns Korn zu dem kr\u00e4ftigen Brot,und haben wir solches, so hat&#8217;s keine Not.Klipp klapp, klipp klapp, klipp klapp! Flink laufen die R\u00e4der und drehen den Stein, klipp klapp,und mahlen den Weizen zu Mehl uns so fein, klipp klapp.Der B\u00e4cker &hellip;<\/p>\n","protected":false},"author":1,"featured_media":3813,"comment_status":"open","ping_status":"open","sticky":false,"template":"","format":"standard","meta":{"_mi_skip_tracking":false,"_exactmetrics_sitenote_active":false,"_exactmetrics_sitenote_note":"","_exactmetrics_sitenote_category":0,"ngg_post_thumbnail":0,"jetpack_post_was_ever_published":false,"_jetpack_newsletter_access":"","footnotes":"","jetpack_publicize_message":"","jetpack_is_tweetstorm":false,"jetpack_publicize_feature_enabled":true,"jetpack_social_post_already_shared":true,"jetpack_social_options":{"image_generator_settings":{"template":"highway","enabled":false}}},"categories":[1],"tags":[137,372,198,200,373,374],"jetpack_publicize_connections":[],"jetpack_featured_media_url":"https:\/\/www.samskitchen.at\/wp-content\/uploads\/2019\/11\/muehle-aussen-110.jpg","jetpack_sharing_enabled":true,"jetpack_shortlink":"https:\/\/wp.me\/p41IW0-Zj","_links":{"self":[{"href":"https:\/\/www.samskitchen.at\/index.php?rest_route=\/wp\/v2\/posts\/3801"}],"collection":[{"href":"https:\/\/www.samskitchen.at\/index.php?rest_route=\/wp\/v2\/posts"}],"about":[{"href":"https:\/\/www.samskitchen.at\/index.php?rest_route=\/wp\/v2\/types\/post"}],"author":[{"embeddable":true,"href":"https:\/\/www.samskitchen.at\/index.php?rest_route=\/wp\/v2\/users\/1"}],"replies":[{"embeddable":true,"href":"https:\/\/www.samskitchen.at\/index.php?rest_route=%2Fwp%2Fv2%2Fcomments&post=3801"}],"version-history":[{"count":3,"href":"https:\/\/www.samskitchen.at\/index.php?rest_route=\/wp\/v2\/posts\/3801\/revisions"}],"predecessor-version":[{"id":3825,"href":"https:\/\/www.samskitchen.at\/index.php?rest_route=\/wp\/v2\/posts\/3801\/revisions\/3825"}],"wp:featuredmedia":[{"embeddable":true,"href":"https:\/\/www.samskitchen.at\/index.php?rest_route=\/wp\/v2\/media\/3813"}],"wp:attachment":[{"href":"https:\/\/www.samskitchen.at\/index.php?rest_route=%2Fwp%2Fv2%2Fmedia&parent=3801"}],"wp:term":[{"taxonomy":"category","embeddable":true,"href":"https:\/\/www.samskitchen.at\/index.php?rest_route=%2Fwp%2Fv2%2Fcategories&post=3801"},{"taxonomy":"post_tag","embeddable":true,"href":"https:\/\/www.samskitchen.at\/index.php?rest_route=%2Fwp%2Fv2%2Ftags&post=3801"}],"curies":[{"name":"wp","href":"https:\/\/api.w.org\/{rel}","templated":true}]}}