{"id":3798,"date":"2019-11-16T14:47:26","date_gmt":"2019-11-16T13:47:26","guid":{"rendered":"http:\/\/www.samskitchen.at\/?p=3798"},"modified":"2019-11-21T15:09:58","modified_gmt":"2019-11-21T14:09:58","slug":"wiener-baguettes-das-etwas-andere-stangerl","status":"publish","type":"post","link":"https:\/\/www.samskitchen.at\/?p=3798","title":{"rendered":"Wiener Baguettes (das etwas andere Stangerl)"},"content":{"rendered":"\n<figure class=\"wp-block-image\"><img decoding=\"async\" loading=\"lazy\" width=\"510\" height=\"383\" src=\"http:\/\/www.samskitchen.at\/wp-content\/uploads\/2019\/11\/2019-11-16-14.17.02-510x383.jpg\" alt=\"\" class=\"wp-image-3836\" srcset=\"https:\/\/www.samskitchen.at\/wp-content\/uploads\/2019\/11\/2019-11-16-14.17.02-510x383.jpg 510w, https:\/\/www.samskitchen.at\/wp-content\/uploads\/2019\/11\/2019-11-16-14.17.02-300x225.jpg 300w, https:\/\/www.samskitchen.at\/wp-content\/uploads\/2019\/11\/2019-11-16-14.17.02-768x576.jpg 768w, https:\/\/www.samskitchen.at\/wp-content\/uploads\/2019\/11\/2019-11-16-14.17.02-125x94.jpg 125w, https:\/\/www.samskitchen.at\/wp-content\/uploads\/2019\/11\/2019-11-16-14.17.02.jpg 1200w\" sizes=\"(max-width: 510px) 100vw, 510px\" \/><\/figure>\n\n\n\n<p>Unter Baguettes stellt man sich gew\u00f6hnlich eine lange Weissbrotstange vor, die eine r\u00f6sche aufgesprungene Kruste aufweist, die Krume sollte grosse unregelm\u00e4\u00dfige L\u00f6cher aufweisen. Vergesst diese Merkmale wenn es um ein Wiener Baguettes geht. WARUM &#8211; es hat sicher mit dem Ursprung des Baguettes zu tun. Wenn man den Ursprung des Baguettes erforschen m\u00f6chte, kommt man um einen Namen nicht herum &#8211; August Gang &#8211; geborene 1807. Er war ein mittelm\u00e4ssiger Sch\u00fcler, der das Gymnasium in der 6. Klasse abgebrochen hat und in die Armee eintrat. Dort konstruierte es das Perkussionsgewehr, das ihm leider nicht die erhoffte Anerkennung einbrachte. Als sein Vater starb, erbte er zwar nur den Pflichtanteil, der war aber eine nicht unbetr\u00e4chtliche Summe die er benutzte um ein gewagtes Unternehmen zu starten. So begann der Siegeszug der &#8222;Boulangerie Viennoise&#8220; Obwohl er keine B\u00e4ckerausbildung hatte, er\u00f6ffnete er mit Hilfe eines B\u00e4ckermeisters und Gesellen im Jahre 1838 in der Rue de Richelieu 92 die &#8222;Boulangerie Viennoise&#8220;. Die Pariser liessen sich nicht so schnell von der Wiener Backkunst \u00fcberzeugen, erst als einige dem damaligen Regime Metternichs den R\u00fccken kehrten und in Paris sesshaft wurden ging es mit der &#8222;Boulangerie Viennoise&#8220; aufw\u00e4rts. Viele entdeckten in seiner Boulangerie den Geschmack ihrer Jugend wieder. Erst als bedeutende Adelsfamilien, wie die Rothschilds Kundschaft bei ihm wurden gelang der Durchbruch der die franz\u00f6sische Backkunst massgeblich beeinflusste. Um es kurz zu machen, der Ruf der &#8222;Boulangerie Viennoise&#8220; erlangte bald Weltruhm. Ein Klassiker der Viennoisrie ist  &#8222;Pain viennois&#8220; oder das Wiener Baguette. <\/p>\n\n\n\n<p>Rezept f\u00fcr 5 St\u00fcck <br>500 g Weizenmehl W700<br>325 g Milch (Zimmertemperatur)<br>30 g Zucker<br>10 g frische Hefe<br>100 g Butter<br>10 g Salz<br>1 Ei zum Bestreichen<\/p>\n\n\n\n<p>Wir vermischen alles Zutaten au\u00dfer Butter und Salz mit einer K\u00fcchenmaschine auf langsamer Stufe ca. 7 Minuten. Wenn alles gut durchgemischt ist f\u00fcgen wir die Butter in kleinen St\u00fccken und das Salz dazu und kneten weiterte 8 Minuten etwas schneller bis der Teig gut durchgeknetet ist. In einer abgedeckten Sch\u00fcssel ca. 90 Minuten bei Raumtemperatur rasten lassen. <br>Die Arbeitsfl\u00e4che mit Mehr bestauben und Teilst\u00fccke zu je ca 200 g abstechen und rund wirken. Diese Teiglinge werden nun f\u00fcr 20 Minuten zu Zwischengare gestellt. Danach werden sie zu 35 cm langen Baguettes aufgearbeitet. Wer ein Baguetteblech hat sollte es benutzen, ansonsten am Besten auf ein Lochblech absetzen und mit Eistreiche (Ei mit etwas Salz und wenig Milch vermischen) bestreichen und sofort mit einem scharfen Messer z\u00fcgig schr\u00e4ge Einschnitte machen. <br>Die Baguettes reifen nun f\u00fcr zwei Stunden bei Raumtemperatur. Die Baguettes vor dem Backen nochmals mit Ei bestreichen und im gut vorgeheizten Ofen bei 190 Grad mit wenig Schwaden goldbraun ausgebacken. <br>Zum Fr\u00fchst\u00fcck nur mit Butter oder am Abend zu Beef Tartare.<\/p>\n\n\n\n<figure class=\"wp-block-image\"><img decoding=\"async\" loading=\"lazy\" width=\"510\" height=\"383\" src=\"http:\/\/www.samskitchen.at\/wp-content\/uploads\/2019\/11\/2019-11-16-14.17.02-510x383.jpg\" alt=\"\" class=\"wp-image-3836\" srcset=\"https:\/\/www.samskitchen.at\/wp-content\/uploads\/2019\/11\/2019-11-16-14.17.02-510x383.jpg 510w, https:\/\/www.samskitchen.at\/wp-content\/uploads\/2019\/11\/2019-11-16-14.17.02-300x225.jpg 300w, https:\/\/www.samskitchen.at\/wp-content\/uploads\/2019\/11\/2019-11-16-14.17.02-768x576.jpg 768w, https:\/\/www.samskitchen.at\/wp-content\/uploads\/2019\/11\/2019-11-16-14.17.02-125x94.jpg 125w, https:\/\/www.samskitchen.at\/wp-content\/uploads\/2019\/11\/2019-11-16-14.17.02.jpg 1200w\" sizes=\"(max-width: 510px) 100vw, 510px\" \/><\/figure>\n\n\n\n<figure class=\"wp-block-image\"><img decoding=\"async\" loading=\"lazy\" width=\"510\" height=\"383\" src=\"http:\/\/www.samskitchen.at\/wp-content\/uploads\/2019\/11\/2019-11-16-14.16.57-510x383.jpg\" alt=\"\" class=\"wp-image-3835\" srcset=\"https:\/\/www.samskitchen.at\/wp-content\/uploads\/2019\/11\/2019-11-16-14.16.57-510x383.jpg 510w, https:\/\/www.samskitchen.at\/wp-content\/uploads\/2019\/11\/2019-11-16-14.16.57-300x225.jpg 300w, https:\/\/www.samskitchen.at\/wp-content\/uploads\/2019\/11\/2019-11-16-14.16.57-768x576.jpg 768w, https:\/\/www.samskitchen.at\/wp-content\/uploads\/2019\/11\/2019-11-16-14.16.57-125x94.jpg 125w, https:\/\/www.samskitchen.at\/wp-content\/uploads\/2019\/11\/2019-11-16-14.16.57.jpg 1200w\" sizes=\"(max-width: 510px) 100vw, 510px\" \/><\/figure>\n\n\n\n<figure class=\"wp-block-image\"><img decoding=\"async\" loading=\"lazy\" width=\"510\" height=\"383\" src=\"http:\/\/www.samskitchen.at\/wp-content\/uploads\/2019\/11\/2019-11-16-14.15.02-510x383.jpg\" alt=\"\" class=\"wp-image-3834\" srcset=\"https:\/\/www.samskitchen.at\/wp-content\/uploads\/2019\/11\/2019-11-16-14.15.02-510x383.jpg 510w, https:\/\/www.samskitchen.at\/wp-content\/uploads\/2019\/11\/2019-11-16-14.15.02-300x225.jpg 300w, https:\/\/www.samskitchen.at\/wp-content\/uploads\/2019\/11\/2019-11-16-14.15.02-768x576.jpg 768w, https:\/\/www.samskitchen.at\/wp-content\/uploads\/2019\/11\/2019-11-16-14.15.02-125x94.jpg 125w, https:\/\/www.samskitchen.at\/wp-content\/uploads\/2019\/11\/2019-11-16-14.15.02.jpg 1200w\" sizes=\"(max-width: 510px) 100vw, 510px\" \/><\/figure>\n\n\n\n<figure class=\"wp-block-image\"><img decoding=\"async\" loading=\"lazy\" width=\"510\" height=\"383\" src=\"http:\/\/www.samskitchen.at\/wp-content\/uploads\/2019\/11\/2019-11-16-14.14.17-510x383.jpg\" alt=\"\" class=\"wp-image-3831\" srcset=\"https:\/\/www.samskitchen.at\/wp-content\/uploads\/2019\/11\/2019-11-16-14.14.17-510x383.jpg 510w, https:\/\/www.samskitchen.at\/wp-content\/uploads\/2019\/11\/2019-11-16-14.14.17-300x225.jpg 300w, https:\/\/www.samskitchen.at\/wp-content\/uploads\/2019\/11\/2019-11-16-14.14.17-768x576.jpg 768w, https:\/\/www.samskitchen.at\/wp-content\/uploads\/2019\/11\/2019-11-16-14.14.17-125x94.jpg 125w, https:\/\/www.samskitchen.at\/wp-content\/uploads\/2019\/11\/2019-11-16-14.14.17.jpg 1200w\" sizes=\"(max-width: 510px) 100vw, 510px\" \/><\/figure>\n\n\n\n<figure class=\"wp-block-image\"><img decoding=\"async\" loading=\"lazy\" width=\"510\" height=\"383\" src=\"http:\/\/www.samskitchen.at\/wp-content\/uploads\/2019\/11\/2019-11-16-13.33.40-510x383.jpg\" alt=\"\" class=\"wp-image-3830\" srcset=\"https:\/\/www.samskitchen.at\/wp-content\/uploads\/2019\/11\/2019-11-16-13.33.40-510x383.jpg 510w, https:\/\/www.samskitchen.at\/wp-content\/uploads\/2019\/11\/2019-11-16-13.33.40-300x225.jpg 300w, https:\/\/www.samskitchen.at\/wp-content\/uploads\/2019\/11\/2019-11-16-13.33.40-768x576.jpg 768w, https:\/\/www.samskitchen.at\/wp-content\/uploads\/2019\/11\/2019-11-16-13.33.40-125x94.jpg 125w, https:\/\/www.samskitchen.at\/wp-content\/uploads\/2019\/11\/2019-11-16-13.33.40.jpg 1200w\" sizes=\"(max-width: 510px) 100vw, 510px\" \/><\/figure>\n\n\n\n<figure class=\"wp-block-image\"><img decoding=\"async\" loading=\"lazy\" width=\"510\" height=\"383\" src=\"http:\/\/www.samskitchen.at\/wp-content\/uploads\/2019\/11\/2019-11-16-13.33.34-510x383.jpg\" alt=\"\" class=\"wp-image-3829\" srcset=\"https:\/\/www.samskitchen.at\/wp-content\/uploads\/2019\/11\/2019-11-16-13.33.34-510x383.jpg 510w, https:\/\/www.samskitchen.at\/wp-content\/uploads\/2019\/11\/2019-11-16-13.33.34-300x225.jpg 300w, https:\/\/www.samskitchen.at\/wp-content\/uploads\/2019\/11\/2019-11-16-13.33.34-768x576.jpg 768w, https:\/\/www.samskitchen.at\/wp-content\/uploads\/2019\/11\/2019-11-16-13.33.34-125x94.jpg 125w, https:\/\/www.samskitchen.at\/wp-content\/uploads\/2019\/11\/2019-11-16-13.33.34.jpg 1200w\" sizes=\"(max-width: 510px) 100vw, 510px\" \/><\/figure>\n\n\n\n<figure class=\"wp-block-image\"><img decoding=\"async\" loading=\"lazy\" width=\"510\" height=\"383\" src=\"http:\/\/www.samskitchen.at\/wp-content\/uploads\/2019\/11\/2019-11-16-11.20.07-510x383.jpg\" alt=\"\" class=\"wp-image-3827\" srcset=\"https:\/\/www.samskitchen.at\/wp-content\/uploads\/2019\/11\/2019-11-16-11.20.07-510x383.jpg 510w, https:\/\/www.samskitchen.at\/wp-content\/uploads\/2019\/11\/2019-11-16-11.20.07-300x225.jpg 300w, https:\/\/www.samskitchen.at\/wp-content\/uploads\/2019\/11\/2019-11-16-11.20.07-768x576.jpg 768w, https:\/\/www.samskitchen.at\/wp-content\/uploads\/2019\/11\/2019-11-16-11.20.07-125x94.jpg 125w, https:\/\/www.samskitchen.at\/wp-content\/uploads\/2019\/11\/2019-11-16-11.20.07.jpg 1200w\" sizes=\"(max-width: 510px) 100vw, 510px\" \/><\/figure>\n\n\n\n<p><br>Nach einer Idee aus dem Buch &#8222;Kipferl zum Croissant (Barbara van Melle)&#8220; sehr empfehlenswert. Nicht nur Rezepte, auch sehr viel Hintergrundinformationen und Geschichtliches zur Boulangerie Viennoise.<br><br><\/p>\n","protected":false},"excerpt":{"rendered":"<p>Unter Baguettes stellt man sich gew\u00f6hnlich eine lange Weissbrotstange vor, die eine r\u00f6sche aufgesprungene Kruste aufweist, die Krume sollte grosse unregelm\u00e4\u00dfige L\u00f6cher aufweisen. Vergesst diese Merkmale wenn es um ein Wiener Baguettes geht. WARUM &#8211; es hat sicher mit dem Ursprung des Baguettes zu tun. Wenn man den Ursprung des Baguettes erforschen m\u00f6chte, kommt man um einen Namen nicht herum &hellip;<\/p>\n","protected":false},"author":1,"featured_media":3834,"comment_status":"open","ping_status":"open","sticky":false,"template":"","format":"standard","meta":{"_mi_skip_tracking":false,"_exactmetrics_sitenote_active":false,"_exactmetrics_sitenote_note":"","_exactmetrics_sitenote_category":0,"ngg_post_thumbnail":0,"jetpack_post_was_ever_published":false,"_jetpack_newsletter_access":"","footnotes":"","jetpack_publicize_message":"","jetpack_is_tweetstorm":false,"jetpack_publicize_feature_enabled":true,"jetpack_social_post_already_shared":true,"jetpack_social_options":{"image_generator_settings":{"template":"highway","enabled":false}}},"categories":[2],"tags":[371,74,370,66,369],"jetpack_publicize_connections":[],"jetpack_featured_media_url":"https:\/\/www.samskitchen.at\/wp-content\/uploads\/2019\/11\/2019-11-16-14.15.02.jpg","jetpack_sharing_enabled":true,"jetpack_shortlink":"https:\/\/wp.me\/p41IW0-Zg","_links":{"self":[{"href":"https:\/\/www.samskitchen.at\/index.php?rest_route=\/wp\/v2\/posts\/3798"}],"collection":[{"href":"https:\/\/www.samskitchen.at\/index.php?rest_route=\/wp\/v2\/posts"}],"about":[{"href":"https:\/\/www.samskitchen.at\/index.php?rest_route=\/wp\/v2\/types\/post"}],"author":[{"embeddable":true,"href":"https:\/\/www.samskitchen.at\/index.php?rest_route=\/wp\/v2\/users\/1"}],"replies":[{"embeddable":true,"href":"https:\/\/www.samskitchen.at\/index.php?rest_route=%2Fwp%2Fv2%2Fcomments&post=3798"}],"version-history":[{"count":6,"href":"https:\/\/www.samskitchen.at\/index.php?rest_route=\/wp\/v2\/posts\/3798\/revisions"}],"predecessor-version":[{"id":3842,"href":"https:\/\/www.samskitchen.at\/index.php?rest_route=\/wp\/v2\/posts\/3798\/revisions\/3842"}],"wp:featuredmedia":[{"embeddable":true,"href":"https:\/\/www.samskitchen.at\/index.php?rest_route=\/wp\/v2\/media\/3834"}],"wp:attachment":[{"href":"https:\/\/www.samskitchen.at\/index.php?rest_route=%2Fwp%2Fv2%2Fmedia&parent=3798"}],"wp:term":[{"taxonomy":"category","embeddable":true,"href":"https:\/\/www.samskitchen.at\/index.php?rest_route=%2Fwp%2Fv2%2Fcategories&post=3798"},{"taxonomy":"post_tag","embeddable":true,"href":"https:\/\/www.samskitchen.at\/index.php?rest_route=%2Fwp%2Fv2%2Ftags&post=3798"}],"curies":[{"name":"wp","href":"https:\/\/api.w.org\/{rel}","templated":true}]}}