{"id":3781,"date":"2019-11-03T13:58:14","date_gmt":"2019-11-03T12:58:14","guid":{"rendered":"http:\/\/www.samskitchen.at\/?p=3781"},"modified":"2019-11-03T13:58:21","modified_gmt":"2019-11-03T12:58:21","slug":"winzerstangerln","status":"publish","type":"post","link":"https:\/\/www.samskitchen.at\/?p=3781","title":{"rendered":"Winzerstangerln"},"content":{"rendered":"\n<figure class=\"wp-block-image\"><img decoding=\"async\" loading=\"lazy\" width=\"510\" height=\"287\" src=\"http:\/\/www.samskitchen.at\/wp-content\/uploads\/2019\/11\/2019-11-02-12.47.09-1-510x287.jpg\" alt=\"\" class=\"wp-image-3783\" srcset=\"https:\/\/www.samskitchen.at\/wp-content\/uploads\/2019\/11\/2019-11-02-12.47.09-1-510x287.jpg 510w, https:\/\/www.samskitchen.at\/wp-content\/uploads\/2019\/11\/2019-11-02-12.47.09-1-300x169.jpg 300w, https:\/\/www.samskitchen.at\/wp-content\/uploads\/2019\/11\/2019-11-02-12.47.09-1-768x432.jpg 768w, https:\/\/www.samskitchen.at\/wp-content\/uploads\/2019\/11\/2019-11-02-12.47.09-1-125x70.jpg 125w, https:\/\/www.samskitchen.at\/wp-content\/uploads\/2019\/11\/2019-11-02-12.47.09-1.jpg 1200w\" sizes=\"(max-width: 510px) 100vw, 510px\" \/><\/figure>\n\n\n\n<p>Kornspitz ist mittlerweile keine gesch\u00fctzte Marke mehr &#8211; aber das war nicht immer so und kam es, dass die interessantesten Bezeichnungen f\u00fcr ein und dasselbe Geb\u00e4ck entstanden sind. Ich hab sie damals K\u00f6rndlspitz genannt. <br>Ein von mir sehr gesch\u00e4tztes Weingut, das <a href=\"http:\/\/www.mariel.at\">Weingut MARIEL<\/a> in Wulkaprodersdorf. Dieser Winzerbetrieb hat  vorz\u00fcgliche Weine. Ich m\u00f6chte an dieser Stelle nur den &#8222;Gemischten Satz&#8220;erw\u00e4hnen,  eine \u00f6sterr. Spezialit\u00e4t oder einen Rose\u00b4,  der sogar mich \u00fcberzeugte erw\u00e4hnen. Wie der Zufall es so will, war ich f\u00fcr ihn kein Unbekannter &#8211; er kannte meinen Blog. <\/p>\n\n\n\n<p>Das nachfolgende Rezept schaut wie ein Kornspitz aus, hat aber eine ganz besondere Zutat: <a href=\"http:\/\/www.traubenkernmehl.com\">Traubenkernmehl <\/a> ihm werden ganz besondere F\u00e4higkeiten zugeschrieben. <br>Diese neue Komposition widme ich dem <a href=\"http:\/\/www.mariel.at\">Weingut MARIEL<\/a> ganz besonders Konrad jun. einen innovativen jungen Winzer.<\/p>\n\n\n\n<p>Rezept f\u00fcr ca. 25 Stangeln<\/p>\n\n\n\n<p><strong>Rezept:<\/strong>&nbsp;&nbsp;TA 165<\/p>\n\n\n\n<p><strong>Vorteig:<br><\/strong>40&nbsp;g RST (Roggenanstellgut)<br>300&nbsp;g&nbsp;Roggenmehl T960<br>300&nbsp;g Wasser<\/p>\n\n\n\n<p>Vorteigzutaten vermengen und ca. 12&nbsp; Stunden bei Raumtemperatur gehen lassen.<\/p>\n\n\n\n<p><strong>Quellst\u00fcck<\/strong><br>300 g Leinsamen, Sonnenblumenkerne, Sesam (gemischt) 12 Stunden vorher mit<br>400 g heissem Wasser quellen lassen<\/p>\n\n\n\n<p><strong>Hauptteig:<br><\/strong>Vorteig (640 g)<br>Quellst\u00fcck (700 g)<br>500\u00a0g Weizenmehl W1600 (ich hab Ruchmehl von der <a href=\"http:\/\/www.lamuehla.at\/?\">Langerm\u00fchle <\/a>genommen)<br>500\u00a0g Weizenmehl W 700<br>40 g Traubenkernmehl<br>140\u00a0g Wasser<br>20\u00a0g Hefe<br>30\u00a0g Salz<br>36\u00a0g Schmalz<br>12g Backmalz (aktiv) wer keines hat l\u00e4sst es weg oder nimmt Honig<\/p>\n\n\n\n<p>Alle Zutaten ca. 5 Minuten langsam kneten, dann nochmals 5 Minuten schneller, bis der Teig sich beginnt vom Sch\u00fcsselboden zu l\u00f6sen. Am Ende der Knetzeit, die K\u00f6rner mitkneten.<\/p>\n\n\n\n<p>Den Teig in eine ge\u00f6lte Sch\u00fcssel geben und eine Stunde bei ca. 24 Grad gehen lassen. Einmal&nbsp;zusammenschlagen.<\/p>\n\n\n\n<p>Den Teig in ca. 100g\u00a0 St\u00fccke teilen und rund wirken. Mit einen 50\/50 Mischung aus Roggenmehl und Kartoffelst\u00e4rke bestauben und 15 Minuten rasten lassen.<\/p>\n\n\n\n<p>Die Teiglinge dann mit einem Rollholz oval ausrollen und so wie Salzstangerln straff aufrollen. Auf ein Lochblech oder Backpapier mit Schluss nach unten legen und sch\u00f6n aufgehen lassen. Mit Wasser einspritzen und nach Wunsch ev. mit Saaten oder Salz bestreuen und zweimal einschneiden.<\/p>\n\n\n\n<p>Backofen mit Backstein&nbsp; auf 230 Grad aufheizen. Mit viel Schwaden einschie\u00dfen und fallend auf 200 Grad ca 25 Minuten sch\u00f6n braun backen.<\/p>\n\n\n\n<p>Schwaden nach 10 Minuten ablassen (Ofent\u00fcr weit \u00f6ffnen).<\/p>\n\n\n\n<p>Auf einem Gitterrot ausk\u00fchlen lassen und genie\u00dfen &#8211; nat\u00fcrlich am besten beim <a href=\"http:\/\/www.mariel.at\/heuriger\/\">Heurigen Mariel<\/a> in Wulkaprodersdorf.<\/p>\n\n\n\n<div class=\"wp-block-image\"><figure class=\"aligncenter\"><img decoding=\"async\" loading=\"lazy\" width=\"510\" height=\"287\" src=\"http:\/\/www.samskitchen.at\/wp-content\/uploads\/2019\/11\/2019-11-02-13.01.06-510x287.jpg\" alt=\"\" class=\"wp-image-3784\" srcset=\"https:\/\/www.samskitchen.at\/wp-content\/uploads\/2019\/11\/2019-11-02-13.01.06-510x287.jpg 510w, https:\/\/www.samskitchen.at\/wp-content\/uploads\/2019\/11\/2019-11-02-13.01.06-300x169.jpg 300w, https:\/\/www.samskitchen.at\/wp-content\/uploads\/2019\/11\/2019-11-02-13.01.06-768x432.jpg 768w, https:\/\/www.samskitchen.at\/wp-content\/uploads\/2019\/11\/2019-11-02-13.01.06-125x70.jpg 125w, https:\/\/www.samskitchen.at\/wp-content\/uploads\/2019\/11\/2019-11-02-13.01.06.jpg 1200w\" sizes=\"(max-width: 510px) 100vw, 510px\" \/><\/figure><\/div>\n\n\n\n<div class=\"wp-block-image\"><figure class=\"aligncenter\"><img decoding=\"async\" loading=\"lazy\" width=\"510\" height=\"383\" src=\"http:\/\/www.samskitchen.at\/wp-content\/uploads\/2019\/11\/csm_mariel-weingut-buschenschank-04_f929c5d83b-510x383.jpg\" alt=\"\" class=\"wp-image-3785\" srcset=\"https:\/\/www.samskitchen.at\/wp-content\/uploads\/2019\/11\/csm_mariel-weingut-buschenschank-04_f929c5d83b-510x383.jpg 510w, https:\/\/www.samskitchen.at\/wp-content\/uploads\/2019\/11\/csm_mariel-weingut-buschenschank-04_f929c5d83b-300x225.jpg 300w, https:\/\/www.samskitchen.at\/wp-content\/uploads\/2019\/11\/csm_mariel-weingut-buschenschank-04_f929c5d83b-768x576.jpg 768w, https:\/\/www.samskitchen.at\/wp-content\/uploads\/2019\/11\/csm_mariel-weingut-buschenschank-04_f929c5d83b-125x94.jpg 125w, https:\/\/www.samskitchen.at\/wp-content\/uploads\/2019\/11\/csm_mariel-weingut-buschenschank-04_f929c5d83b.jpg 1024w\" sizes=\"(max-width: 510px) 100vw, 510px\" \/><\/figure><\/div>\n\n\n\n<p><br><br><br><\/p>\n","protected":false},"excerpt":{"rendered":"<p>Kornspitz ist mittlerweile keine gesch\u00fctzte Marke mehr &#8211; aber das war nicht immer so und kam es, dass die interessantesten Bezeichnungen f\u00fcr ein und dasselbe Geb\u00e4ck entstanden sind. Ich hab sie damals K\u00f6rndlspitz genannt. Ein von mir sehr gesch\u00e4tztes Weingut, das Weingut MARIEL in Wulkaprodersdorf. Dieser Winzerbetrieb hat vorz\u00fcgliche Weine. Ich m\u00f6chte an dieser Stelle nur den &#8222;Gemischten Satz&#8220;erw\u00e4hnen, eine &hellip;<\/p>\n","protected":false},"author":1,"featured_media":3783,"comment_status":"open","ping_status":"open","sticky":false,"template":"","format":"standard","meta":{"_mi_skip_tracking":false,"_exactmetrics_sitenote_active":false,"_exactmetrics_sitenote_note":"","_exactmetrics_sitenote_category":0,"ngg_post_thumbnail":0,"jetpack_post_was_ever_published":false,"_jetpack_newsletter_access":"","footnotes":"","jetpack_publicize_message":"","jetpack_is_tweetstorm":false,"jetpack_publicize_feature_enabled":true,"jetpack_social_post_already_shared":true,"jetpack_social_options":{"image_generator_settings":{"template":"highway","enabled":false}}},"categories":[2],"tags":[300,61,367],"jetpack_publicize_connections":[],"jetpack_featured_media_url":"https:\/\/www.samskitchen.at\/wp-content\/uploads\/2019\/11\/2019-11-02-12.47.09-1.jpg","jetpack_sharing_enabled":true,"jetpack_shortlink":"https:\/\/wp.me\/p41IW0-YZ","_links":{"self":[{"href":"https:\/\/www.samskitchen.at\/index.php?rest_route=\/wp\/v2\/posts\/3781"}],"collection":[{"href":"https:\/\/www.samskitchen.at\/index.php?rest_route=\/wp\/v2\/posts"}],"about":[{"href":"https:\/\/www.samskitchen.at\/index.php?rest_route=\/wp\/v2\/types\/post"}],"author":[{"embeddable":true,"href":"https:\/\/www.samskitchen.at\/index.php?rest_route=\/wp\/v2\/users\/1"}],"replies":[{"embeddable":true,"href":"https:\/\/www.samskitchen.at\/index.php?rest_route=%2Fwp%2Fv2%2Fcomments&post=3781"}],"version-history":[{"count":2,"href":"https:\/\/www.samskitchen.at\/index.php?rest_route=\/wp\/v2\/posts\/3781\/revisions"}],"predecessor-version":[{"id":3787,"href":"https:\/\/www.samskitchen.at\/index.php?rest_route=\/wp\/v2\/posts\/3781\/revisions\/3787"}],"wp:featuredmedia":[{"embeddable":true,"href":"https:\/\/www.samskitchen.at\/index.php?rest_route=\/wp\/v2\/media\/3783"}],"wp:attachment":[{"href":"https:\/\/www.samskitchen.at\/index.php?rest_route=%2Fwp%2Fv2%2Fmedia&parent=3781"}],"wp:term":[{"taxonomy":"category","embeddable":true,"href":"https:\/\/www.samskitchen.at\/index.php?rest_route=%2Fwp%2Fv2%2Fcategories&post=3781"},{"taxonomy":"post_tag","embeddable":true,"href":"https:\/\/www.samskitchen.at\/index.php?rest_route=%2Fwp%2Fv2%2Ftags&post=3781"}],"curies":[{"name":"wp","href":"https:\/\/api.w.org\/{rel}","templated":true}]}}