{"id":3757,"date":"2019-10-07T11:13:17","date_gmt":"2019-10-07T09:13:17","guid":{"rendered":"http:\/\/www.samskitchen.at\/?p=3757"},"modified":"2019-10-07T11:13:24","modified_gmt":"2019-10-07T09:13:24","slug":"wiener-kipferl","status":"publish","type":"post","link":"https:\/\/www.samskitchen.at\/?p=3757","title":{"rendered":"Wiener Kipferl"},"content":{"rendered":"\n<figure class=\"wp-block-image\"><img decoding=\"async\" loading=\"lazy\" width=\"510\" height=\"416\" src=\"http:\/\/www.samskitchen.at\/wp-content\/uploads\/2019\/10\/2019-10-06-16.13.49-Kopie-510x416.jpg\" alt=\"\" class=\"wp-image-3759\" srcset=\"https:\/\/www.samskitchen.at\/wp-content\/uploads\/2019\/10\/2019-10-06-16.13.49-Kopie-510x416.jpg 510w, https:\/\/www.samskitchen.at\/wp-content\/uploads\/2019\/10\/2019-10-06-16.13.49-Kopie-300x244.jpg 300w, https:\/\/www.samskitchen.at\/wp-content\/uploads\/2019\/10\/2019-10-06-16.13.49-Kopie-768x626.jpg 768w, https:\/\/www.samskitchen.at\/wp-content\/uploads\/2019\/10\/2019-10-06-16.13.49-Kopie-123x100.jpg 123w, https:\/\/www.samskitchen.at\/wp-content\/uploads\/2019\/10\/2019-10-06-16.13.49-Kopie.jpg 816w\" sizes=\"(max-width: 510px) 100vw, 510px\" \/><\/figure>\n\n\n\n<p>&#8222;Wiener Kipferl&#8220; oder auch &#8222;M\u00fcrbes Kipferl&#8220; ist eine Wiener Spezialit\u00e4t. Zum Fr\u00fchst\u00fcck, frisch mit Butter und Marmelade und eine Tasse heissem Kaffee.   Am besten in einem Wiener Kaffeehaus mit einer Tageszeitung und genug Zeit.<br>Die Herstellung ist gar nicht so einfach. Ich habe mehrere Anl\u00e4ufe gebraucht um es so einigermassen hinzubekommen. Viele Rezepte durchgelesen, einige ausprobiert &#8211; dieses kommt meiner Meinung dem Original falls es sowas \u00fcberhaupt gibt &#8211; ziemlich \u00e4hnlich.<\/p>\n\n\n\n<p><strong>Vorteig:<\/strong><br>80 g Weizenmehl T 700<br>120 g Milch (lauwarm)<br>6 g frische Hefe<br>Zutaten gut vermischen und bei 25 \u00b0C ca. 3 Stunden gehen lassen. <br><br><strong>Hauptteig:<\/strong><br>206 g Vorteig<br>180 g Milch<br>430 g Weizenmehl T 700<br>6 g Zucker<br>7 g Salz<br>6 g Backmalz (aktiv)<br>80 g Butter<br><br>Alle Zutaten zu einem glatten Teig kneten. Die Teigtemperatur sollte ca. 24-25\u00b0C betragen. In einer Sch\u00fcssel abgedeckt bei 25\u00b0C ca. 2 Stunden gehen lassen. Der Teig sollte sch\u00f6n aufgegangen sein. Danach wird der Teig noch einmal  mit der Hand zusammengeschlagen um die Luftblasen herauszubekommen. Nun stechen wir Teiglinge zu je 70 g ab und wirken sie  rund, mit Roggenmehl einstauben und abgedeckt 15 Minuten entspannen lassen. Danach werden die Teiglinge mit einem Rollholz d\u00fcnn zu einem ovalen Fleck ausgerollt und schliesslich zu Kipferln straff aufgerollt. Ein Video wie man es machen sollte hat mein B\u00e4ckerfreund in seinem Blog ver\u00f6ffentlicht. <a href=\"https:\/\/www.homebaking.at\/salzstangerl-wickeln\/\">Hier findest du die Anleitung<\/a> &#8211; ist die gleiche Methode wie beim Salzstangerl. Die gewickelten Kipferl werden dann auf einem Backblech abgelegt und gut abgedeckt. Nach ca 30 Minuten St\u00fcckgare werden die Kipferl mit Wasser bespr\u00fcht und im gut vorgeheizten Backofen bei 220\u00b0C Ober\/Unterhitze goldgelb ausgebacken. Wenn sie fertig sind herausnehmen und sofort mit Wasser bespr\u00fchen. Ausk\u00fchlen lassen und geniessen. <\/p>\n\n\n\n<figure class=\"wp-block-image\"><img decoding=\"async\" loading=\"lazy\" width=\"510\" height=\"383\" src=\"http:\/\/www.samskitchen.at\/wp-content\/uploads\/2019\/10\/2019-10-06-16.13.49-510x383.jpg\" alt=\"\" class=\"wp-image-3760\" srcset=\"https:\/\/www.samskitchen.at\/wp-content\/uploads\/2019\/10\/2019-10-06-16.13.49-510x383.jpg 510w, https:\/\/www.samskitchen.at\/wp-content\/uploads\/2019\/10\/2019-10-06-16.13.49-300x225.jpg 300w, https:\/\/www.samskitchen.at\/wp-content\/uploads\/2019\/10\/2019-10-06-16.13.49-768x576.jpg 768w, https:\/\/www.samskitchen.at\/wp-content\/uploads\/2019\/10\/2019-10-06-16.13.49-125x94.jpg 125w, https:\/\/www.samskitchen.at\/wp-content\/uploads\/2019\/10\/2019-10-06-16.13.49.jpg 1200w\" sizes=\"(max-width: 510px) 100vw, 510px\" \/><\/figure>\n\n\n\n<figure class=\"wp-block-image\"><img decoding=\"async\" loading=\"lazy\" width=\"510\" height=\"305\" src=\"http:\/\/www.samskitchen.at\/wp-content\/uploads\/2019\/10\/2019-10-06-16.22.54-510x305.jpg\" alt=\"\" class=\"wp-image-3761\" srcset=\"https:\/\/www.samskitchen.at\/wp-content\/uploads\/2019\/10\/2019-10-06-16.22.54-510x305.jpg 510w, https:\/\/www.samskitchen.at\/wp-content\/uploads\/2019\/10\/2019-10-06-16.22.54-300x179.jpg 300w, https:\/\/www.samskitchen.at\/wp-content\/uploads\/2019\/10\/2019-10-06-16.22.54-768x459.jpg 768w, https:\/\/www.samskitchen.at\/wp-content\/uploads\/2019\/10\/2019-10-06-16.22.54-125x75.jpg 125w, https:\/\/www.samskitchen.at\/wp-content\/uploads\/2019\/10\/2019-10-06-16.22.54.jpg 1200w\" sizes=\"(max-width: 510px) 100vw, 510px\" \/><\/figure>\n","protected":false},"excerpt":{"rendered":"<p>&#8222;Wiener Kipferl&#8220; oder auch &#8222;M\u00fcrbes Kipferl&#8220; ist eine Wiener Spezialit\u00e4t. Zum Fr\u00fchst\u00fcck, frisch mit Butter und Marmelade und eine Tasse heissem Kaffee. Am besten in einem Wiener Kaffeehaus mit einer Tageszeitung und genug Zeit.Die Herstellung ist gar nicht so einfach. Ich habe mehrere Anl\u00e4ufe gebraucht um es so einigermassen hinzubekommen. Viele Rezepte durchgelesen, einige ausprobiert &#8211; dieses kommt meiner Meinung &hellip;<\/p>\n","protected":false},"author":1,"featured_media":3760,"comment_status":"open","ping_status":"open","sticky":false,"template":"","format":"standard","meta":{"_mi_skip_tracking":false,"_exactmetrics_sitenote_active":false,"_exactmetrics_sitenote_note":"","_exactmetrics_sitenote_category":0,"ngg_post_thumbnail":0,"jetpack_post_was_ever_published":false,"_jetpack_newsletter_access":"","footnotes":"","jetpack_publicize_message":"","jetpack_is_tweetstorm":false,"jetpack_publicize_feature_enabled":true,"jetpack_social_post_already_shared":true,"jetpack_social_options":{"image_generator_settings":{"template":"highway","enabled":false}}},"categories":[2],"tags":[366],"jetpack_publicize_connections":[],"jetpack_featured_media_url":"https:\/\/www.samskitchen.at\/wp-content\/uploads\/2019\/10\/2019-10-06-16.13.49.jpg","jetpack_sharing_enabled":true,"jetpack_shortlink":"https:\/\/wp.me\/p41IW0-YB","_links":{"self":[{"href":"https:\/\/www.samskitchen.at\/index.php?rest_route=\/wp\/v2\/posts\/3757"}],"collection":[{"href":"https:\/\/www.samskitchen.at\/index.php?rest_route=\/wp\/v2\/posts"}],"about":[{"href":"https:\/\/www.samskitchen.at\/index.php?rest_route=\/wp\/v2\/types\/post"}],"author":[{"embeddable":true,"href":"https:\/\/www.samskitchen.at\/index.php?rest_route=\/wp\/v2\/users\/1"}],"replies":[{"embeddable":true,"href":"https:\/\/www.samskitchen.at\/index.php?rest_route=%2Fwp%2Fv2%2Fcomments&post=3757"}],"version-history":[{"count":3,"href":"https:\/\/www.samskitchen.at\/index.php?rest_route=\/wp\/v2\/posts\/3757\/revisions"}],"predecessor-version":[{"id":3763,"href":"https:\/\/www.samskitchen.at\/index.php?rest_route=\/wp\/v2\/posts\/3757\/revisions\/3763"}],"wp:featuredmedia":[{"embeddable":true,"href":"https:\/\/www.samskitchen.at\/index.php?rest_route=\/wp\/v2\/media\/3760"}],"wp:attachment":[{"href":"https:\/\/www.samskitchen.at\/index.php?rest_route=%2Fwp%2Fv2%2Fmedia&parent=3757"}],"wp:term":[{"taxonomy":"category","embeddable":true,"href":"https:\/\/www.samskitchen.at\/index.php?rest_route=%2Fwp%2Fv2%2Fcategories&post=3757"},{"taxonomy":"post_tag","embeddable":true,"href":"https:\/\/www.samskitchen.at\/index.php?rest_route=%2Fwp%2Fv2%2Ftags&post=3757"}],"curies":[{"name":"wp","href":"https:\/\/api.w.org\/{rel}","templated":true}]}}