{"id":3692,"date":"2019-04-26T10:17:21","date_gmt":"2019-04-26T08:17:21","guid":{"rendered":"http:\/\/www.samskitchen.at\/?p=3692"},"modified":"2019-04-26T10:17:29","modified_gmt":"2019-04-26T08:17:29","slug":"waldstaudenroggen-mit-schwarzem-emmer-vollkorn-ohne-hefe","status":"publish","type":"post","link":"https:\/\/www.samskitchen.at\/?p=3692","title":{"rendered":"Waldstaudenroggen mit schwarzem Emmer (Vollkorn ohne Hefe)"},"content":{"rendered":"\n<figure class=\"wp-block-image\"><img decoding=\"async\" loading=\"lazy\" width=\"510\" height=\"283\" src=\"http:\/\/www.samskitchen.at\/wp-content\/uploads\/2019\/04\/2019-04-25-14.51.58-510x283.jpg\" alt=\"\" class=\"wp-image-3695\" srcset=\"https:\/\/www.samskitchen.at\/wp-content\/uploads\/2019\/04\/2019-04-25-14.51.58-510x283.jpg 510w, https:\/\/www.samskitchen.at\/wp-content\/uploads\/2019\/04\/2019-04-25-14.51.58-300x166.jpg 300w, https:\/\/www.samskitchen.at\/wp-content\/uploads\/2019\/04\/2019-04-25-14.51.58-768x426.jpg 768w, https:\/\/www.samskitchen.at\/wp-content\/uploads\/2019\/04\/2019-04-25-14.51.58-125x69.jpg 125w, https:\/\/www.samskitchen.at\/wp-content\/uploads\/2019\/04\/2019-04-25-14.51.58.jpg 1500w\" sizes=\"(max-width: 510px) 100vw, 510px\" \/><\/figure>\n\n\n\n<p>Vollkorn war  nicht immer meine Liebe &#8211; aber irgendwann bin ich immer mehr ein Fan von Vollkornbroten geworden. Warum? &#8211; Die meisten Vollkornbackwaren entsprachen nicht meinem Verst\u00e4ndnis von einem Brot &#8211; sehr kompakt &#8211; nicht ansehnlich, eine graue Kruste und die Krume zerbr\u00f6selte schon gleich nach dem Anschneiden. Sowas wollte ich nicht, obwohl einige B\u00e4cker und Direktvertreiber sowas als gesund anpriesen. Ich war der Meinung &#8211; bei Vollkorn muss man halt solche Begleiterscheinungen in Kauf nehmen. Weit gefehlt &#8211; auch mit Vollkorn lassen sich durchaus ansprechende Brot machen. Nur braucht man halt etwas Geduld bis man wei\u00df wie es geht. Die Fa.<a href=\"https:\/\/hecker-urkorn.de\"> Hecker Urkorn<\/a> hat in ihrem Sortiment Urkorn Getreide der besonderen Art. Es lohn sich einen Blick auf ihre Seite zu werfen. <\/p>\n\n\n\n<p><strong>Waldstaudenroggen<\/strong> <br>ist eine alte Roggensorte. Er wird auch oft \u201cUrroggen\u201d oder \u201cJohannisroggen\u201d genannt. Die K\u00f6rner sind deutlich kleiner als gew\u00f6hnlicher Roggen, ansonsten sehr \u00e4hnlich .<br>Waldstaudenroggen wird vor allem zu Schrot oder Vollmehl verarbeitet. Er wird als Zusatz f\u00fcr Roggenbrote verwendet, um die Ballaststoffgehalt darin zu erh\u00f6hen. Der Geschmack wird dadurch aromatischer.<br>Im Vergleich zu Roggen besitzt der Waldstaudenroggen einen um etwa 50 Prozent h\u00f6heren Ballaststoffgehalt. Ansonsten sind die beiden Sorten in ihren Inhaltsstoffen (Vitamine, Eiwei\u00dfe etc.) sehr \u00e4hnlich.<\/p>\n\n\n\n<p><strong>Emmer<\/strong> ist das Getreide der R\u00f6merzeit.<br>Der Ertrag des Emmers im Vergleich zum Einkorn wurde im Ackerbau gesteigert und der Gro\u00dfteil an N\u00e4hrstoffen, Mineralien und Vitaminen blieb erhalten. <br>Die heutige Forschung best\u00e4tigt die sehr gute, positive Zusammensetzung des Emmers f\u00fcr den menschlichen K\u00f6rper.<br>Emmer ist ein Vorfahre des heute bekannten Hartweizens und daher sehr gut f\u00fcr die Nudelherstellung geeignet.<br>Vitamine, Fette, Eiwei\u00dfe, Mineralstoffe und Spurenelemente aus dem Keimling und den Randschichten sind zu 100% enthalten. Durch ein schonendes und luftgek\u00fchltes Mahlverfahren ist dieses Vollkornmehl besonders fein und pudrig.<\/p>\n\n\n\n<p>Da folgende Brot ist ausschliesslich mit Vollkorn und Sauerteig gebacken. Und mit einer etwas aufwendigen 3-Stufen Sauerteigf\u00fchrung. <\/p>\n\n\n\n<p>Viele fragen sich wahrscheinlich warum eine Dreistufen-F\u00fchrung eigentlich notwendig ist? Beim Roggenbrot sichern mehrstufige F\u00fchrungen Vorteile f\u00fcr die Ausbildung des Brotgeschmacks. Der Dreistufensauerteig ist aber sehr arbeits- und zeitaufwendig. Aber daf\u00fcr wird man mit besonders ausgewogenem Geschmack und Aroma belohnt. Entscheidend daf\u00fcr sind die unterschiedlichen Teigausbeuten, Reifezeiten und auch die Temperaturen der einzelnen Stufen.<\/p>\n\n\n\n<p><strong>Rezept f\u00fcr ein Brot mit ca. 2 KG<\/strong><\/p>\n\n\n\n<p><strong>1.Stufe (Anfrischsauer)<\/strong>&nbsp;Beginn 10 Uhr<br>10g Anstellgut<br>30g Waldstaudenroggen (Vollkorn)<br>30g Wasser<\/p>\n\n\n\n<p>Teigausbeute: 200 Teigtemperatur: 27\u00baC Reifezeit: 5 Stunden<\/p>\n\n\n\n<p>Wem das zu kleine Mengen sind, kann nat\u00fcrlich seine Anstellgut rechtzeitig auffrischen und dann die entsprechende Menge von 70 g anstelle der ersten Stufe nehmen.<\/p>\n\n\n\n<p><strong>2.Stufe (Grundsauer)&nbsp;<\/strong>Beginn um 15 Uhr&nbsp; &nbsp;<br>70g Anfrischsauer<br>170g Waldstaudenroggen (Vollkorn)<br>90g Wasser<\/p>\n\n\n\n<p>Teigausbeute: 160 &nbsp;Teigtemperatur: 27\u00baC &nbsp;Reifezeit: 6-7 Stunden<\/p>\n\n\n\n<p><strong>3.Stufe (Vollsauer)<\/strong>&nbsp;Beginn um 21 \u2013 22 Uhr<br>330g Grundsauer<br>280g Waldstaudenroggen (Vollkorn)<br>265g Wasser<\/p>\n\n\n\n<p>Teigausbeute: 180 &nbsp;Teigtemperatur: &nbsp;28\u00baC &nbsp; Reifezeit 8-9 Stunden<\/p>\n\n\n\n<p><strong>Hauptteig:&nbsp;<\/strong>Beginn um 6-7 Uhr<br>875g &nbsp;Vollsauer<br>500g schwarzer Emmer<br>200gWaldstaudenroggen (Vollkorn)<br>440g Wasser<br>25 g Salz<\/p>\n\n\n\n<p>Teigausbeute: 168 &nbsp;Teigtemperatur: 30\u00baC &nbsp;Reifezeit: 15-20 Minuten<\/p>\n\n\n\n<p>Der Teig wird einige Minuten gemischt bis sich alles sch\u00f6n vermischt und verbunden hat. Da der Teig sehr klebrig ist immer wieder mit einer nassen Teigkarte den Teig vom Rand zur Mitte bef\u00f6rdern. Nach der Reifezeit im Teigkessel den Teig wie gew\u00fcnscht aufarbeiten. Ein Wirken wie bei roggenlastigen Teigen wird nicht m\u00f6glich sein, es ist eher ein in Form bringen und ins G\u00e4rk\u00f6rberl bef\u00f6rdern. Das Brot reift dann bei ca. 30\u00baC &nbsp;ungef\u00e4hr 90 Minuten. Backofen rechtzeitig auf 270-280\u00ba aufheizen. Es sollte dann fallend auf 200\u00baC kr\u00e4ftig ausgebacken werden. Die Backzeit sollte mindestens 50 Minuten betragen, am besten die Kerntemperatur messen (ca. 94-96\u00baC).<br><\/p>\n\n\n\n<figure class=\"wp-block-image\"><img decoding=\"async\" loading=\"lazy\" width=\"510\" height=\"383\" src=\"http:\/\/www.samskitchen.at\/wp-content\/uploads\/2019\/04\/2019-04-25-14.52.40-510x383.jpg\" alt=\"\" class=\"wp-image-3696\" srcset=\"https:\/\/www.samskitchen.at\/wp-content\/uploads\/2019\/04\/2019-04-25-14.52.40-510x383.jpg 510w, https:\/\/www.samskitchen.at\/wp-content\/uploads\/2019\/04\/2019-04-25-14.52.40-300x225.jpg 300w, https:\/\/www.samskitchen.at\/wp-content\/uploads\/2019\/04\/2019-04-25-14.52.40-768x576.jpg 768w, https:\/\/www.samskitchen.at\/wp-content\/uploads\/2019\/04\/2019-04-25-14.52.40-125x94.jpg 125w, https:\/\/www.samskitchen.at\/wp-content\/uploads\/2019\/04\/2019-04-25-14.52.40.jpg 1500w\" sizes=\"(max-width: 510px) 100vw, 510px\" \/><\/figure>\n\n\n\n<figure class=\"wp-block-image\"><img decoding=\"async\" loading=\"lazy\" width=\"510\" height=\"383\" src=\"http:\/\/www.samskitchen.at\/wp-content\/uploads\/2019\/04\/2019-04-25-14.52.44-510x383.jpg\" alt=\"\" class=\"wp-image-3697\" srcset=\"https:\/\/www.samskitchen.at\/wp-content\/uploads\/2019\/04\/2019-04-25-14.52.44-510x383.jpg 510w, https:\/\/www.samskitchen.at\/wp-content\/uploads\/2019\/04\/2019-04-25-14.52.44-300x225.jpg 300w, https:\/\/www.samskitchen.at\/wp-content\/uploads\/2019\/04\/2019-04-25-14.52.44-768x576.jpg 768w, https:\/\/www.samskitchen.at\/wp-content\/uploads\/2019\/04\/2019-04-25-14.52.44-125x94.jpg 125w, https:\/\/www.samskitchen.at\/wp-content\/uploads\/2019\/04\/2019-04-25-14.52.44.jpg 1500w\" sizes=\"(max-width: 510px) 100vw, 510px\" \/><\/figure>\n\n\n\n<figure class=\"wp-block-image\"><img decoding=\"async\" loading=\"lazy\" width=\"510\" height=\"383\" src=\"http:\/\/www.samskitchen.at\/wp-content\/uploads\/2019\/04\/2019-04-25-14.52.47-510x383.jpg\" alt=\"\" class=\"wp-image-3698\" srcset=\"https:\/\/www.samskitchen.at\/wp-content\/uploads\/2019\/04\/2019-04-25-14.52.47-510x383.jpg 510w, https:\/\/www.samskitchen.at\/wp-content\/uploads\/2019\/04\/2019-04-25-14.52.47-300x225.jpg 300w, https:\/\/www.samskitchen.at\/wp-content\/uploads\/2019\/04\/2019-04-25-14.52.47-768x576.jpg 768w, https:\/\/www.samskitchen.at\/wp-content\/uploads\/2019\/04\/2019-04-25-14.52.47-125x94.jpg 125w, https:\/\/www.samskitchen.at\/wp-content\/uploads\/2019\/04\/2019-04-25-14.52.47.jpg 1500w\" sizes=\"(max-width: 510px) 100vw, 510px\" \/><\/figure>\n\n\n\n<figure class=\"wp-block-image\"><img decoding=\"async\" loading=\"lazy\" width=\"510\" height=\"287\" src=\"http:\/\/www.samskitchen.at\/wp-content\/uploads\/2019\/04\/2019-04-25-14.53.05-510x287.jpg\" alt=\"\" class=\"wp-image-3699\" srcset=\"https:\/\/www.samskitchen.at\/wp-content\/uploads\/2019\/04\/2019-04-25-14.53.05-510x287.jpg 510w, https:\/\/www.samskitchen.at\/wp-content\/uploads\/2019\/04\/2019-04-25-14.53.05-300x169.jpg 300w, https:\/\/www.samskitchen.at\/wp-content\/uploads\/2019\/04\/2019-04-25-14.53.05-768x433.jpg 768w, https:\/\/www.samskitchen.at\/wp-content\/uploads\/2019\/04\/2019-04-25-14.53.05-125x70.jpg 125w, https:\/\/www.samskitchen.at\/wp-content\/uploads\/2019\/04\/2019-04-25-14.53.05.jpg 1500w\" sizes=\"(max-width: 510px) 100vw, 510px\" \/><\/figure>\n\n\n\n<figure class=\"wp-block-image\"><img decoding=\"async\" loading=\"lazy\" width=\"510\" height=\"445\" src=\"http:\/\/www.samskitchen.at\/wp-content\/uploads\/2019\/04\/2019-04-25-14.59.40-510x445.jpg\" alt=\"\" class=\"wp-image-3700\" srcset=\"https:\/\/www.samskitchen.at\/wp-content\/uploads\/2019\/04\/2019-04-25-14.59.40-510x445.jpg 510w, https:\/\/www.samskitchen.at\/wp-content\/uploads\/2019\/04\/2019-04-25-14.59.40-300x262.jpg 300w, https:\/\/www.samskitchen.at\/wp-content\/uploads\/2019\/04\/2019-04-25-14.59.40-768x671.jpg 768w, https:\/\/www.samskitchen.at\/wp-content\/uploads\/2019\/04\/2019-04-25-14.59.40-115x100.jpg 115w, https:\/\/www.samskitchen.at\/wp-content\/uploads\/2019\/04\/2019-04-25-14.59.40.jpg 1200w\" sizes=\"(max-width: 510px) 100vw, 510px\" \/><\/figure>\n\n\n\n<figure class=\"wp-block-image\"><img decoding=\"async\" loading=\"lazy\" width=\"510\" height=\"383\" src=\"http:\/\/www.samskitchen.at\/wp-content\/uploads\/2019\/04\/2019-04-25-14.59.44-510x383.jpg\" alt=\"\" class=\"wp-image-3701\" srcset=\"https:\/\/www.samskitchen.at\/wp-content\/uploads\/2019\/04\/2019-04-25-14.59.44-510x383.jpg 510w, https:\/\/www.samskitchen.at\/wp-content\/uploads\/2019\/04\/2019-04-25-14.59.44-300x225.jpg 300w, https:\/\/www.samskitchen.at\/wp-content\/uploads\/2019\/04\/2019-04-25-14.59.44-768x576.jpg 768w, https:\/\/www.samskitchen.at\/wp-content\/uploads\/2019\/04\/2019-04-25-14.59.44-125x94.jpg 125w, https:\/\/www.samskitchen.at\/wp-content\/uploads\/2019\/04\/2019-04-25-14.59.44.jpg 1500w\" sizes=\"(max-width: 510px) 100vw, 510px\" \/><\/figure>\n","protected":false},"excerpt":{"rendered":"<p>Vollkorn war nicht immer meine Liebe &#8211; aber irgendwann bin ich immer mehr ein Fan von Vollkornbroten geworden. Warum? &#8211; Die meisten Vollkornbackwaren entsprachen nicht meinem Verst\u00e4ndnis von einem Brot &#8211; sehr kompakt &#8211; nicht ansehnlich, eine graue Kruste und die Krume zerbr\u00f6selte schon gleich nach dem Anschneiden. Sowas wollte ich nicht, obwohl einige B\u00e4cker und Direktvertreiber sowas als gesund &hellip;<\/p>\n","protected":false},"author":1,"featured_media":3695,"comment_status":"open","ping_status":"open","sticky":false,"template":"","format":"standard","meta":{"_mi_skip_tracking":false,"_exactmetrics_sitenote_active":false,"_exactmetrics_sitenote_note":"","_exactmetrics_sitenote_category":0,"ngg_post_thumbnail":0,"jetpack_post_was_ever_published":false,"_jetpack_newsletter_access":"","footnotes":"","jetpack_publicize_message":"","jetpack_is_tweetstorm":false,"jetpack_publicize_feature_enabled":true,"jetpack_social_post_already_shared":true,"jetpack_social_options":{"image_generator_settings":{"template":"highway","enabled":false}}},"categories":[2],"tags":[362],"jetpack_publicize_connections":[],"jetpack_featured_media_url":"https:\/\/www.samskitchen.at\/wp-content\/uploads\/2019\/04\/2019-04-25-14.51.58.jpg","jetpack_sharing_enabled":true,"jetpack_shortlink":"https:\/\/wp.me\/p41IW0-Xy","_links":{"self":[{"href":"https:\/\/www.samskitchen.at\/index.php?rest_route=\/wp\/v2\/posts\/3692"}],"collection":[{"href":"https:\/\/www.samskitchen.at\/index.php?rest_route=\/wp\/v2\/posts"}],"about":[{"href":"https:\/\/www.samskitchen.at\/index.php?rest_route=\/wp\/v2\/types\/post"}],"author":[{"embeddable":true,"href":"https:\/\/www.samskitchen.at\/index.php?rest_route=\/wp\/v2\/users\/1"}],"replies":[{"embeddable":true,"href":"https:\/\/www.samskitchen.at\/index.php?rest_route=%2Fwp%2Fv2%2Fcomments&post=3692"}],"version-history":[{"count":4,"href":"https:\/\/www.samskitchen.at\/index.php?rest_route=\/wp\/v2\/posts\/3692\/revisions"}],"predecessor-version":[{"id":3703,"href":"https:\/\/www.samskitchen.at\/index.php?rest_route=\/wp\/v2\/posts\/3692\/revisions\/3703"}],"wp:featuredmedia":[{"embeddable":true,"href":"https:\/\/www.samskitchen.at\/index.php?rest_route=\/wp\/v2\/media\/3695"}],"wp:attachment":[{"href":"https:\/\/www.samskitchen.at\/index.php?rest_route=%2Fwp%2Fv2%2Fmedia&parent=3692"}],"wp:term":[{"taxonomy":"category","embeddable":true,"href":"https:\/\/www.samskitchen.at\/index.php?rest_route=%2Fwp%2Fv2%2Fcategories&post=3692"},{"taxonomy":"post_tag","embeddable":true,"href":"https:\/\/www.samskitchen.at\/index.php?rest_route=%2Fwp%2Fv2%2Ftags&post=3692"}],"curies":[{"name":"wp","href":"https:\/\/api.w.org\/{rel}","templated":true}]}}