{"id":3664,"date":"2019-04-16T11:05:09","date_gmt":"2019-04-16T09:05:09","guid":{"rendered":"http:\/\/www.samskitchen.at\/?p=3664"},"modified":"2019-04-16T11:06:50","modified_gmt":"2019-04-16T09:06:50","slug":"reine-handarbeit-backen-ohne-knetmaschinenach-einer-idee-von-chad-robertson","status":"publish","type":"post","link":"https:\/\/www.samskitchen.at\/?p=3664","title":{"rendered":"Reine Handarbeit (Backen ohne Knetmaschine) nach einer Idee von Chad Robertson"},"content":{"rendered":"\n<figure class=\"wp-block-image\"><img decoding=\"async\" loading=\"lazy\" width=\"510\" height=\"383\" src=\"http:\/\/www.samskitchen.at\/wp-content\/uploads\/2019\/04\/2019-04-15-20.55.54-510x383.jpg\" alt=\"\" class=\"wp-image-3673\" srcset=\"https:\/\/www.samskitchen.at\/wp-content\/uploads\/2019\/04\/2019-04-15-20.55.54-510x383.jpg 510w, https:\/\/www.samskitchen.at\/wp-content\/uploads\/2019\/04\/2019-04-15-20.55.54-300x225.jpg 300w, https:\/\/www.samskitchen.at\/wp-content\/uploads\/2019\/04\/2019-04-15-20.55.54-768x576.jpg 768w, https:\/\/www.samskitchen.at\/wp-content\/uploads\/2019\/04\/2019-04-15-20.55.54-125x94.jpg 125w, https:\/\/www.samskitchen.at\/wp-content\/uploads\/2019\/04\/2019-04-15-20.55.54.jpg 1500w\" sizes=\"(max-width: 510px) 100vw, 510px\" \/><\/figure>\n\n\n\n<p>Irgendwann &#8211; fr\u00fcher oder sp\u00e4ter in seiner Kariere als Hobbyb\u00e4cker, st\u00f6\u00dft man auf Chad Robertson und seine &#8222;Tartine Bakery&#8220; aus San Francisco. Dunkel ausgebacken, f\u00fcr Manche fast verbrannt, mit einer l\u00f6chrigen gro\u00dfporigen Krume, ein Brot dass wunderbare R\u00f6staromen mit einer weichen Krume vereinigt. Normalerweise bin ich eher einer der selbst herumexperimentiert &#8211; aber als ich neulich das Buch &#8222;Das Brot&#8220; von diesem &#8222;Wunderwuzi&#8220; in den H\u00e4nden hielt und seine Lebensgeschichte und die seiner B\u00e4ckerei las, wuchs in mir das Verlangen es auch einmal zu versuchen. Ganz genau hielt ich mich Bekannterma\u00dfen auch nicht die Vorgaben &#8211; aber so ziemlich halt.  Heraus kam ein Brot mit wunderbarer splitternder Kruste voller R\u00f6staromen und was soll ich sagen &#8211; trotz des Verzichts auf eine Knetmaschine eine wunderbare l\u00f6chrige und aromatische Krume.<br><\/p>\n\n\n\n<p><strong>Rezept:&nbsp;<\/strong>(f\u00fcr&nbsp;zwei&nbsp;Brote&nbsp;zu&nbsp;je 1085 g)<br><strong>Sauerteig:<\/strong><br>90 g Weizenmehl T700<br>90 g Weizenvollkornmehl<br>40 g Weizenanstellgut oder LM<br>180 g Wasser (26\u00b0)<br><br>Gut vermischen so dass sich keine Mehlnester mehr im Teig befinden. Der Sauerteig wird dann \u00fcber Nacht bei Raumtemperatur stehen gelassen. Am n\u00e4chsten Tag wird dann \u00fcberpr\u00fcft, ob er reif genug f\u00fcr die Weiterverwendung ist. Er sollte sch\u00f6n aufgegangen und kurz vor dem wieder Einfallen sein. Wer unsicher ist kann einen L\u00f6ffel davon abnehmen und ins Wasser geben. Wenn das abgenommene St\u00fcck Sauerteig schwimmt ist er fertig &#8211; sonst m\u00fcssen wir noch warten. Geduldig sein wird am Ende belohnt. <br>Endlich ist der Sauerteig reif genug um weiter verarbeitet zu werden.<\/p>\n\n\n\n<p><strong>Hauptteig:<\/strong><br>400 g Sauerteig<br>900 g Weizenmehl T700<br>100 g Weizenvollkornmehl (ich hab Schwarzen Emmer genommen)<br>20 g Salz<br>750 g Wasser (26\u00b0)<br><br>Wir nehmen eine gro\u00dfe Sch\u00fcssel sch\u00fctten 700 g Wasser (26\u00b0) hinein und vermischen es mit dem Sauerteig. Bitte die Temperaturen m\u00f6glichst genau einhalten. Danach folgt eine Ruhe und Quellphase vom 30-40 Minuten die ebenfalls eingehalten werden sollte. W\u00e4hrend dieser Phase k\u00f6nnen die im Mehl enthaltenen Proteine das Wasser aufnehmen und sich verbinden. Das ist ganz wichtig f\u00fcr ein ansprechendes Endergebnis.<br>Nach der Ruhephase wird das restliche Wasser (50 g) und das Salz (20 g) dazugegeben und in der Sch\u00fcssel gut geknetet. Es sollte wirklich gut durchgeknetet werden &#8211; etwas anstrengend &#8211; aber es lohnt sich. Immer wieder kontrollieren ob sich wohl keine Mehlnester eingeschlichen haben.<br>Ist der Teig gut ausgeknetet, sollte er einige Male hochgezogen und gefaltet werden. Anschliessend wird er in einer passenden Teigwanne, am besten aus Kunststoff zur sogenannten Stockgare gestellt. Die Stockgare hat die Aufgabe im Teig Geschmack und ein stabiles Glutenger\u00fcst zu entwickeln, dass f\u00fcr die sp\u00e4tere Beschaffenheit der Krume verantwortlich ist. Auch hier ist es extrem Wichtig die Temperaturen einzuhalten. Ideal ist eine gleichbleibende Temperatur so um die 27\u00b0C. Ein Grad auf oder ab ist innerhalb der Toleranz. <br>Es geht weiter: Die n\u00e4chsten 2 Stunden sollte der Teig alle 30 Minuten einmal von jeder Seite aufgezogen und zur Mitte gefaltet werden (Stretch and fold).<br>W\u00e4hrend der Stockgare von 3-4 Stunden wird sich aus der anfangs recht klebrigen Masse ein luftiger und leichter Teig entwickeln der sich am Ende ganz leicht von der Sch\u00fcssel l\u00f6st. Das Volumen des Teiges sollt nach der Stockgare recht deutlich zugenommen haben. Falls n\u00f6tig kann die Stockgare noch ausgedehnt werden.<br>Wenn der Teig sich um ca. 1\/3 vergr\u00f6\u00dfert hat, mit Hilfe einer Teigkarte den Teig auf eine leicht bemehlte Arbeitsfl\u00e4che st\u00fcrzen, darauf achten dass so wenig wie m\u00f6glich Luft aus dem Teig gedr\u00fcckt wird. Den Teig dann in zwei gleiche Teile trennen, mit einer Teigkarte und unter Zuhilfenahme eine Hand zu einer Kugel formen (rundwirken). Es sollte Spannung mit so wenig Bewegungen wie m\u00f6glich in den Teig gebracht werden. <br>Danach folgt eine weiter Ruhephase von 30 Minuten (Zwischengare).<br>Nun kommen wir zur endg\u00fcltigen Formgebung der Teiglinge. Leib oder Wecken &#8211; das ist die Frage. Egal f\u00fcr was man sich entscheidet, wir m\u00fcssen wieder Spannung in den Teig bekommen, ohne die Luft herauszudr\u00fccken oder zu viel Mehl einzuarbeiten &#8211; also sch\u00f6n exakt arbeiten. Nachdem wir den Teig in die entsprechende Form gebracht haben wird er mit dem Schluss nach oben in ein gut bemehltes G\u00e4rk\u00f6rberl bef\u00f6rdert und f\u00fcr 3-4 Stunden bei 23\u00b0-27\u00b0C zur Gare gestellt. Auch hier sollte die Temperatur m\u00f6glichst genau eingehalten werden. Wer nicht gleich backen m\u00f6chte, kann die Teiglinge gleich bis zu 12 Stunden im K\u00fchlschrank parken. <br>Inzwischen heizen wir den Backofen auch 260\u00b0C vor. <br>Und nun kommt der wohl spannendste Teil der Backens: DAS BACKEN!<br>Damit der gew\u00fcnschte Ofentrieb standen kann, muss gut geschadet werden &#8211; und zwar sehr ausgiebig. Da man mit normalen Haushalts\u00f6fen das nicht so ohne weiteres hinbekommt, muss man Improvisieren. Wasserschale oder Blumenspritze, ich glaube inzwischen hat jeder von uns so seine Eingene Methode gefunden um optimale Ergebnisse zu erzielen. Ganz wichtig ist, dass in den ersten 15-20 Minuten genug Feuchtigkeit im Ofen bleibt um eine knusprige d\u00fcnne Kruste und ein optimales Volumen zu erzielen. Ganz wichtig sind dabei auch die pr\u00e4zise gesetzten Einschnitte, die mit einem scharfen Messer oder noch besser mit einer Rasierklinge gesetzt werden.<br>Nachdem die Teiglinge die n\u00f6tige Reife haben, werden sie auf eine bemehlte Backschaufel gest\u00fctzt, wie gew\u00fcnscht Eingeschnitten und sofort mit viel Schwaden eingeschossen. Nach 15-20 Minuten wird der Schwaden abgelassen und die Brote sch\u00f6n dunkel ausgebacken. <br>Backtemperatur 260\u00b0C fallend auf 220\u00b0C.<br>Nach erfolgter Backzeit, das Brot herausnehmen und ausk\u00fchlen lassen. Es sollte sich sehr leicht anf\u00fchlen und wenn man auf die Unterseite klopft sollte es hohl klingen. So und nun kommt der wohl spannendste Teil &#8211; das Anschneiden. Na wie ist es geworden?<\/p>\n\n\n\n<figure class=\"wp-block-image\"><img decoding=\"async\" loading=\"lazy\" width=\"510\" height=\"680\" src=\"http:\/\/www.samskitchen.at\/wp-content\/uploads\/2019\/04\/2019-04-15-10.28.21-510x680.jpg\" alt=\"\" class=\"wp-image-3668\" srcset=\"https:\/\/www.samskitchen.at\/wp-content\/uploads\/2019\/04\/2019-04-15-10.28.21-510x680.jpg 510w, https:\/\/www.samskitchen.at\/wp-content\/uploads\/2019\/04\/2019-04-15-10.28.21-225x300.jpg 225w, https:\/\/www.samskitchen.at\/wp-content\/uploads\/2019\/04\/2019-04-15-10.28.21-768x1024.jpg 768w, https:\/\/www.samskitchen.at\/wp-content\/uploads\/2019\/04\/2019-04-15-10.28.21-75x100.jpg 75w, https:\/\/www.samskitchen.at\/wp-content\/uploads\/2019\/04\/2019-04-15-10.28.21.jpg 1500w\" sizes=\"(max-width: 510px) 100vw, 510px\" \/><figcaption><br><\/figcaption><\/figure>\n\n\n\n<figure class=\"wp-block-image\"><img decoding=\"async\" loading=\"lazy\" width=\"510\" height=\"680\" src=\"http:\/\/www.samskitchen.at\/wp-content\/uploads\/2019\/04\/2019-04-15-10.33.42-510x680.jpg\" alt=\"\" class=\"wp-image-3670\" srcset=\"https:\/\/www.samskitchen.at\/wp-content\/uploads\/2019\/04\/2019-04-15-10.33.42-510x680.jpg 510w, https:\/\/www.samskitchen.at\/wp-content\/uploads\/2019\/04\/2019-04-15-10.33.42-225x300.jpg 225w, https:\/\/www.samskitchen.at\/wp-content\/uploads\/2019\/04\/2019-04-15-10.33.42-768x1024.jpg 768w, https:\/\/www.samskitchen.at\/wp-content\/uploads\/2019\/04\/2019-04-15-10.33.42-75x100.jpg 75w, https:\/\/www.samskitchen.at\/wp-content\/uploads\/2019\/04\/2019-04-15-10.33.42.jpg 1300w\" sizes=\"(max-width: 510px) 100vw, 510px\" \/><\/figure>\n\n\n\n<figure class=\"wp-block-image\"><img decoding=\"async\" loading=\"lazy\" width=\"510\" height=\"383\" src=\"http:\/\/www.samskitchen.at\/wp-content\/uploads\/2019\/04\/2019-04-15-15.47.15-510x383.jpg\" alt=\"\" class=\"wp-image-3669\" srcset=\"https:\/\/www.samskitchen.at\/wp-content\/uploads\/2019\/04\/2019-04-15-15.47.15-510x383.jpg 510w, https:\/\/www.samskitchen.at\/wp-content\/uploads\/2019\/04\/2019-04-15-15.47.15-300x225.jpg 300w, https:\/\/www.samskitchen.at\/wp-content\/uploads\/2019\/04\/2019-04-15-15.47.15-768x576.jpg 768w, https:\/\/www.samskitchen.at\/wp-content\/uploads\/2019\/04\/2019-04-15-15.47.15-125x94.jpg 125w, https:\/\/www.samskitchen.at\/wp-content\/uploads\/2019\/04\/2019-04-15-15.47.15.jpg 1500w\" sizes=\"(max-width: 510px) 100vw, 510px\" \/><\/figure>\n\n\n\n<figure class=\"wp-block-image\"><img decoding=\"async\" loading=\"lazy\" width=\"510\" height=\"383\" src=\"http:\/\/www.samskitchen.at\/wp-content\/uploads\/2019\/04\/2019-04-15-19.32.43-510x383.jpg\" alt=\"\" class=\"wp-image-3674\" srcset=\"https:\/\/www.samskitchen.at\/wp-content\/uploads\/2019\/04\/2019-04-15-19.32.43-510x383.jpg 510w, https:\/\/www.samskitchen.at\/wp-content\/uploads\/2019\/04\/2019-04-15-19.32.43-300x225.jpg 300w, https:\/\/www.samskitchen.at\/wp-content\/uploads\/2019\/04\/2019-04-15-19.32.43-768x576.jpg 768w, https:\/\/www.samskitchen.at\/wp-content\/uploads\/2019\/04\/2019-04-15-19.32.43-125x94.jpg 125w, https:\/\/www.samskitchen.at\/wp-content\/uploads\/2019\/04\/2019-04-15-19.32.43.jpg 1500w\" sizes=\"(max-width: 510px) 100vw, 510px\" \/><\/figure>\n\n\n\n<ul class=\"wp-block-gallery columns-2 is-cropped wp-block-gallery-1 is-layout-flex wp-block-gallery-is-layout-flex\"><li class=\"blocks-gallery-item\"><figure><img decoding=\"async\" loading=\"lazy\" width=\"510\" height=\"383\" src=\"http:\/\/www.samskitchen.at\/wp-content\/uploads\/2019\/04\/2019-04-15-19.32.58-510x383.jpg\" alt=\"\" data-id=\"3675\" data-link=\"http:\/\/www.samskitchen.at\/?attachment_id=3675\" class=\"wp-image-3675\" srcset=\"https:\/\/www.samskitchen.at\/wp-content\/uploads\/2019\/04\/2019-04-15-19.32.58-510x383.jpg 510w, https:\/\/www.samskitchen.at\/wp-content\/uploads\/2019\/04\/2019-04-15-19.32.58-300x225.jpg 300w, https:\/\/www.samskitchen.at\/wp-content\/uploads\/2019\/04\/2019-04-15-19.32.58-768x576.jpg 768w, https:\/\/www.samskitchen.at\/wp-content\/uploads\/2019\/04\/2019-04-15-19.32.58-125x94.jpg 125w, https:\/\/www.samskitchen.at\/wp-content\/uploads\/2019\/04\/2019-04-15-19.32.58.jpg 1500w\" sizes=\"(max-width: 510px) 100vw, 510px\" \/><\/figure><\/li><li class=\"blocks-gallery-item\"><figure><img decoding=\"async\" loading=\"lazy\" width=\"510\" height=\"383\" src=\"http:\/\/www.samskitchen.at\/wp-content\/uploads\/2019\/04\/2019-04-15-19.33.01-510x383.jpg\" alt=\"\" data-id=\"3676\" data-link=\"http:\/\/www.samskitchen.at\/?attachment_id=3676\" class=\"wp-image-3676\" srcset=\"https:\/\/www.samskitchen.at\/wp-content\/uploads\/2019\/04\/2019-04-15-19.33.01-510x383.jpg 510w, https:\/\/www.samskitchen.at\/wp-content\/uploads\/2019\/04\/2019-04-15-19.33.01-300x225.jpg 300w, https:\/\/www.samskitchen.at\/wp-content\/uploads\/2019\/04\/2019-04-15-19.33.01-768x576.jpg 768w, https:\/\/www.samskitchen.at\/wp-content\/uploads\/2019\/04\/2019-04-15-19.33.01-125x94.jpg 125w, https:\/\/www.samskitchen.at\/wp-content\/uploads\/2019\/04\/2019-04-15-19.33.01.jpg 1500w\" sizes=\"(max-width: 510px) 100vw, 510px\" \/><\/figure><\/li><li class=\"blocks-gallery-item\"><figure><img decoding=\"async\" loading=\"lazy\" width=\"510\" height=\"383\" src=\"http:\/\/www.samskitchen.at\/wp-content\/uploads\/2019\/04\/2019-04-15-19.33.12-510x383.jpg\" alt=\"\" data-id=\"3677\" data-link=\"http:\/\/www.samskitchen.at\/?attachment_id=3677\" class=\"wp-image-3677\" srcset=\"https:\/\/www.samskitchen.at\/wp-content\/uploads\/2019\/04\/2019-04-15-19.33.12-510x383.jpg 510w, https:\/\/www.samskitchen.at\/wp-content\/uploads\/2019\/04\/2019-04-15-19.33.12-300x225.jpg 300w, https:\/\/www.samskitchen.at\/wp-content\/uploads\/2019\/04\/2019-04-15-19.33.12-768x576.jpg 768w, https:\/\/www.samskitchen.at\/wp-content\/uploads\/2019\/04\/2019-04-15-19.33.12-125x94.jpg 125w, https:\/\/www.samskitchen.at\/wp-content\/uploads\/2019\/04\/2019-04-15-19.33.12.jpg 1500w\" sizes=\"(max-width: 510px) 100vw, 510px\" \/><\/figure><\/li><li class=\"blocks-gallery-item\"><figure><img decoding=\"async\" loading=\"lazy\" width=\"510\" height=\"383\" src=\"http:\/\/www.samskitchen.at\/wp-content\/uploads\/2019\/04\/2019-04-15-19.43.54-510x383.jpg\" alt=\"\" data-id=\"3678\" data-link=\"http:\/\/www.samskitchen.at\/?attachment_id=3678\" class=\"wp-image-3678\" srcset=\"https:\/\/www.samskitchen.at\/wp-content\/uploads\/2019\/04\/2019-04-15-19.43.54-510x383.jpg 510w, https:\/\/www.samskitchen.at\/wp-content\/uploads\/2019\/04\/2019-04-15-19.43.54-300x225.jpg 300w, https:\/\/www.samskitchen.at\/wp-content\/uploads\/2019\/04\/2019-04-15-19.43.54-768x576.jpg 768w, https:\/\/www.samskitchen.at\/wp-content\/uploads\/2019\/04\/2019-04-15-19.43.54-125x94.jpg 125w, https:\/\/www.samskitchen.at\/wp-content\/uploads\/2019\/04\/2019-04-15-19.43.54.jpg 1500w\" sizes=\"(max-width: 510px) 100vw, 510px\" \/><\/figure><\/li><li class=\"blocks-gallery-item\"><figure><img decoding=\"async\" loading=\"lazy\" width=\"510\" height=\"383\" src=\"http:\/\/www.samskitchen.at\/wp-content\/uploads\/2019\/04\/2019-04-15-19.44.03-510x383.jpg\" alt=\"\" data-id=\"3679\" data-link=\"http:\/\/www.samskitchen.at\/?attachment_id=3679\" class=\"wp-image-3679\" srcset=\"https:\/\/www.samskitchen.at\/wp-content\/uploads\/2019\/04\/2019-04-15-19.44.03-510x383.jpg 510w, https:\/\/www.samskitchen.at\/wp-content\/uploads\/2019\/04\/2019-04-15-19.44.03-300x225.jpg 300w, https:\/\/www.samskitchen.at\/wp-content\/uploads\/2019\/04\/2019-04-15-19.44.03-768x576.jpg 768w, https:\/\/www.samskitchen.at\/wp-content\/uploads\/2019\/04\/2019-04-15-19.44.03-125x94.jpg 125w, https:\/\/www.samskitchen.at\/wp-content\/uploads\/2019\/04\/2019-04-15-19.44.03.jpg 1500w\" sizes=\"(max-width: 510px) 100vw, 510px\" \/><\/figure><\/li><li class=\"blocks-gallery-item\"><figure><img decoding=\"async\" loading=\"lazy\" width=\"510\" height=\"383\" src=\"http:\/\/www.samskitchen.at\/wp-content\/uploads\/2019\/04\/2019-04-15-19.44.07-510x383.jpg\" alt=\"\" data-id=\"3680\" data-link=\"http:\/\/www.samskitchen.at\/?attachment_id=3680\" class=\"wp-image-3680\" srcset=\"https:\/\/www.samskitchen.at\/wp-content\/uploads\/2019\/04\/2019-04-15-19.44.07-510x383.jpg 510w, https:\/\/www.samskitchen.at\/wp-content\/uploads\/2019\/04\/2019-04-15-19.44.07-300x225.jpg 300w, https:\/\/www.samskitchen.at\/wp-content\/uploads\/2019\/04\/2019-04-15-19.44.07-768x576.jpg 768w, https:\/\/www.samskitchen.at\/wp-content\/uploads\/2019\/04\/2019-04-15-19.44.07-125x94.jpg 125w, https:\/\/www.samskitchen.at\/wp-content\/uploads\/2019\/04\/2019-04-15-19.44.07.jpg 1500w\" sizes=\"(max-width: 510px) 100vw, 510px\" \/><\/figure><\/li><li class=\"blocks-gallery-item\"><figure><img decoding=\"async\" loading=\"lazy\" width=\"510\" height=\"383\" src=\"http:\/\/www.samskitchen.at\/wp-content\/uploads\/2019\/04\/2019-04-15-19.44.08-510x383.jpg\" alt=\"\" data-id=\"3681\" data-link=\"http:\/\/www.samskitchen.at\/?attachment_id=3681\" class=\"wp-image-3681\" srcset=\"https:\/\/www.samskitchen.at\/wp-content\/uploads\/2019\/04\/2019-04-15-19.44.08-510x383.jpg 510w, https:\/\/www.samskitchen.at\/wp-content\/uploads\/2019\/04\/2019-04-15-19.44.08-300x225.jpg 300w, https:\/\/www.samskitchen.at\/wp-content\/uploads\/2019\/04\/2019-04-15-19.44.08-768x576.jpg 768w, https:\/\/www.samskitchen.at\/wp-content\/uploads\/2019\/04\/2019-04-15-19.44.08-125x94.jpg 125w, https:\/\/www.samskitchen.at\/wp-content\/uploads\/2019\/04\/2019-04-15-19.44.08.jpg 1500w\" sizes=\"(max-width: 510px) 100vw, 510px\" \/><\/figure><\/li><li class=\"blocks-gallery-item\"><figure><img decoding=\"async\" loading=\"lazy\" width=\"510\" height=\"383\" src=\"http:\/\/www.samskitchen.at\/wp-content\/uploads\/2019\/04\/2019-04-15-20.55.54-1-510x383.jpg\" alt=\"\" data-id=\"3682\" data-link=\"http:\/\/www.samskitchen.at\/?attachment_id=3682\" class=\"wp-image-3682\" srcset=\"https:\/\/www.samskitchen.at\/wp-content\/uploads\/2019\/04\/2019-04-15-20.55.54-1-510x383.jpg 510w, https:\/\/www.samskitchen.at\/wp-content\/uploads\/2019\/04\/2019-04-15-20.55.54-1-300x225.jpg 300w, https:\/\/www.samskitchen.at\/wp-content\/uploads\/2019\/04\/2019-04-15-20.55.54-1-768x576.jpg 768w, https:\/\/www.samskitchen.at\/wp-content\/uploads\/2019\/04\/2019-04-15-20.55.54-1-125x94.jpg 125w, https:\/\/www.samskitchen.at\/wp-content\/uploads\/2019\/04\/2019-04-15-20.55.54-1.jpg 1500w\" sizes=\"(max-width: 510px) 100vw, 510px\" \/><\/figure><\/li><li class=\"blocks-gallery-item\"><figure><img decoding=\"async\" loading=\"lazy\" width=\"510\" height=\"383\" src=\"http:\/\/www.samskitchen.at\/wp-content\/uploads\/2019\/04\/2019-04-15-20.55.58-510x383.jpg\" alt=\"\" data-id=\"3683\" data-link=\"http:\/\/www.samskitchen.at\/?attachment_id=3683\" class=\"wp-image-3683\" srcset=\"https:\/\/www.samskitchen.at\/wp-content\/uploads\/2019\/04\/2019-04-15-20.55.58-510x383.jpg 510w, https:\/\/www.samskitchen.at\/wp-content\/uploads\/2019\/04\/2019-04-15-20.55.58-300x225.jpg 300w, https:\/\/www.samskitchen.at\/wp-content\/uploads\/2019\/04\/2019-04-15-20.55.58-768x576.jpg 768w, https:\/\/www.samskitchen.at\/wp-content\/uploads\/2019\/04\/2019-04-15-20.55.58-125x94.jpg 125w, https:\/\/www.samskitchen.at\/wp-content\/uploads\/2019\/04\/2019-04-15-20.55.58.jpg 1500w\" sizes=\"(max-width: 510px) 100vw, 510px\" \/><\/figure><\/li><li class=\"blocks-gallery-item\"><figure><img decoding=\"async\" loading=\"lazy\" width=\"510\" height=\"383\" src=\"http:\/\/www.samskitchen.at\/wp-content\/uploads\/2019\/04\/2019-04-15-20.56.03-510x383.jpg\" alt=\"\" data-id=\"3684\" data-link=\"http:\/\/www.samskitchen.at\/?attachment_id=3684\" class=\"wp-image-3684\" srcset=\"https:\/\/www.samskitchen.at\/wp-content\/uploads\/2019\/04\/2019-04-15-20.56.03-510x383.jpg 510w, https:\/\/www.samskitchen.at\/wp-content\/uploads\/2019\/04\/2019-04-15-20.56.03-300x225.jpg 300w, https:\/\/www.samskitchen.at\/wp-content\/uploads\/2019\/04\/2019-04-15-20.56.03-768x576.jpg 768w, https:\/\/www.samskitchen.at\/wp-content\/uploads\/2019\/04\/2019-04-15-20.56.03-125x94.jpg 125w, https:\/\/www.samskitchen.at\/wp-content\/uploads\/2019\/04\/2019-04-15-20.56.03.jpg 1500w\" sizes=\"(max-width: 510px) 100vw, 510px\" \/><\/figure><\/li><li class=\"blocks-gallery-item\"><figure><img decoding=\"async\" loading=\"lazy\" width=\"510\" height=\"347\" src=\"http:\/\/www.samskitchen.at\/wp-content\/uploads\/2019\/04\/2019-04-15-21.01.41-510x347.jpg\" alt=\"\" data-id=\"3685\" data-link=\"http:\/\/www.samskitchen.at\/?attachment_id=3685\" class=\"wp-image-3685\" srcset=\"https:\/\/www.samskitchen.at\/wp-content\/uploads\/2019\/04\/2019-04-15-21.01.41-510x347.jpg 510w, https:\/\/www.samskitchen.at\/wp-content\/uploads\/2019\/04\/2019-04-15-21.01.41-300x204.jpg 300w, https:\/\/www.samskitchen.at\/wp-content\/uploads\/2019\/04\/2019-04-15-21.01.41-768x522.jpg 768w, https:\/\/www.samskitchen.at\/wp-content\/uploads\/2019\/04\/2019-04-15-21.01.41-125x85.jpg 125w, https:\/\/www.samskitchen.at\/wp-content\/uploads\/2019\/04\/2019-04-15-21.01.41.jpg 1500w\" sizes=\"(max-width: 510px) 100vw, 510px\" \/><\/figure><\/li><li class=\"blocks-gallery-item\"><figure><img decoding=\"async\" loading=\"lazy\" width=\"510\" height=\"383\" src=\"http:\/\/www.samskitchen.at\/wp-content\/uploads\/2019\/04\/2019-04-15-21.12.07-510x383.jpg\" alt=\"\" data-id=\"3686\" data-link=\"http:\/\/www.samskitchen.at\/?attachment_id=3686\" class=\"wp-image-3686\" srcset=\"https:\/\/www.samskitchen.at\/wp-content\/uploads\/2019\/04\/2019-04-15-21.12.07-510x383.jpg 510w, https:\/\/www.samskitchen.at\/wp-content\/uploads\/2019\/04\/2019-04-15-21.12.07-300x225.jpg 300w, https:\/\/www.samskitchen.at\/wp-content\/uploads\/2019\/04\/2019-04-15-21.12.07-768x576.jpg 768w, https:\/\/www.samskitchen.at\/wp-content\/uploads\/2019\/04\/2019-04-15-21.12.07-125x94.jpg 125w, https:\/\/www.samskitchen.at\/wp-content\/uploads\/2019\/04\/2019-04-15-21.12.07.jpg 1500w\" sizes=\"(max-width: 510px) 100vw, 510px\" \/><\/figure><\/li><li class=\"blocks-gallery-item\"><figure><img decoding=\"async\" loading=\"lazy\" width=\"510\" height=\"342\" src=\"http:\/\/www.samskitchen.at\/wp-content\/uploads\/2019\/04\/2019-04-15-21.12.12-510x342.jpg\" alt=\"\" data-id=\"3687\" data-link=\"http:\/\/www.samskitchen.at\/?attachment_id=3687\" class=\"wp-image-3687\" srcset=\"https:\/\/www.samskitchen.at\/wp-content\/uploads\/2019\/04\/2019-04-15-21.12.12-510x342.jpg 510w, https:\/\/www.samskitchen.at\/wp-content\/uploads\/2019\/04\/2019-04-15-21.12.12-300x201.jpg 300w, https:\/\/www.samskitchen.at\/wp-content\/uploads\/2019\/04\/2019-04-15-21.12.12-768x515.jpg 768w, https:\/\/www.samskitchen.at\/wp-content\/uploads\/2019\/04\/2019-04-15-21.12.12-125x84.jpg 125w, https:\/\/www.samskitchen.at\/wp-content\/uploads\/2019\/04\/2019-04-15-21.12.12.jpg 1500w\" sizes=\"(max-width: 510px) 100vw, 510px\" \/><\/figure><\/li><\/ul>\n","protected":false},"excerpt":{"rendered":"<p>Irgendwann &#8211; fr\u00fcher oder sp\u00e4ter in seiner Kariere als Hobbyb\u00e4cker, st\u00f6\u00dft man auf Chad Robertson und seine &#8222;Tartine Bakery&#8220; aus San Francisco. Dunkel ausgebacken, f\u00fcr Manche fast verbrannt, mit einer l\u00f6chrigen gro\u00dfporigen Krume, ein Brot dass wunderbare R\u00f6staromen mit einer weichen Krume vereinigt. Normalerweise bin ich eher einer der selbst herumexperimentiert &#8211; aber als ich neulich das Buch &#8222;Das Brot&#8220; &hellip;<\/p>\n","protected":false},"author":1,"featured_media":3673,"comment_status":"open","ping_status":"open","sticky":false,"template":"","format":"standard","meta":{"_mi_skip_tracking":false,"_exactmetrics_sitenote_active":false,"_exactmetrics_sitenote_note":"","_exactmetrics_sitenote_category":0,"ngg_post_thumbnail":0,"jetpack_post_was_ever_published":false,"_jetpack_newsletter_access":"","footnotes":"","jetpack_publicize_message":"","jetpack_is_tweetstorm":false,"jetpack_publicize_feature_enabled":true,"jetpack_social_post_already_shared":true,"jetpack_social_options":{"image_generator_settings":{"template":"highway","enabled":false}}},"categories":[2],"tags":[361,35,66],"jetpack_publicize_connections":[],"jetpack_featured_media_url":"https:\/\/www.samskitchen.at\/wp-content\/uploads\/2019\/04\/2019-04-15-20.55.54.jpg","jetpack_sharing_enabled":true,"jetpack_shortlink":"https:\/\/wp.me\/p41IW0-X6","_links":{"self":[{"href":"https:\/\/www.samskitchen.at\/index.php?rest_route=\/wp\/v2\/posts\/3664"}],"collection":[{"href":"https:\/\/www.samskitchen.at\/index.php?rest_route=\/wp\/v2\/posts"}],"about":[{"href":"https:\/\/www.samskitchen.at\/index.php?rest_route=\/wp\/v2\/types\/post"}],"author":[{"embeddable":true,"href":"https:\/\/www.samskitchen.at\/index.php?rest_route=\/wp\/v2\/users\/1"}],"replies":[{"embeddable":true,"href":"https:\/\/www.samskitchen.at\/index.php?rest_route=%2Fwp%2Fv2%2Fcomments&post=3664"}],"version-history":[{"count":7,"href":"https:\/\/www.samskitchen.at\/index.php?rest_route=\/wp\/v2\/posts\/3664\/revisions"}],"predecessor-version":[{"id":3689,"href":"https:\/\/www.samskitchen.at\/index.php?rest_route=\/wp\/v2\/posts\/3664\/revisions\/3689"}],"wp:featuredmedia":[{"embeddable":true,"href":"https:\/\/www.samskitchen.at\/index.php?rest_route=\/wp\/v2\/media\/3673"}],"wp:attachment":[{"href":"https:\/\/www.samskitchen.at\/index.php?rest_route=%2Fwp%2Fv2%2Fmedia&parent=3664"}],"wp:term":[{"taxonomy":"category","embeddable":true,"href":"https:\/\/www.samskitchen.at\/index.php?rest_route=%2Fwp%2Fv2%2Fcategories&post=3664"},{"taxonomy":"post_tag","embeddable":true,"href":"https:\/\/www.samskitchen.at\/index.php?rest_route=%2Fwp%2Fv2%2Ftags&post=3664"}],"curies":[{"name":"wp","href":"https:\/\/api.w.org\/{rel}","templated":true}]}}