{"id":3649,"date":"2019-04-10T08:26:05","date_gmt":"2019-04-10T06:26:05","guid":{"rendered":"http:\/\/www.samskitchen.at\/?p=3649"},"modified":"2020-04-01T11:09:33","modified_gmt":"2020-04-01T09:09:33","slug":"barlauch-semmeln","status":"publish","type":"post","link":"https:\/\/www.samskitchen.at\/?p=3649","title":{"rendered":"B\u00e4rlauch-Semmeln"},"content":{"rendered":"\n<p><\/p>\n\n\n\n<figure class=\"wp-block-image\"><img decoding=\"async\" loading=\"lazy\" width=\"510\" height=\"383\" src=\"http:\/\/www.samskitchen.at\/wp-content\/uploads\/2019\/04\/2019-04-09-15.24.55-510x383.jpg\" alt=\"\" class=\"wp-image-3652\" srcset=\"https:\/\/www.samskitchen.at\/wp-content\/uploads\/2019\/04\/2019-04-09-15.24.55-510x383.jpg 510w, https:\/\/www.samskitchen.at\/wp-content\/uploads\/2019\/04\/2019-04-09-15.24.55-300x225.jpg 300w, https:\/\/www.samskitchen.at\/wp-content\/uploads\/2019\/04\/2019-04-09-15.24.55-768x576.jpg 768w, https:\/\/www.samskitchen.at\/wp-content\/uploads\/2019\/04\/2019-04-09-15.24.55-125x94.jpg 125w, https:\/\/www.samskitchen.at\/wp-content\/uploads\/2019\/04\/2019-04-09-15.24.55.jpg 1200w\" sizes=\"(max-width: 510px) 100vw, 510px\" \/><\/figure>\n\n\n\n<p>Der&nbsp;<strong>B\u00e4rlauch<\/strong>&nbsp;(<em>Allium ursinum<\/em>)ist eng mit&nbsp;Schnittlauch, Zwiebel&nbsp;und&nbsp;Knoblauch verwandt. Die in Europa und Teilen Asiens vor allem in W\u00e4ldern verbreitete und h\u00e4ufige, fr\u00fch im Jahr austreibende Pflanzenart ist ein gesch\u00e4tztes&nbsp;Wildgem\u00fcse&nbsp;und wird gerne gesammelt. B\u00e4rlauch ist sehr Vielseitig verwendbar. Unz\u00e4hlige Zubereitungsarten und Konservierungsm\u00f6glichkeiten unterstrichen die Beliebtheit dieses Krautes. Ich m\u00f6chte heute eine Variante vorstellen. Als Geschmackstr\u00e4ger bei Brot und Geb\u00e4ck. B\u00e4rlauchsemmeln &#8211; wunderbar gr\u00fcne Krume und ein leichter frischer Knoblauchgeschmack.<\/p>\n\n\n\n<p>Zuerst waschen wir 100g frischen B\u00e4rlauch und blanchieren ihn in kochendem Wasser um ihn sofort in Eiswasser abzuschrecken. Somit erhalten wir die wunderbare gr\u00fcne Farbe. Anschliessend p\u00fcrieren wir den B\u00e4rlauch und vermischen ihn mit dem Wasser aus dem Rezept.<\/p>\n\n\n\n<p><strong>Rezept:&nbsp;<\/strong>f\u00fcr&nbsp;13&nbsp;Semmeln<br>700 g W700<br>100g B\u00e4rlauch (p\u00fcriert)<br>500 g Wasser (mit dem p\u00fcrierten B\u00e4rlauch vermischen)<\/p>\n\n\n\n<p>Klumpenfrei vermischen und 30 Minuten zugedeckt zur Autolyse stehen lassen.&nbsp;<br><\/p>\n\n\n\n<p>17 g Meersalz<br>5 g Hefe frisch<br><\/p>\n\n\n\n<p>7 Minuten langsam mischen bis sich der Teig von der Sch\u00fcssel zu trennen beginnt und event. eine halbe Minute schnell kneten.&nbsp;<\/p>\n\n\n\n<p>Den Teig in eine mit \u00d6l bestrichene Wanne geben und 60 Minuten gehen lassen. Alle 30 Minuten dehnen und falten, also insgesamt drei mal.<\/p>\n\n\n\n<p>Nach dem&nbsp;Falten ist eine Entspannungsphase durch eine ausreichend lange Teigruhe bei k\u00fchler Temperatur notwendig. Dies erfolgt am besten \u00fcber Nacht im K\u00fchlschrank bei 5\u00b0C.&nbsp;W\u00e4hrend dieser Zeit muss der Teig abgedeckt werden, um eine Austrocknung, insbesondere an der Oberfl\u00e4che zu verhindern.<\/p>\n\n\n\n<p>Am n\u00e4chsten Morgen teilten wir den Teig in St\u00fccke zu je 100 g und schleifen sie rund. Dann g\u00f6nnen wir ihnen eine Entspannungsphase von ca. 15 Minuten. Anschlie\u00dfend dr\u00fccken wir mit einem Semmelstempel das Muster hinein oder formen sie wie gew\u00fcnscht mit der Hand. Mit dem Muster nach unten legen wir sie auf ein bemehltes Tuch und lassen sie bei Raumtemperatur sch\u00f6n aufgehen. Nach vollbrachter Gare drehen wir sie wieder um und backen sie bei 250\u00b0C mit viel Schwaden sch\u00f6n goldgelb aus.<\/p>\n\n\n\n<p><\/p>\n\n\n\n<figure class=\"wp-block-image\"><img decoding=\"async\" loading=\"lazy\" width=\"510\" height=\"383\" src=\"http:\/\/www.samskitchen.at\/wp-content\/uploads\/2019\/04\/2019-04-09-15.24.55-510x383.jpg\" alt=\"\" class=\"wp-image-3652\" srcset=\"https:\/\/www.samskitchen.at\/wp-content\/uploads\/2019\/04\/2019-04-09-15.24.55-510x383.jpg 510w, https:\/\/www.samskitchen.at\/wp-content\/uploads\/2019\/04\/2019-04-09-15.24.55-300x225.jpg 300w, https:\/\/www.samskitchen.at\/wp-content\/uploads\/2019\/04\/2019-04-09-15.24.55-768x576.jpg 768w, https:\/\/www.samskitchen.at\/wp-content\/uploads\/2019\/04\/2019-04-09-15.24.55-125x94.jpg 125w, https:\/\/www.samskitchen.at\/wp-content\/uploads\/2019\/04\/2019-04-09-15.24.55.jpg 1200w\" sizes=\"(max-width: 510px) 100vw, 510px\" \/><\/figure>\n\n\n\n<figure class=\"wp-block-image\"><img decoding=\"async\" loading=\"lazy\" width=\"510\" height=\"383\" src=\"http:\/\/www.samskitchen.at\/wp-content\/uploads\/2019\/04\/2019-04-09-15.25.10-510x383.jpg\" alt=\"\" class=\"wp-image-3654\" srcset=\"https:\/\/www.samskitchen.at\/wp-content\/uploads\/2019\/04\/2019-04-09-15.25.10-510x383.jpg 510w, https:\/\/www.samskitchen.at\/wp-content\/uploads\/2019\/04\/2019-04-09-15.25.10-300x225.jpg 300w, https:\/\/www.samskitchen.at\/wp-content\/uploads\/2019\/04\/2019-04-09-15.25.10-768x576.jpg 768w, https:\/\/www.samskitchen.at\/wp-content\/uploads\/2019\/04\/2019-04-09-15.25.10-125x94.jpg 125w, https:\/\/www.samskitchen.at\/wp-content\/uploads\/2019\/04\/2019-04-09-15.25.10.jpg 1200w\" sizes=\"(max-width: 510px) 100vw, 510px\" \/><\/figure>\n\n\n\n<figure class=\"wp-block-image\"><img decoding=\"async\" loading=\"lazy\" width=\"510\" height=\"383\" src=\"http:\/\/www.samskitchen.at\/wp-content\/uploads\/2019\/04\/2019-04-09-15.24.55-510x383.jpg\" alt=\"\" class=\"wp-image-3652\" srcset=\"https:\/\/www.samskitchen.at\/wp-content\/uploads\/2019\/04\/2019-04-09-15.24.55-510x383.jpg 510w, https:\/\/www.samskitchen.at\/wp-content\/uploads\/2019\/04\/2019-04-09-15.24.55-300x225.jpg 300w, https:\/\/www.samskitchen.at\/wp-content\/uploads\/2019\/04\/2019-04-09-15.24.55-768x576.jpg 768w, https:\/\/www.samskitchen.at\/wp-content\/uploads\/2019\/04\/2019-04-09-15.24.55-125x94.jpg 125w, https:\/\/www.samskitchen.at\/wp-content\/uploads\/2019\/04\/2019-04-09-15.24.55.jpg 1200w\" sizes=\"(max-width: 510px) 100vw, 510px\" \/><\/figure>\n","protected":false},"excerpt":{"rendered":"<p>Der&nbsp;B\u00e4rlauch&nbsp;(Allium ursinum)ist eng mit&nbsp;Schnittlauch, Zwiebel&nbsp;und&nbsp;Knoblauch verwandt. Die in Europa und Teilen Asiens vor allem in W\u00e4ldern verbreitete und h\u00e4ufige, fr\u00fch im Jahr austreibende Pflanzenart ist ein gesch\u00e4tztes&nbsp;Wildgem\u00fcse&nbsp;und wird gerne gesammelt. B\u00e4rlauch ist sehr Vielseitig verwendbar. Unz\u00e4hlige Zubereitungsarten und Konservierungsm\u00f6glichkeiten unterstrichen die Beliebtheit dieses Krautes. Ich m\u00f6chte heute eine Variante vorstellen. Als Geschmackstr\u00e4ger bei Brot und Geb\u00e4ck. B\u00e4rlauchsemmeln &#8211; wunderbar gr\u00fcne &hellip;<\/p>\n","protected":false},"author":1,"featured_media":3652,"comment_status":"open","ping_status":"open","sticky":false,"template":"","format":"standard","meta":{"_mi_skip_tracking":false,"_exactmetrics_sitenote_active":false,"_exactmetrics_sitenote_note":"","_exactmetrics_sitenote_category":0,"ngg_post_thumbnail":0,"jetpack_post_was_ever_published":false,"_jetpack_newsletter_access":"","footnotes":"","jetpack_publicize_message":"","jetpack_is_tweetstorm":false,"jetpack_publicize_feature_enabled":true,"jetpack_social_post_already_shared":true,"jetpack_social_options":{"image_generator_settings":{"template":"highway","enabled":false}}},"categories":[2],"tags":[360],"jetpack_publicize_connections":[],"jetpack_featured_media_url":"https:\/\/www.samskitchen.at\/wp-content\/uploads\/2019\/04\/2019-04-09-15.24.55.jpg","jetpack_sharing_enabled":true,"jetpack_shortlink":"https:\/\/wp.me\/p41IW0-WR","_links":{"self":[{"href":"https:\/\/www.samskitchen.at\/index.php?rest_route=\/wp\/v2\/posts\/3649"}],"collection":[{"href":"https:\/\/www.samskitchen.at\/index.php?rest_route=\/wp\/v2\/posts"}],"about":[{"href":"https:\/\/www.samskitchen.at\/index.php?rest_route=\/wp\/v2\/types\/post"}],"author":[{"embeddable":true,"href":"https:\/\/www.samskitchen.at\/index.php?rest_route=\/wp\/v2\/users\/1"}],"replies":[{"embeddable":true,"href":"https:\/\/www.samskitchen.at\/index.php?rest_route=%2Fwp%2Fv2%2Fcomments&post=3649"}],"version-history":[{"count":7,"href":"https:\/\/www.samskitchen.at\/index.php?rest_route=\/wp\/v2\/posts\/3649\/revisions"}],"predecessor-version":[{"id":3959,"href":"https:\/\/www.samskitchen.at\/index.php?rest_route=\/wp\/v2\/posts\/3649\/revisions\/3959"}],"wp:featuredmedia":[{"embeddable":true,"href":"https:\/\/www.samskitchen.at\/index.php?rest_route=\/wp\/v2\/media\/3652"}],"wp:attachment":[{"href":"https:\/\/www.samskitchen.at\/index.php?rest_route=%2Fwp%2Fv2%2Fmedia&parent=3649"}],"wp:term":[{"taxonomy":"category","embeddable":true,"href":"https:\/\/www.samskitchen.at\/index.php?rest_route=%2Fwp%2Fv2%2Fcategories&post=3649"},{"taxonomy":"post_tag","embeddable":true,"href":"https:\/\/www.samskitchen.at\/index.php?rest_route=%2Fwp%2Fv2%2Ftags&post=3649"}],"curies":[{"name":"wp","href":"https:\/\/api.w.org\/{rel}","templated":true}]}}