{"id":360,"date":"2013-11-07T14:14:31","date_gmt":"2013-11-07T12:14:31","guid":{"rendered":"http:\/\/www.samskitchen.at\/?p=360"},"modified":"2014-05-05T19:50:36","modified_gmt":"2014-05-05T17:50:36","slug":"koerndlspitz","status":"publish","type":"post","link":"https:\/\/www.samskitchen.at\/?p=360","title":{"rendered":"K\u00f6rndlspitz"},"content":{"rendered":"<p><b><a href=\"http:\/\/www.samskitchen.at\/?attachment_id=367#main\" rel=\"attachment wp-att-367\"><img decoding=\"async\" loading=\"lazy\" class=\"alignnone size-medium wp-image-367\" src=\"http:\/\/www.samskitchen.at\/wp-content\/uploads\/2013\/11\/2013-11-07-12.33.51-300x224.jpg\" alt=\"2013-11-07 12.33.51\" width=\"300\" height=\"224\" srcset=\"https:\/\/www.samskitchen.at\/wp-content\/uploads\/2013\/11\/2013-11-07-12.33.51-300x224.jpg 300w, https:\/\/www.samskitchen.at\/wp-content\/uploads\/2013\/11\/2013-11-07-12.33.51-510x382.jpg 510w, https:\/\/www.samskitchen.at\/wp-content\/uploads\/2013\/11\/2013-11-07-12.33.51-530x397.jpg 530w\" sizes=\"(max-width: 300px) 100vw, 300px\" \/><\/a>Kornspitz<\/b> ist eine eingetragene Marke des Unternehmens <a href=\"http:\/\/de.wikipedia.org\/wiki\/Backaldrin\">backaldrin The Kornspitz Company<\/a> f\u00fcr ein aus einer bestimmten Backmischung hergestelltes Kleingeback.<\/p>\n<p>Die Rezeptur des Kornspitz wurde 1984 entwickelt. Laut Herstellerangaben ist Kornspitz heute das erfolgreichste Markengeb\u00e4ck Europas und wird in 68 L\u00e4ndern rund 4,5 Millionen mal pro Tag verspeist] Die Kornspitz-Backmischung wird nicht an Endkunden verkauft, sondern nur von B\u00e4ckereien verarbeitet.<\/p>\n<p>Im Herbst 2011 entschied das \u00d6sterreichische Patentamt,dass es sich bei der Bezeichnung Kornspitz um eine Gattenbezeichnung handle und der markenrechtliche Schutz daher in Zukunft nicht mehr m\u00f6glich sei. Gegen den nicht rechtskr\u00e4ftigen Bescheid des Patentamtes wurde von backaldrin The Kornspitz Company Berufung eingelegt. Mittlerweile geht dieser Rechtsstreit weiter. Laut\u00a0<a href=\"http:\/\/derstandard.at\/1378248872193\/Streit-um-Kornspitz-vor-EuGH\"> \u201cder Standard vom 12.Sept. 2013\u201d<\/a>\u00a0 besch\u00e4ftigt sich sogar der EuGH mit dieser Angelegenheit.<\/p>\n<p>Ich hab bei meiner Rezeptur nicht versucht anhand der Innhaltsstoffe dieses Geb\u00e4ck nachzubauen, sondern ein kleines Weckerl zu backen, mit kr\u00e4ftiger Note, kleine Poorung, r\u00f6sche d\u00fcnne Kruste und das zu K\u00e4se, Wust, oder auch nur mit Butter gegessen werden kann. Also ein Universalgeback. Ich habs K\u00f6rndlspitz genannt<\/p>\n<p><b>Rezept:\u00a0 <\/b>TA 165<\/p>\n<p><b>Vorteig:<br \/>\n<\/b>20 g RST (Roggenanstellgut)<br \/>\n150 g Roggenvollkornmehl<br \/>\n150 g Wasser<\/p>\n<p>Vorteigzutaten vermengen und ca. 12\u00a0 Stunden bei Raumtemperatur gehen lassen.<\/p>\n<p><b>Hauptteig:<br \/>\n<\/b><span style=\"line-height: 1.8em;\">Vorteig (320 g)<br \/>\n<\/span>250 g Weizenmehl W1600 (T1050)<br \/>\n250 g Weizenmehl W 700\u00a0 (T 550)<br \/>\n270 g Wasser<br \/>\n10 g Hefe<br \/>\n15 g Salz<br \/>\n18 g Schmalz<br \/>\n150 g Leinsamen, Sonnenblumenkerne, Sesam (gemischt)<\/p>\n<p>Alle Zutaten ca. 5 Minuten langsam kneten, dann nochmals 5 Minuten schneller, bis der Teig sich beginnt vom Sch\u00fcsselboden zu l\u00f6sen. Am Ende der Knetzeit, die K\u00f6rner einrieseln lassen.<br \/>\nDen Teig in eine ge\u00f6lte Sch\u00fcssel geben und eine Stunde bei ca. 24 Grad gehen lassen. Einmal strecken und falten.<br \/>\nDen Teig in ca. 70g\u00a0 St\u00fccke teilen und rund wirken. Mit einen 50\/50 Mischung aus Roggenmehl und Kartoffelst\u00e4rke bestauben und 15 Minuten rasten lassen.<br \/>\nDie Teiglinge dann mit einem Rollholz oval ausrollen und so wie Salzstangerln straff aufrollen. Auf ein Lochblech oder Backpapier mit Schluss nach unten legen und sch\u00f6n aufgehen lassen. Mit Wasser einspritzen und nach Wunsch ev. mit Saaten oder Salz bestreuen.<br \/>\nBackofen mit Backstein\u00a0 auf 230 Grad aufheizen. Mit viel Schwaden einschie\u00dfen und fallend auf 200 Grad ca 25 Minuten sch\u00f6n braun backen.<br \/>\nSchwaden nach 10 Minuten ablassen (Ofent\u00fcr weit \u00f6ffnen).<br \/>\nAuf einem Gitterrot ausk\u00fchlen lassen und genie\u00dfen.<\/p>\n<div id=\"attachment_364\" style=\"width: 310px\" class=\"wp-caption aligncenter\"><a href=\"http:\/\/www.samskitchen.at\/wp-content\/uploads\/2013\/11\/2013-11-07-11.40.25.jpg\"><img aria-describedby=\"caption-attachment-364\" decoding=\"async\" loading=\"lazy\" class=\"size-medium wp-image-364 \" src=\"http:\/\/www.samskitchen.at\/wp-content\/uploads\/2013\/11\/2013-11-07-11.40.25-300x225.jpg\" alt=\"Kornspitz wartet in der St\u00fcckgare\" width=\"300\" height=\"225\" srcset=\"https:\/\/www.samskitchen.at\/wp-content\/uploads\/2013\/11\/2013-11-07-11.40.25-300x225.jpg 300w, https:\/\/www.samskitchen.at\/wp-content\/uploads\/2013\/11\/2013-11-07-11.40.25-510x382.jpg 510w, https:\/\/www.samskitchen.at\/wp-content\/uploads\/2013\/11\/2013-11-07-11.40.25-530x397.jpg 530w\" sizes=\"(max-width: 300px) 100vw, 300px\" \/><\/a><p id=\"caption-attachment-364\" class=\"wp-caption-text\">K\u00f6rndlspitz wartet in der St\u00fcckgare<\/p><\/div>\n<p>&nbsp;<\/p>\n<div id=\"attachment_366\" style=\"width: 310px\" class=\"wp-caption aligncenter\"><a href=\"http:\/\/www.samskitchen.at\/wp-content\/uploads\/2013\/11\/2013-11-07-12.12.02.jpg\"><img aria-describedby=\"caption-attachment-366\" decoding=\"async\" loading=\"lazy\" class=\"size-medium wp-image-366\" src=\"http:\/\/www.samskitchen.at\/wp-content\/uploads\/2013\/11\/2013-11-07-12.12.02-300x225.jpg\" alt=\"Kommt dem Original ziemlich nahe. Die hinteren Zwei hab ich nach der St\u00fcckgare in Roggenvollkornschrot gew\u00e4lzt.\" width=\"300\" height=\"225\" srcset=\"https:\/\/www.samskitchen.at\/wp-content\/uploads\/2013\/11\/2013-11-07-12.12.02-300x225.jpg 300w, https:\/\/www.samskitchen.at\/wp-content\/uploads\/2013\/11\/2013-11-07-12.12.02-510x382.jpg 510w, https:\/\/www.samskitchen.at\/wp-content\/uploads\/2013\/11\/2013-11-07-12.12.02-530x397.jpg 530w\" sizes=\"(max-width: 300px) 100vw, 300px\" \/><\/a><p id=\"caption-attachment-366\" class=\"wp-caption-text\">Kommt dem Original ziemlich nahe.<br \/>Die hinteren Zwei hab ich nach der St\u00fcckgare in Roggenvollkornschrot gew\u00e4lzt.<\/p><\/div>\n<p>&nbsp;<\/p>\n<div id=\"attachment_367\" style=\"width: 310px\" class=\"wp-caption aligncenter\"><a href=\"http:\/\/www.samskitchen.at\/wp-content\/uploads\/2013\/11\/2013-11-07-12.33.51.jpg\"><img aria-describedby=\"caption-attachment-367\" decoding=\"async\" loading=\"lazy\" class=\"size-medium wp-image-367\" src=\"http:\/\/www.samskitchen.at\/wp-content\/uploads\/2013\/11\/2013-11-07-12.33.51-300x224.jpg\" alt=\"Bein 2. Versuch hab ich die Backzeit etwas verl\u00e4ngert -  sch\u00f6ne braune Kruste\" width=\"300\" height=\"224\" srcset=\"https:\/\/www.samskitchen.at\/wp-content\/uploads\/2013\/11\/2013-11-07-12.33.51-300x224.jpg 300w, https:\/\/www.samskitchen.at\/wp-content\/uploads\/2013\/11\/2013-11-07-12.33.51-510x382.jpg 510w, https:\/\/www.samskitchen.at\/wp-content\/uploads\/2013\/11\/2013-11-07-12.33.51-530x397.jpg 530w\" sizes=\"(max-width: 300px) 100vw, 300px\" \/><\/a><p id=\"caption-attachment-367\" class=\"wp-caption-text\">Bein 2. Versuch hab ich die Backzeit etwas verl\u00e4ngert &#8211; sch\u00f6ne braune Kruste<\/p><\/div>\n<p>&nbsp;<\/p>\n<p>&nbsp;<\/p>\n<p>&nbsp;<\/p>\n<div id=\"attachment_368\" style=\"width: 310px\" class=\"wp-caption aligncenter\"><a href=\"http:\/\/www.samskitchen.at\/wp-content\/uploads\/2013\/11\/2013-11-07-12.30.57.jpg\"><img aria-describedby=\"caption-attachment-368\" decoding=\"async\" loading=\"lazy\" class=\" wp-image-368\" src=\"http:\/\/www.samskitchen.at\/wp-content\/uploads\/2013\/11\/2013-11-07-12.30.57-300x225.jpg\" alt=\"\" width=\"300\" height=\"225\" srcset=\"https:\/\/www.samskitchen.at\/wp-content\/uploads\/2013\/11\/2013-11-07-12.30.57-300x225.jpg 300w, https:\/\/www.samskitchen.at\/wp-content\/uploads\/2013\/11\/2013-11-07-12.30.57-510x382.jpg 510w, https:\/\/www.samskitchen.at\/wp-content\/uploads\/2013\/11\/2013-11-07-12.30.57-530x397.jpg 530w\" sizes=\"(max-width: 300px) 100vw, 300px\" \/><\/a><p id=\"caption-attachment-368\" class=\"wp-caption-text\">lockere und weiche Krume<\/p><\/div>\n<p>&nbsp;<\/p>\n<div id=\"attachment_372\" style=\"width: 310px\" class=\"wp-caption aligncenter\"><a href=\"http:\/\/www.samskitchen.at\/wp-content\/uploads\/2013\/11\/2013-11-07-13.24.33.jpg\"><img aria-describedby=\"caption-attachment-372\" decoding=\"async\" loading=\"lazy\" class=\"size-medium wp-image-372\" src=\"http:\/\/www.samskitchen.at\/wp-content\/uploads\/2013\/11\/2013-11-07-13.24.33-300x225.jpg\" alt=\"Aufgeschnitten\" width=\"300\" height=\"225\" srcset=\"https:\/\/www.samskitchen.at\/wp-content\/uploads\/2013\/11\/2013-11-07-13.24.33-300x225.jpg 300w, https:\/\/www.samskitchen.at\/wp-content\/uploads\/2013\/11\/2013-11-07-13.24.33-510x382.jpg 510w, https:\/\/www.samskitchen.at\/wp-content\/uploads\/2013\/11\/2013-11-07-13.24.33-530x397.jpg 530w\" sizes=\"(max-width: 300px) 100vw, 300px\" \/><\/a><p id=\"caption-attachment-372\" class=\"wp-caption-text\">Aufgeschnitten<\/p><\/div>\n<p>&nbsp;<\/p>\n<p>Die Kundin ganz sauer zum B\u00e4cker: &#8222;Die K\u00f6rndlspitze sind von gestern &#8211; ich m\u00f6chte eines von heute.&#8220; Der B\u00e4cker: &#8222;Da m\u00fcssen Sie morgen wieder kommen.&#8220;<\/p>\n","protected":false},"excerpt":{"rendered":"<p>Kornspitz ist eine eingetragene Marke des Unternehmens backaldrin The Kornspitz Company f\u00fcr ein aus einer bestimmten Backmischung hergestelltes Kleingeback. Die Rezeptur des Kornspitz wurde 1984 entwickelt. Laut Herstellerangaben ist Kornspitz heute das erfolgreichste Markengeb\u00e4ck Europas und wird in 68 L\u00e4ndern rund 4,5 Millionen mal pro Tag verspeist] Die Kornspitz-Backmischung wird nicht an Endkunden verkauft, sondern nur von B\u00e4ckereien verarbeitet. Im &hellip;<\/p>\n","protected":false},"author":1,"featured_media":367,"comment_status":"open","ping_status":"open","sticky":false,"template":"","format":"standard","meta":{"_mi_skip_tracking":false,"_exactmetrics_sitenote_active":false,"_exactmetrics_sitenote_note":"","_exactmetrics_sitenote_category":0,"ngg_post_thumbnail":0,"jetpack_post_was_ever_published":false,"_jetpack_newsletter_access":"","footnotes":"","jetpack_publicize_message":"","jetpack_is_tweetstorm":false,"jetpack_publicize_feature_enabled":true,"jetpack_social_post_already_shared":true,"jetpack_social_options":{"image_generator_settings":{"template":"highway","enabled":false}}},"categories":[2],"tags":[62,61,63,12],"jetpack_publicize_connections":[],"jetpack_featured_media_url":"https:\/\/www.samskitchen.at\/wp-content\/uploads\/2013\/11\/2013-11-07-12.33.51.jpg","jetpack_sharing_enabled":true,"jetpack_shortlink":"https:\/\/wp.me\/p41IW0-5O","_links":{"self":[{"href":"https:\/\/www.samskitchen.at\/index.php?rest_route=\/wp\/v2\/posts\/360"}],"collection":[{"href":"https:\/\/www.samskitchen.at\/index.php?rest_route=\/wp\/v2\/posts"}],"about":[{"href":"https:\/\/www.samskitchen.at\/index.php?rest_route=\/wp\/v2\/types\/post"}],"author":[{"embeddable":true,"href":"https:\/\/www.samskitchen.at\/index.php?rest_route=\/wp\/v2\/users\/1"}],"replies":[{"embeddable":true,"href":"https:\/\/www.samskitchen.at\/index.php?rest_route=%2Fwp%2Fv2%2Fcomments&post=360"}],"version-history":[{"count":11,"href":"https:\/\/www.samskitchen.at\/index.php?rest_route=\/wp\/v2\/posts\/360\/revisions"}],"predecessor-version":[{"id":1157,"href":"https:\/\/www.samskitchen.at\/index.php?rest_route=\/wp\/v2\/posts\/360\/revisions\/1157"}],"wp:featuredmedia":[{"embeddable":true,"href":"https:\/\/www.samskitchen.at\/index.php?rest_route=\/wp\/v2\/media\/367"}],"wp:attachment":[{"href":"https:\/\/www.samskitchen.at\/index.php?rest_route=%2Fwp%2Fv2%2Fmedia&parent=360"}],"wp:term":[{"taxonomy":"category","embeddable":true,"href":"https:\/\/www.samskitchen.at\/index.php?rest_route=%2Fwp%2Fv2%2Fcategories&post=360"},{"taxonomy":"post_tag","embeddable":true,"href":"https:\/\/www.samskitchen.at\/index.php?rest_route=%2Fwp%2Fv2%2Ftags&post=360"}],"curies":[{"name":"wp","href":"https:\/\/api.w.org\/{rel}","templated":true}]}}