{"id":3586,"date":"2018-12-03T10:18:09","date_gmt":"2018-12-03T09:18:09","guid":{"rendered":"http:\/\/www.samskitchen.at\/?p=3586"},"modified":"2018-12-03T10:18:09","modified_gmt":"2018-12-03T09:18:09","slug":"lieblingsbrot","status":"publish","type":"post","link":"https:\/\/www.samskitchen.at\/?p=3586","title":{"rendered":"Lieblingsbrot"},"content":{"rendered":"<p>&nbsp;<\/p>\n<p><a href=\"http:\/\/www.samskitchen.at\/?attachment_id=3591\" rel=\"attachment wp-att-3591\"><img decoding=\"async\" loading=\"lazy\" class=\"alignnone size-full wp-image-3591\" src=\"http:\/\/www.samskitchen.at\/wp-content\/uploads\/2018\/12\/2018-12-03-07.24.42.jpg\" alt=\"\" width=\"1500\" height=\"2000\" srcset=\"https:\/\/www.samskitchen.at\/wp-content\/uploads\/2018\/12\/2018-12-03-07.24.42.jpg 1500w, https:\/\/www.samskitchen.at\/wp-content\/uploads\/2018\/12\/2018-12-03-07.24.42-225x300.jpg 225w, https:\/\/www.samskitchen.at\/wp-content\/uploads\/2018\/12\/2018-12-03-07.24.42-768x1024.jpg 768w, https:\/\/www.samskitchen.at\/wp-content\/uploads\/2018\/12\/2018-12-03-07.24.42-510x680.jpg 510w, https:\/\/www.samskitchen.at\/wp-content\/uploads\/2018\/12\/2018-12-03-07.24.42-75x100.jpg 75w\" sizes=\"(max-width: 1500px) 100vw, 1500px\" \/><\/a>Mischbrote sind normalerweise nicht so meine Lieblinge &#8211; aber viele Menschen lieben einfach Mischbrote, nicht umsonst ist es das meistgebackene Brot im deutschsprachigen Raum.<\/p>\n<p>Heute gibts bei mir ein Vollkornmischbrot mit Sonnenblumen- und K\u00fcrbisk\u00f6rnern. Und als Triebmittel &#8211; &nbsp;Roggen- und &nbsp;Weizensauerteig.<\/p>\n<p><strong>Roggensauerteig:<\/strong><\/p>\n<p>100 g Roggenvollkornmehl<br \/>\n10 g Anstellgut<br \/>\n100 g Wasser<br \/>\nZutaten gut vermischen und bei ca. 28 Grad 15 Stunden gehen lassen.<\/p>\n<p>Weizensauerteig:<\/p>\n<p>100 g Weizenvollkornmehl<br \/>\n10 g Anstellgut<br \/>\n100 g Wasser<br \/>\nZutaten gut vermischen und bei ca. 28 Grad 15 Stunden gehen lassen.<\/p>\n<p>Hauptteig:<\/p>\n<p>210 g Roggensauerteig<br \/>\n210 g Weizensauerteig<br \/>\n400 g Roggenvollkornmehl<br \/>\n400 g Khorasanweizen Vollkornmehl<br \/>\n650 g Wasser<br \/>\n10 g Brotgew\u00fcrz<br \/>\n50 g Sonnenblumenk\u00f6rner<br \/>\n50 g K\u00fcrbisk\u00f6rner<br \/>\n27 g Salz<\/p>\n<p>Alle Zutaten ausser den K\u00f6rnern ca. 3 Minuten auf kleinster Stufe kneten, dann geben wir die K\u00f6rner dazu und kneten den Teig so ca. weitere 10 Minuten. Eine Zeitangabe ist schwierig weil jeder mit einer andere Maschine knetet. Bei &nbsp;Bedarf noch etwas Wasser nachsch\u00fctten. Nachdem der Teig die gew\u00fcnschte Konsistenz hat, geben wir ihm ca. 30 Minuten Zeit zum reifen im Kessel. Danach formen wir zwei l\u00e4ngliche Wecken, bestauben die G\u00e4rk\u00f6rbchen und lassen die Teiglinge in den zugedeckten K\u00f6rbchen &nbsp;so lange gehen bis sie sichtlich an Volumen zugenommen haben. G\u00e4rtemperatur ca. 30\u00b0 C. Wer keinen aktiven Sauerteig hat, sollte ca. 5 g frische Hefe als Unterst\u00fctzung dazugeben.<br \/>\nNicht vergessen den Backofen rechtzeitig aufzuheizen.&nbsp;<br \/>\nGebacken wird mit 260\u00b0 fallend auf 200\u00b0 mit Schwaden, f\u00fcr ca. 45 Minuten. Das Mischbrot sollte recht dunkel ausgebacken werden. Den Schwaden durch \u00f6ffnen der Ofent\u00fcr nach ca. 15 Minuten ablassen. &nbsp;Brot gut ausk\u00fchlen lassen und am besten nur mit Butter und etwas Salz ganz einfach geniessen.<\/p>\n<p><a href=\"http:\/\/www.samskitchen.at\/?attachment_id=3590\" rel=\"attachment wp-att-3590\"><img decoding=\"async\" loading=\"lazy\" class=\"alignnone size-full wp-image-3590\" src=\"http:\/\/www.samskitchen.at\/wp-content\/uploads\/2018\/12\/2018-12-03-07.06.14.jpg\" alt=\"\" width=\"1500\" height=\"1125\" srcset=\"https:\/\/www.samskitchen.at\/wp-content\/uploads\/2018\/12\/2018-12-03-07.06.14.jpg 1500w, https:\/\/www.samskitchen.at\/wp-content\/uploads\/2018\/12\/2018-12-03-07.06.14-300x225.jpg 300w, https:\/\/www.samskitchen.at\/wp-content\/uploads\/2018\/12\/2018-12-03-07.06.14-768x576.jpg 768w, https:\/\/www.samskitchen.at\/wp-content\/uploads\/2018\/12\/2018-12-03-07.06.14-510x383.jpg 510w, https:\/\/www.samskitchen.at\/wp-content\/uploads\/2018\/12\/2018-12-03-07.06.14-125x94.jpg 125w\" sizes=\"(max-width: 1500px) 100vw, 1500px\" \/><\/a> <a href=\"http:\/\/www.samskitchen.at\/?attachment_id=3592\" rel=\"attachment wp-att-3592\"><img decoding=\"async\" loading=\"lazy\" class=\"alignnone size-full wp-image-3592\" src=\"http:\/\/www.samskitchen.at\/wp-content\/uploads\/2018\/12\/2018-12-03-07.24.50.jpg\" alt=\"\" width=\"1500\" height=\"1125\" srcset=\"https:\/\/www.samskitchen.at\/wp-content\/uploads\/2018\/12\/2018-12-03-07.24.50.jpg 1500w, https:\/\/www.samskitchen.at\/wp-content\/uploads\/2018\/12\/2018-12-03-07.24.50-300x225.jpg 300w, https:\/\/www.samskitchen.at\/wp-content\/uploads\/2018\/12\/2018-12-03-07.24.50-768x576.jpg 768w, https:\/\/www.samskitchen.at\/wp-content\/uploads\/2018\/12\/2018-12-03-07.24.50-510x383.jpg 510w, https:\/\/www.samskitchen.at\/wp-content\/uploads\/2018\/12\/2018-12-03-07.24.50-125x94.jpg 125w\" sizes=\"(max-width: 1500px) 100vw, 1500px\" \/><\/a> <a href=\"http:\/\/www.samskitchen.at\/?attachment_id=3589\" rel=\"attachment wp-att-3589\"><img decoding=\"async\" loading=\"lazy\" class=\"alignnone size-full wp-image-3589\" src=\"http:\/\/www.samskitchen.at\/wp-content\/uploads\/2018\/12\/2018-12-03-07.06.07.jpg\" alt=\"\" width=\"1500\" height=\"1163\" srcset=\"https:\/\/www.samskitchen.at\/wp-content\/uploads\/2018\/12\/2018-12-03-07.06.07.jpg 1500w, https:\/\/www.samskitchen.at\/wp-content\/uploads\/2018\/12\/2018-12-03-07.06.07-300x233.jpg 300w, https:\/\/www.samskitchen.at\/wp-content\/uploads\/2018\/12\/2018-12-03-07.06.07-768x595.jpg 768w, https:\/\/www.samskitchen.at\/wp-content\/uploads\/2018\/12\/2018-12-03-07.06.07-510x395.jpg 510w, https:\/\/www.samskitchen.at\/wp-content\/uploads\/2018\/12\/2018-12-03-07.06.07-125x97.jpg 125w\" sizes=\"(max-width: 1500px) 100vw, 1500px\" \/><\/a><a href=\"http:\/\/www.samskitchen.at\/?attachment_id=3595\" rel=\"attachment wp-att-3595\"><img decoding=\"async\" loading=\"lazy\" class=\"alignnone size-full wp-image-3595\" src=\"http:\/\/www.samskitchen.at\/wp-content\/uploads\/2018\/12\/2018-12-03-10.04.03.jpg\" alt=\"\" width=\"1557\" height=\"1428\" srcset=\"https:\/\/www.samskitchen.at\/wp-content\/uploads\/2018\/12\/2018-12-03-10.04.03.jpg 1557w, https:\/\/www.samskitchen.at\/wp-content\/uploads\/2018\/12\/2018-12-03-10.04.03-300x275.jpg 300w, https:\/\/www.samskitchen.at\/wp-content\/uploads\/2018\/12\/2018-12-03-10.04.03-768x704.jpg 768w, https:\/\/www.samskitchen.at\/wp-content\/uploads\/2018\/12\/2018-12-03-10.04.03-510x468.jpg 510w, https:\/\/www.samskitchen.at\/wp-content\/uploads\/2018\/12\/2018-12-03-10.04.03-109x100.jpg 109w\" sizes=\"(max-width: 1557px) 100vw, 1557px\" \/><\/a><a href=\"http:\/\/www.samskitchen.at\/?attachment_id=3596\" rel=\"attachment wp-att-3596\"><img decoding=\"async\" loading=\"lazy\" class=\"alignnone size-full wp-image-3596\" src=\"http:\/\/www.samskitchen.at\/wp-content\/uploads\/2018\/12\/2018-12-03-10.04.14.jpg\" alt=\"\" width=\"1500\" height=\"1125\" srcset=\"https:\/\/www.samskitchen.at\/wp-content\/uploads\/2018\/12\/2018-12-03-10.04.14.jpg 1500w, https:\/\/www.samskitchen.at\/wp-content\/uploads\/2018\/12\/2018-12-03-10.04.14-300x225.jpg 300w, https:\/\/www.samskitchen.at\/wp-content\/uploads\/2018\/12\/2018-12-03-10.04.14-768x576.jpg 768w, https:\/\/www.samskitchen.at\/wp-content\/uploads\/2018\/12\/2018-12-03-10.04.14-510x383.jpg 510w, https:\/\/www.samskitchen.at\/wp-content\/uploads\/2018\/12\/2018-12-03-10.04.14-125x94.jpg 125w\" sizes=\"(max-width: 1500px) 100vw, 1500px\" \/><\/a><\/p>\n<p>&nbsp;<\/p>\n","protected":false},"excerpt":{"rendered":"<p>&nbsp; Mischbrote sind normalerweise nicht so meine Lieblinge &#8211; aber viele Menschen lieben einfach Mischbrote, nicht umsonst ist es das meistgebackene Brot im deutschsprachigen Raum. Heute gibts bei mir ein Vollkornmischbrot mit Sonnenblumen- und K\u00fcrbisk\u00f6rnern. Und als Triebmittel &#8211; &nbsp;Roggen- und &nbsp;Weizensauerteig. Roggensauerteig: 100 g Roggenvollkornmehl 10 g Anstellgut 100 g Wasser Zutaten gut vermischen und bei ca. 28 Grad &hellip;<\/p>\n","protected":false},"author":1,"featured_media":3591,"comment_status":"open","ping_status":"open","sticky":false,"template":"","format":"standard","meta":{"_mi_skip_tracking":false,"_exactmetrics_sitenote_active":false,"_exactmetrics_sitenote_note":"","_exactmetrics_sitenote_category":0,"ngg_post_thumbnail":0,"jetpack_post_was_ever_published":false,"_jetpack_newsletter_access":"","footnotes":"","jetpack_publicize_message":"","jetpack_is_tweetstorm":false,"jetpack_publicize_feature_enabled":true,"jetpack_social_post_already_shared":true,"jetpack_social_options":{"image_generator_settings":{"template":"highway","enabled":false}}},"categories":[2],"tags":[111,59,90,12,216,66,130],"jetpack_publicize_connections":[],"jetpack_featured_media_url":"https:\/\/www.samskitchen.at\/wp-content\/uploads\/2018\/12\/2018-12-03-07.24.42.jpg","jetpack_sharing_enabled":true,"jetpack_shortlink":"https:\/\/wp.me\/p41IW0-VQ","_links":{"self":[{"href":"https:\/\/www.samskitchen.at\/index.php?rest_route=\/wp\/v2\/posts\/3586"}],"collection":[{"href":"https:\/\/www.samskitchen.at\/index.php?rest_route=\/wp\/v2\/posts"}],"about":[{"href":"https:\/\/www.samskitchen.at\/index.php?rest_route=\/wp\/v2\/types\/post"}],"author":[{"embeddable":true,"href":"https:\/\/www.samskitchen.at\/index.php?rest_route=\/wp\/v2\/users\/1"}],"replies":[{"embeddable":true,"href":"https:\/\/www.samskitchen.at\/index.php?rest_route=%2Fwp%2Fv2%2Fcomments&post=3586"}],"version-history":[{"count":6,"href":"https:\/\/www.samskitchen.at\/index.php?rest_route=\/wp\/v2\/posts\/3586\/revisions"}],"predecessor-version":[{"id":3598,"href":"https:\/\/www.samskitchen.at\/index.php?rest_route=\/wp\/v2\/posts\/3586\/revisions\/3598"}],"wp:featuredmedia":[{"embeddable":true,"href":"https:\/\/www.samskitchen.at\/index.php?rest_route=\/wp\/v2\/media\/3591"}],"wp:attachment":[{"href":"https:\/\/www.samskitchen.at\/index.php?rest_route=%2Fwp%2Fv2%2Fmedia&parent=3586"}],"wp:term":[{"taxonomy":"category","embeddable":true,"href":"https:\/\/www.samskitchen.at\/index.php?rest_route=%2Fwp%2Fv2%2Fcategories&post=3586"},{"taxonomy":"post_tag","embeddable":true,"href":"https:\/\/www.samskitchen.at\/index.php?rest_route=%2Fwp%2Fv2%2Ftags&post=3586"}],"curies":[{"name":"wp","href":"https:\/\/api.w.org\/{rel}","templated":true}]}}