{"id":3550,"date":"2018-10-25T07:48:03","date_gmt":"2018-10-25T05:48:03","guid":{"rendered":"http:\/\/www.samskitchen.at\/?p=3550"},"modified":"2018-10-25T08:02:55","modified_gmt":"2018-10-25T06:02:55","slug":"feuerstangen","status":"publish","type":"post","link":"https:\/\/www.samskitchen.at\/?p=3550","title":{"rendered":"Feuerstangen"},"content":{"rendered":"<p><a href=\"http:\/\/www.samskitchen.at\/?attachment_id=3565\" rel=\"attachment wp-att-3565\"><img decoding=\"async\" loading=\"lazy\" class=\"alignnone size-full wp-image-3565\" src=\"http:\/\/www.samskitchen.at\/wp-content\/uploads\/2018\/10\/2018-10-24-16.40.55.jpg\" alt=\"\" width=\"1000\" height=\"750\" srcset=\"https:\/\/www.samskitchen.at\/wp-content\/uploads\/2018\/10\/2018-10-24-16.40.55.jpg 1000w, https:\/\/www.samskitchen.at\/wp-content\/uploads\/2018\/10\/2018-10-24-16.40.55-300x225.jpg 300w, https:\/\/www.samskitchen.at\/wp-content\/uploads\/2018\/10\/2018-10-24-16.40.55-768x576.jpg 768w, https:\/\/www.samskitchen.at\/wp-content\/uploads\/2018\/10\/2018-10-24-16.40.55-510x383.jpg 510w, https:\/\/www.samskitchen.at\/wp-content\/uploads\/2018\/10\/2018-10-24-16.40.55-125x94.jpg 125w\" sizes=\"(max-width: 1000px) 100vw, 1000px\" \/><\/a><\/p>\n<p>Feigen &#8211; Chilis, &nbsp;alles reift im Garten. Zeit sich Gedanken \u00fcber die Verwendung dieses Exoten zu machen. Chilis werden entweder getrocknet, aber da hab ich schon genug davon, also werden sie zu Sambal Oleg verkocht. Mit einigen Feigen versuch ich ein Hefewasser anzustellen. Das Hefewasser ist fertig &#8211; jetzt brauch ich nur noch ein Rezept dazu. Chili und Feigen passen eigentlich recht gut zusammen, hab vor einiger Zeit eine Feigenmarmelade mit Chili gemacht &#8211; super zu K\u00e4se. Also gibt nun ein Brot mit Feigenhefewasser als Triebmittel und die Sch\u00e4rfe kommt von Au\u00dfen als Anstrich.<\/p>\n<p><strong>Rezept f\u00fcr 3 Brote<\/strong><\/p>\n<p><strong>Vorteig:<\/strong><br \/>\n200 g Weizenmehl W700 (550)<br \/>\n200 g Hefewasser<br \/>\nalles verr\u00fchren und bei Raumtemperatur f\u00fcr ca. 12-15 Stunden stehen lassen.&nbsp;<\/p>\n<p><strong>Hauptteig:<\/strong><br \/>\n400 g Vorteig<br \/>\n500 g Weizenmehl W700 (550)<br \/>\n100 g Einkornmehl<br \/>\n340 g Hefewasser&nbsp;<br \/>\n16 g Salz<br \/>\ngetrocknete Tomaten klein Gew\u00fcrfelt &#8211; Menge je nach Geschmack ich hab so 5 St\u00fcck genommen.<\/p>\n<p><strong>Anstrich:<\/strong><br \/>\n2 EL \u00d6l<br \/>\n1 Messerspitze Salz<br \/>\n1 TL grob gemahlener schwarzer Pfeffer<br \/>\nChiliflocken oder gemahlene Chili (Menge je nach Geschmack und gew\u00fcnschter Sch\u00e4rfe)<\/p>\n<p>Den Teig ca. 3 Minuten kneten bis es beginnt sich von der Knetsch\u00fcssel zu l\u00f6sen, dann geben wir die geschnittenen Tomaten dazu und kneten weiter bis der &nbsp;Teig sch\u00f6n glatt ist, ev. noch ein wenig Wasser dazugeben.<br \/>\nDen Teig in einer ge\u00f6lten Sch\u00fcssel ca. 1 Stunde bei Raumtemperatur reifen lassen, dabei 2 mal strecken und falten. Anschliessend kommt der Teig f\u00fcr ca. 12 Stunden in den K\u00fchlschrank. Den Teig ca. 2 Stunden akklimatisieren lassen. Dann in drei Teile teilen und &nbsp;zu Zylindern aufrollen. 15 Minuten rasten lassen und dann zu l\u00e4nglichen Brotstangen wirken. &nbsp;Im B\u00e4ckerleinen f\u00fcr 30 Minuten aufgehen lassen. Danach werden die Teiglinge mit der \u00d6l-Chili Mischung eingestrichen und rautenf\u00f6rmig eingeschnitten.&nbsp;<br \/>\nMit reichlich Schwaden bei 260\u00b0 Ober\/Unterhitze sch\u00f6n braun ausbacken. Ca.25 Minuten.<\/p>\n<p><a href=\"http:\/\/www.samskitchen.at\/?attachment_id=3554\" rel=\"attachment wp-att-3554\"><img decoding=\"async\" loading=\"lazy\" class=\"alignnone size-full wp-image-3554\" src=\"http:\/\/www.samskitchen.at\/wp-content\/uploads\/2018\/10\/2018-10-24-11.31.33.jpg\" alt=\"\" width=\"1000\" height=\"750\" srcset=\"https:\/\/www.samskitchen.at\/wp-content\/uploads\/2018\/10\/2018-10-24-11.31.33.jpg 1000w, https:\/\/www.samskitchen.at\/wp-content\/uploads\/2018\/10\/2018-10-24-11.31.33-300x225.jpg 300w, https:\/\/www.samskitchen.at\/wp-content\/uploads\/2018\/10\/2018-10-24-11.31.33-768x576.jpg 768w, https:\/\/www.samskitchen.at\/wp-content\/uploads\/2018\/10\/2018-10-24-11.31.33-510x383.jpg 510w, https:\/\/www.samskitchen.at\/wp-content\/uploads\/2018\/10\/2018-10-24-11.31.33-125x94.jpg 125w\" sizes=\"(max-width: 1000px) 100vw, 1000px\" \/><\/a> <a href=\"http:\/\/www.samskitchen.at\/?attachment_id=3555\" rel=\"attachment wp-att-3555\"><img decoding=\"async\" loading=\"lazy\" class=\"alignnone size-full wp-image-3555\" src=\"http:\/\/www.samskitchen.at\/wp-content\/uploads\/2018\/10\/2018-10-24-11.55.25.jpg\" alt=\"\" width=\"1000\" height=\"750\" srcset=\"https:\/\/www.samskitchen.at\/wp-content\/uploads\/2018\/10\/2018-10-24-11.55.25.jpg 1000w, https:\/\/www.samskitchen.at\/wp-content\/uploads\/2018\/10\/2018-10-24-11.55.25-300x225.jpg 300w, https:\/\/www.samskitchen.at\/wp-content\/uploads\/2018\/10\/2018-10-24-11.55.25-768x576.jpg 768w, https:\/\/www.samskitchen.at\/wp-content\/uploads\/2018\/10\/2018-10-24-11.55.25-510x383.jpg 510w, https:\/\/www.samskitchen.at\/wp-content\/uploads\/2018\/10\/2018-10-24-11.55.25-125x94.jpg 125w\" sizes=\"(max-width: 1000px) 100vw, 1000px\" \/><\/a> <a href=\"http:\/\/www.samskitchen.at\/?attachment_id=3556\" rel=\"attachment wp-att-3556\"><img decoding=\"async\" loading=\"lazy\" class=\"alignnone size-full wp-image-3556\" src=\"http:\/\/www.samskitchen.at\/wp-content\/uploads\/2018\/10\/2018-10-24-12.30.05.jpg\" alt=\"\" width=\"1000\" height=\"750\" srcset=\"https:\/\/www.samskitchen.at\/wp-content\/uploads\/2018\/10\/2018-10-24-12.30.05.jpg 1000w, https:\/\/www.samskitchen.at\/wp-content\/uploads\/2018\/10\/2018-10-24-12.30.05-300x225.jpg 300w, https:\/\/www.samskitchen.at\/wp-content\/uploads\/2018\/10\/2018-10-24-12.30.05-768x576.jpg 768w, https:\/\/www.samskitchen.at\/wp-content\/uploads\/2018\/10\/2018-10-24-12.30.05-510x383.jpg 510w, https:\/\/www.samskitchen.at\/wp-content\/uploads\/2018\/10\/2018-10-24-12.30.05-125x94.jpg 125w\" sizes=\"(max-width: 1000px) 100vw, 1000px\" \/><\/a> <a href=\"http:\/\/www.samskitchen.at\/?attachment_id=3558\" rel=\"attachment wp-att-3558\"><img decoding=\"async\" loading=\"lazy\" class=\"alignnone size-full wp-image-3558\" src=\"http:\/\/www.samskitchen.at\/wp-content\/uploads\/2018\/10\/2018-10-24-12.30.11.jpg\" alt=\"\" width=\"1000\" height=\"750\" srcset=\"https:\/\/www.samskitchen.at\/wp-content\/uploads\/2018\/10\/2018-10-24-12.30.11.jpg 1000w, https:\/\/www.samskitchen.at\/wp-content\/uploads\/2018\/10\/2018-10-24-12.30.11-300x225.jpg 300w, https:\/\/www.samskitchen.at\/wp-content\/uploads\/2018\/10\/2018-10-24-12.30.11-768x576.jpg 768w, https:\/\/www.samskitchen.at\/wp-content\/uploads\/2018\/10\/2018-10-24-12.30.11-510x383.jpg 510w, https:\/\/www.samskitchen.at\/wp-content\/uploads\/2018\/10\/2018-10-24-12.30.11-125x94.jpg 125w\" sizes=\"(max-width: 1000px) 100vw, 1000px\" \/><\/a> <a href=\"http:\/\/www.samskitchen.at\/?attachment_id=3557\" rel=\"attachment wp-att-3557\"><img decoding=\"async\" loading=\"lazy\" class=\"alignnone size-full wp-image-3557\" src=\"http:\/\/www.samskitchen.at\/wp-content\/uploads\/2018\/10\/2018-10-24-12.30.09.jpg\" alt=\"\" width=\"1000\" height=\"750\" srcset=\"https:\/\/www.samskitchen.at\/wp-content\/uploads\/2018\/10\/2018-10-24-12.30.09.jpg 1000w, https:\/\/www.samskitchen.at\/wp-content\/uploads\/2018\/10\/2018-10-24-12.30.09-300x225.jpg 300w, https:\/\/www.samskitchen.at\/wp-content\/uploads\/2018\/10\/2018-10-24-12.30.09-768x576.jpg 768w, https:\/\/www.samskitchen.at\/wp-content\/uploads\/2018\/10\/2018-10-24-12.30.09-510x383.jpg 510w, https:\/\/www.samskitchen.at\/wp-content\/uploads\/2018\/10\/2018-10-24-12.30.09-125x94.jpg 125w\" sizes=\"(max-width: 1000px) 100vw, 1000px\" \/><\/a> <a href=\"http:\/\/www.samskitchen.at\/?attachment_id=3566\" rel=\"attachment wp-att-3566\"><img decoding=\"async\" loading=\"lazy\" class=\"alignnone size-full wp-image-3566\" src=\"http:\/\/www.samskitchen.at\/wp-content\/uploads\/2018\/10\/2018-10-24-16.40.58.jpg\" alt=\"\" width=\"1000\" height=\"750\" srcset=\"https:\/\/www.samskitchen.at\/wp-content\/uploads\/2018\/10\/2018-10-24-16.40.58.jpg 1000w, https:\/\/www.samskitchen.at\/wp-content\/uploads\/2018\/10\/2018-10-24-16.40.58-300x225.jpg 300w, https:\/\/www.samskitchen.at\/wp-content\/uploads\/2018\/10\/2018-10-24-16.40.58-768x576.jpg 768w, https:\/\/www.samskitchen.at\/wp-content\/uploads\/2018\/10\/2018-10-24-16.40.58-510x383.jpg 510w, https:\/\/www.samskitchen.at\/wp-content\/uploads\/2018\/10\/2018-10-24-16.40.58-125x94.jpg 125w\" sizes=\"(max-width: 1000px) 100vw, 1000px\" \/><\/a> <a href=\"http:\/\/www.samskitchen.at\/?attachment_id=3565\" rel=\"attachment wp-att-3565\"><img decoding=\"async\" loading=\"lazy\" class=\"alignnone size-full wp-image-3565\" src=\"http:\/\/www.samskitchen.at\/wp-content\/uploads\/2018\/10\/2018-10-24-16.40.55.jpg\" alt=\"\" width=\"1000\" height=\"750\" srcset=\"https:\/\/www.samskitchen.at\/wp-content\/uploads\/2018\/10\/2018-10-24-16.40.55.jpg 1000w, https:\/\/www.samskitchen.at\/wp-content\/uploads\/2018\/10\/2018-10-24-16.40.55-300x225.jpg 300w, https:\/\/www.samskitchen.at\/wp-content\/uploads\/2018\/10\/2018-10-24-16.40.55-768x576.jpg 768w, https:\/\/www.samskitchen.at\/wp-content\/uploads\/2018\/10\/2018-10-24-16.40.55-510x383.jpg 510w, https:\/\/www.samskitchen.at\/wp-content\/uploads\/2018\/10\/2018-10-24-16.40.55-125x94.jpg 125w\" sizes=\"(max-width: 1000px) 100vw, 1000px\" \/><\/a> <a href=\"http:\/\/www.samskitchen.at\/?attachment_id=3563\" rel=\"attachment wp-att-3563\"><img decoding=\"async\" loading=\"lazy\" class=\"alignnone size-full wp-image-3563\" src=\"http:\/\/www.samskitchen.at\/wp-content\/uploads\/2018\/10\/2018-10-24-16.39.40.jpg\" alt=\"\" width=\"1000\" height=\"750\" srcset=\"https:\/\/www.samskitchen.at\/wp-content\/uploads\/2018\/10\/2018-10-24-16.39.40.jpg 1000w, https:\/\/www.samskitchen.at\/wp-content\/uploads\/2018\/10\/2018-10-24-16.39.40-300x225.jpg 300w, https:\/\/www.samskitchen.at\/wp-content\/uploads\/2018\/10\/2018-10-24-16.39.40-768x576.jpg 768w, https:\/\/www.samskitchen.at\/wp-content\/uploads\/2018\/10\/2018-10-24-16.39.40-510x383.jpg 510w, https:\/\/www.samskitchen.at\/wp-content\/uploads\/2018\/10\/2018-10-24-16.39.40-125x94.jpg 125w\" sizes=\"(max-width: 1000px) 100vw, 1000px\" \/><\/a> <a href=\"http:\/\/www.samskitchen.at\/?attachment_id=3562\" rel=\"attachment wp-att-3562\"><img decoding=\"async\" loading=\"lazy\" class=\"alignnone size-full wp-image-3562\" src=\"http:\/\/www.samskitchen.at\/wp-content\/uploads\/2018\/10\/2018-10-24-16.39.37.jpg\" alt=\"\" width=\"1000\" height=\"750\" srcset=\"https:\/\/www.samskitchen.at\/wp-content\/uploads\/2018\/10\/2018-10-24-16.39.37.jpg 1000w, https:\/\/www.samskitchen.at\/wp-content\/uploads\/2018\/10\/2018-10-24-16.39.37-300x225.jpg 300w, https:\/\/www.samskitchen.at\/wp-content\/uploads\/2018\/10\/2018-10-24-16.39.37-768x576.jpg 768w, https:\/\/www.samskitchen.at\/wp-content\/uploads\/2018\/10\/2018-10-24-16.39.37-510x383.jpg 510w, https:\/\/www.samskitchen.at\/wp-content\/uploads\/2018\/10\/2018-10-24-16.39.37-125x94.jpg 125w\" sizes=\"(max-width: 1000px) 100vw, 1000px\" \/><\/a> <a href=\"http:\/\/www.samskitchen.at\/?attachment_id=3561\" rel=\"attachment wp-att-3561\"><img decoding=\"async\" loading=\"lazy\" class=\"alignnone size-full wp-image-3561\" src=\"http:\/\/www.samskitchen.at\/wp-content\/uploads\/2018\/10\/2018-10-24-16.39.34.jpg\" alt=\"\" width=\"1000\" height=\"750\" srcset=\"https:\/\/www.samskitchen.at\/wp-content\/uploads\/2018\/10\/2018-10-24-16.39.34.jpg 1000w, https:\/\/www.samskitchen.at\/wp-content\/uploads\/2018\/10\/2018-10-24-16.39.34-300x225.jpg 300w, https:\/\/www.samskitchen.at\/wp-content\/uploads\/2018\/10\/2018-10-24-16.39.34-768x576.jpg 768w, https:\/\/www.samskitchen.at\/wp-content\/uploads\/2018\/10\/2018-10-24-16.39.34-510x383.jpg 510w, https:\/\/www.samskitchen.at\/wp-content\/uploads\/2018\/10\/2018-10-24-16.39.34-125x94.jpg 125w\" sizes=\"(max-width: 1000px) 100vw, 1000px\" \/><\/a> <a href=\"http:\/\/www.samskitchen.at\/?attachment_id=3560\" rel=\"attachment wp-att-3560\"><img decoding=\"async\" loading=\"lazy\" class=\"alignnone size-full wp-image-3560\" src=\"http:\/\/www.samskitchen.at\/wp-content\/uploads\/2018\/10\/2018-10-24-16.39.33.jpg\" alt=\"\" width=\"1000\" height=\"750\" srcset=\"https:\/\/www.samskitchen.at\/wp-content\/uploads\/2018\/10\/2018-10-24-16.39.33.jpg 1000w, https:\/\/www.samskitchen.at\/wp-content\/uploads\/2018\/10\/2018-10-24-16.39.33-300x225.jpg 300w, https:\/\/www.samskitchen.at\/wp-content\/uploads\/2018\/10\/2018-10-24-16.39.33-768x576.jpg 768w, https:\/\/www.samskitchen.at\/wp-content\/uploads\/2018\/10\/2018-10-24-16.39.33-510x383.jpg 510w, https:\/\/www.samskitchen.at\/wp-content\/uploads\/2018\/10\/2018-10-24-16.39.33-125x94.jpg 125w\" sizes=\"(max-width: 1000px) 100vw, 1000px\" \/><\/a><\/p>\n","protected":false},"excerpt":{"rendered":"<p>Feigen &#8211; Chilis, &nbsp;alles reift im Garten. Zeit sich Gedanken \u00fcber die Verwendung dieses Exoten zu machen. Chilis werden entweder getrocknet, aber da hab ich schon genug davon, also werden sie zu Sambal Oleg verkocht. Mit einigen Feigen versuch ich ein Hefewasser anzustellen. Das Hefewasser ist fertig &#8211; jetzt brauch ich nur noch ein Rezept dazu. Chili und Feigen passen &hellip;<\/p>\n","protected":false},"author":1,"featured_media":3564,"comment_status":"open","ping_status":"open","sticky":false,"template":"","format":"standard","meta":{"_mi_skip_tracking":false,"_exactmetrics_sitenote_active":false,"_exactmetrics_sitenote_note":"","_exactmetrics_sitenote_category":0,"ngg_post_thumbnail":0,"jetpack_post_was_ever_published":false,"_jetpack_newsletter_access":"","footnotes":"","jetpack_publicize_message":"","jetpack_is_tweetstorm":false,"jetpack_publicize_feature_enabled":true,"jetpack_social_post_already_shared":true,"jetpack_social_options":{"image_generator_settings":{"template":"highway","enabled":false}}},"categories":[2],"tags":[262,323,194],"jetpack_publicize_connections":[],"jetpack_featured_media_url":"https:\/\/www.samskitchen.at\/wp-content\/uploads\/2018\/10\/2018-10-24-16.40.38.jpg","jetpack_sharing_enabled":true,"jetpack_shortlink":"https:\/\/wp.me\/p41IW0-Vg","_links":{"self":[{"href":"https:\/\/www.samskitchen.at\/index.php?rest_route=\/wp\/v2\/posts\/3550"}],"collection":[{"href":"https:\/\/www.samskitchen.at\/index.php?rest_route=\/wp\/v2\/posts"}],"about":[{"href":"https:\/\/www.samskitchen.at\/index.php?rest_route=\/wp\/v2\/types\/post"}],"author":[{"embeddable":true,"href":"https:\/\/www.samskitchen.at\/index.php?rest_route=\/wp\/v2\/users\/1"}],"replies":[{"embeddable":true,"href":"https:\/\/www.samskitchen.at\/index.php?rest_route=%2Fwp%2Fv2%2Fcomments&post=3550"}],"version-history":[{"count":7,"href":"https:\/\/www.samskitchen.at\/index.php?rest_route=\/wp\/v2\/posts\/3550\/revisions"}],"predecessor-version":[{"id":3571,"href":"https:\/\/www.samskitchen.at\/index.php?rest_route=\/wp\/v2\/posts\/3550\/revisions\/3571"}],"wp:featuredmedia":[{"embeddable":true,"href":"https:\/\/www.samskitchen.at\/index.php?rest_route=\/wp\/v2\/media\/3564"}],"wp:attachment":[{"href":"https:\/\/www.samskitchen.at\/index.php?rest_route=%2Fwp%2Fv2%2Fmedia&parent=3550"}],"wp:term":[{"taxonomy":"category","embeddable":true,"href":"https:\/\/www.samskitchen.at\/index.php?rest_route=%2Fwp%2Fv2%2Fcategories&post=3550"},{"taxonomy":"post_tag","embeddable":true,"href":"https:\/\/www.samskitchen.at\/index.php?rest_route=%2Fwp%2Fv2%2Ftags&post=3550"}],"curies":[{"name":"wp","href":"https:\/\/api.w.org\/{rel}","templated":true}]}}