{"id":3521,"date":"2018-08-26T10:21:04","date_gmt":"2018-08-26T08:21:04","guid":{"rendered":"http:\/\/www.samskitchen.at\/?p=3521"},"modified":"2018-08-26T11:11:49","modified_gmt":"2018-08-26T09:11:49","slug":"einkorn-roggen-mischbrot","status":"publish","type":"post","link":"https:\/\/www.samskitchen.at\/?p=3521","title":{"rendered":"Einkorn &#8211; Roggen (Mischbrot)"},"content":{"rendered":"<p>&nbsp;<\/p>\n<p><a href=\"http:\/\/www.samskitchen.at\/?attachment_id=3522\" rel=\"attachment wp-att-3522\"><img decoding=\"async\" loading=\"lazy\" class=\"alignnone size-full wp-image-3522\" src=\"http:\/\/www.samskitchen.at\/wp-content\/uploads\/2018\/08\/2018-08-24-15.47.48.jpg\" alt=\"\" width=\"1200\" height=\"900\" srcset=\"https:\/\/www.samskitchen.at\/wp-content\/uploads\/2018\/08\/2018-08-24-15.47.48.jpg 1200w, https:\/\/www.samskitchen.at\/wp-content\/uploads\/2018\/08\/2018-08-24-15.47.48-300x225.jpg 300w, https:\/\/www.samskitchen.at\/wp-content\/uploads\/2018\/08\/2018-08-24-15.47.48-768x576.jpg 768w, https:\/\/www.samskitchen.at\/wp-content\/uploads\/2018\/08\/2018-08-24-15.47.48-510x383.jpg 510w, https:\/\/www.samskitchen.at\/wp-content\/uploads\/2018\/08\/2018-08-24-15.47.48-125x94.jpg 125w\" sizes=\"(max-width: 1200px) 100vw, 1200px\" \/><\/a><\/p>\n<p>Einkorn &nbsp;ist eine der \u00e4ltesten domestizierten Getreidesorten und der Uhrahn alle Weizenarten. Weitgehend &nbsp;frei von Herbiziden und Kunstd\u00fcnger und das ist den Spelzen zu verdanken, die jedes Korn umschliessen. Es macht sie gegen Umweltbelastungen und Sch\u00e4dlinge resistenter und daher sind Schutzmittel kaum n\u00f6tig. &nbsp;Die Backeigenschaften sind &nbsp;etwas problematisch weil \u00e4hnlich wie beim Dinkel die Wasseraufnahme zu w\u00fcnschen \u00fcbrig l\u00e4sst. Aber das kann man mit einigen Tricks ausgleichen, so dass auch mit Einkorn ein wunderbares Ergebnis erzielt werden kann.&nbsp;<\/p>\n<p>Vor einiger Zeit hab ich ein reines Einkornbrot gebacken &#8211; wieder Erwarten ist es mir sehr gut gelungen, obwohl Einkorn nicht so leicht zu backen ist. Dieses Mal &nbsp;gibts einen Versuch mit einem 30% Roggenanteil und freigeschoben. Der gesamte Roggen wird als Vorteig &nbsp;vers\u00e4uert.&nbsp;<br \/>\nDer Teig liess sich sehr schwer verarbeiten, er klebte und baute kein wirkliches Kleberger\u00fcst auf. Mit der Teigspachtel und mit Hilfe von viel Mehl wurde er ins G\u00e4rk\u00f6rbchen verfrachtet. Uns siehe da &#8211; das Ergebnis \u00fcberraschte mich total. Herausgekommen ist ein wunderbar aromatisches leicht nussig schmeckendes Mischbrot mit einer sch\u00f6nen Krumenstrucktur. &nbsp;<\/p>\n<p><strong>Rezept f\u00fcr zwei Brote zu je ca. 1,2 KG<\/strong><\/p>\n<p>Sauerteig:<br \/>\n420 g Roggenmehl T960&nbsp;<br \/>\n360 g Wasser&nbsp;<br \/>\n50 g Anstellgut<br \/>\nTeigtemperatur ca. 25 Grad<br \/>\nReifezeit: ca. 15 Stunden bei Raumtemperatur<\/p>\n<p>Quellst\u00fcck:<br \/>\n300 g Einkornmehl (Vollkorn)<br \/>\n400 g Wasser (kochend)<br \/>\n30 g Salz<br \/>\nReifezeit ca. 4 Stunden&nbsp;<\/p>\n<p>Hauptteig:<br \/>\n830 g Sauerteig<br \/>\n730 g Quellst\u00fcck<br \/>\n620 g Einkornmehl (Vollkorn)<br \/>\n200 g Wasser 40 Grad<br \/>\n10 g Hefe (frisch)<\/p>\n<p>Alle Zutaten ca. 10 Minuten langsam mischen und dann noch ca. 5 Minuten schneller. Der Teig sollte sch\u00f6n glatt geknetet sein. Eventuell etwas Wasser zur\u00fcckbehalten und bei Bedarf &nbsp;Schluckweise nachsch\u00fctten. Der Teig wie sich nicht vom Schl\u00fcsselrand l\u00f6sen und recht klebrig sein.&nbsp;<br \/>\nDen Teig in eine gut ge\u00f6lte Sch\u00fcssel geben und ca. 90 Minuten bei Raumtemperatur gehen lassen. Einig Male mit einer Teigkarte den Teig von Au\u00dfen nach der Mitte falten. Danach wird der recht weiche Teig halbiert, &nbsp;ebenfalls mit der Teigkarte in Form gebracht und in ein gut bemehltes G\u00e4rk\u00f6rberl bef\u00f6rdert (Schluss nach unten). Nach einer Reifezeit von ca. 60 Minuten bei 260 Grad fallend auf 220 Grad mit Schwaden sch\u00f6n ausbacken (ca. 50 Minuten). Schwaden nach ca. 10 Minuten ablassen. Und nun kommt der schwierigste Teill &#8211; AUSK\u00dcHLEN lassen und dann erst anschneiden. Mahlzeit!<\/p>\n<p><a href=\"http:\/\/www.samskitchen.at\/?attachment_id=3528\" rel=\"attachment wp-att-3528\"><img decoding=\"async\" loading=\"lazy\" class=\"alignnone size-full wp-image-3528\" src=\"http:\/\/www.samskitchen.at\/wp-content\/uploads\/2018\/08\/2018-08-25-12.05.19.jpg\" alt=\"\" width=\"1500\" height=\"1125\" srcset=\"https:\/\/www.samskitchen.at\/wp-content\/uploads\/2018\/08\/2018-08-25-12.05.19.jpg 1500w, https:\/\/www.samskitchen.at\/wp-content\/uploads\/2018\/08\/2018-08-25-12.05.19-300x225.jpg 300w, https:\/\/www.samskitchen.at\/wp-content\/uploads\/2018\/08\/2018-08-25-12.05.19-768x576.jpg 768w, https:\/\/www.samskitchen.at\/wp-content\/uploads\/2018\/08\/2018-08-25-12.05.19-510x383.jpg 510w, https:\/\/www.samskitchen.at\/wp-content\/uploads\/2018\/08\/2018-08-25-12.05.19-125x94.jpg 125w\" sizes=\"(max-width: 1500px) 100vw, 1500px\" \/><\/a> <a href=\"http:\/\/www.samskitchen.at\/?attachment_id=3527\" rel=\"attachment wp-att-3527\"><img decoding=\"async\" loading=\"lazy\" class=\"alignnone size-full wp-image-3527\" src=\"http:\/\/www.samskitchen.at\/wp-content\/uploads\/2018\/08\/2018-08-25-12.05.15.jpg\" alt=\"\" width=\"1500\" height=\"1125\" srcset=\"https:\/\/www.samskitchen.at\/wp-content\/uploads\/2018\/08\/2018-08-25-12.05.15.jpg 1500w, https:\/\/www.samskitchen.at\/wp-content\/uploads\/2018\/08\/2018-08-25-12.05.15-300x225.jpg 300w, https:\/\/www.samskitchen.at\/wp-content\/uploads\/2018\/08\/2018-08-25-12.05.15-768x576.jpg 768w, https:\/\/www.samskitchen.at\/wp-content\/uploads\/2018\/08\/2018-08-25-12.05.15-510x383.jpg 510w, https:\/\/www.samskitchen.at\/wp-content\/uploads\/2018\/08\/2018-08-25-12.05.15-125x94.jpg 125w\" sizes=\"(max-width: 1500px) 100vw, 1500px\" \/><\/a> <a href=\"http:\/\/www.samskitchen.at\/?attachment_id=3526\" rel=\"attachment wp-att-3526\"><img decoding=\"async\" loading=\"lazy\" class=\"alignnone size-full wp-image-3526\" src=\"http:\/\/www.samskitchen.at\/wp-content\/uploads\/2018\/08\/2018-08-25-12.05.10.jpg\" alt=\"\" width=\"1500\" height=\"1125\" srcset=\"https:\/\/www.samskitchen.at\/wp-content\/uploads\/2018\/08\/2018-08-25-12.05.10.jpg 1500w, https:\/\/www.samskitchen.at\/wp-content\/uploads\/2018\/08\/2018-08-25-12.05.10-300x225.jpg 300w, https:\/\/www.samskitchen.at\/wp-content\/uploads\/2018\/08\/2018-08-25-12.05.10-768x576.jpg 768w, https:\/\/www.samskitchen.at\/wp-content\/uploads\/2018\/08\/2018-08-25-12.05.10-510x383.jpg 510w, https:\/\/www.samskitchen.at\/wp-content\/uploads\/2018\/08\/2018-08-25-12.05.10-125x94.jpg 125w\" sizes=\"(max-width: 1500px) 100vw, 1500px\" \/><\/a> <a href=\"http:\/\/www.samskitchen.at\/?attachment_id=3525\" rel=\"attachment wp-att-3525\"><img decoding=\"async\" loading=\"lazy\" class=\"alignnone size-full wp-image-3525\" src=\"http:\/\/www.samskitchen.at\/wp-content\/uploads\/2018\/08\/2018-08-25-12.05.07.jpg\" alt=\"\" width=\"1500\" height=\"900\" srcset=\"https:\/\/www.samskitchen.at\/wp-content\/uploads\/2018\/08\/2018-08-25-12.05.07.jpg 1500w, https:\/\/www.samskitchen.at\/wp-content\/uploads\/2018\/08\/2018-08-25-12.05.07-300x180.jpg 300w, https:\/\/www.samskitchen.at\/wp-content\/uploads\/2018\/08\/2018-08-25-12.05.07-768x461.jpg 768w, https:\/\/www.samskitchen.at\/wp-content\/uploads\/2018\/08\/2018-08-25-12.05.07-510x306.jpg 510w, https:\/\/www.samskitchen.at\/wp-content\/uploads\/2018\/08\/2018-08-25-12.05.07-125x75.jpg 125w\" sizes=\"(max-width: 1500px) 100vw, 1500px\" \/><\/a> <a href=\"http:\/\/www.samskitchen.at\/?attachment_id=3524\" rel=\"attachment wp-att-3524\"><img decoding=\"async\" loading=\"lazy\" class=\"alignnone size-full wp-image-3524\" src=\"http:\/\/www.samskitchen.at\/wp-content\/uploads\/2018\/08\/2018-08-24-16.19.28.jpg\" alt=\"\" width=\"1500\" height=\"968\" srcset=\"https:\/\/www.samskitchen.at\/wp-content\/uploads\/2018\/08\/2018-08-24-16.19.28.jpg 1500w, https:\/\/www.samskitchen.at\/wp-content\/uploads\/2018\/08\/2018-08-24-16.19.28-300x194.jpg 300w, https:\/\/www.samskitchen.at\/wp-content\/uploads\/2018\/08\/2018-08-24-16.19.28-768x496.jpg 768w, https:\/\/www.samskitchen.at\/wp-content\/uploads\/2018\/08\/2018-08-24-16.19.28-510x329.jpg 510w, https:\/\/www.samskitchen.at\/wp-content\/uploads\/2018\/08\/2018-08-24-16.19.28-125x81.jpg 125w\" sizes=\"(max-width: 1500px) 100vw, 1500px\" \/><\/a> <a href=\"http:\/\/www.samskitchen.at\/?attachment_id=3523\" rel=\"attachment wp-att-3523\"><img decoding=\"async\" loading=\"lazy\" class=\"alignnone size-full wp-image-3523\" src=\"http:\/\/www.samskitchen.at\/wp-content\/uploads\/2018\/08\/2018-08-24-16.19.25.jpg\" alt=\"\" width=\"1500\" height=\"867\" srcset=\"https:\/\/www.samskitchen.at\/wp-content\/uploads\/2018\/08\/2018-08-24-16.19.25.jpg 1500w, https:\/\/www.samskitchen.at\/wp-content\/uploads\/2018\/08\/2018-08-24-16.19.25-300x173.jpg 300w, https:\/\/www.samskitchen.at\/wp-content\/uploads\/2018\/08\/2018-08-24-16.19.25-768x444.jpg 768w, https:\/\/www.samskitchen.at\/wp-content\/uploads\/2018\/08\/2018-08-24-16.19.25-510x295.jpg 510w, https:\/\/www.samskitchen.at\/wp-content\/uploads\/2018\/08\/2018-08-24-16.19.25-125x72.jpg 125w\" sizes=\"(max-width: 1500px) 100vw, 1500px\" \/><\/a><\/p>\n<p>&nbsp;<\/p>\n","protected":false},"excerpt":{"rendered":"<p>&nbsp; Einkorn &nbsp;ist eine der \u00e4ltesten domestizierten Getreidesorten und der Uhrahn alle Weizenarten. Weitgehend &nbsp;frei von Herbiziden und Kunstd\u00fcnger und das ist den Spelzen zu verdanken, die jedes Korn umschliessen. Es macht sie gegen Umweltbelastungen und Sch\u00e4dlinge resistenter und daher sind Schutzmittel kaum n\u00f6tig. &nbsp;Die Backeigenschaften sind &nbsp;etwas problematisch weil \u00e4hnlich wie beim Dinkel die Wasseraufnahme zu w\u00fcnschen \u00fcbrig l\u00e4sst. &hellip;<\/p>\n","protected":false},"author":1,"featured_media":3522,"comment_status":"open","ping_status":"open","sticky":false,"template":"","format":"standard","meta":{"_mi_skip_tracking":false,"_exactmetrics_sitenote_active":false,"_exactmetrics_sitenote_note":"","_exactmetrics_sitenote_category":0,"ngg_post_thumbnail":0,"jetpack_post_was_ever_published":false,"_jetpack_newsletter_access":"","footnotes":"","jetpack_publicize_message":"","jetpack_is_tweetstorm":false,"jetpack_publicize_feature_enabled":true,"jetpack_social_post_already_shared":true,"jetpack_social_options":{"image_generator_settings":{"template":"highway","enabled":false}}},"categories":[2],"tags":[345,59,146,51,35],"jetpack_publicize_connections":[],"jetpack_featured_media_url":"https:\/\/www.samskitchen.at\/wp-content\/uploads\/2018\/08\/2018-08-24-15.47.48.jpg","jetpack_sharing_enabled":true,"jetpack_shortlink":"https:\/\/wp.me\/p41IW0-UN","_links":{"self":[{"href":"https:\/\/www.samskitchen.at\/index.php?rest_route=\/wp\/v2\/posts\/3521"}],"collection":[{"href":"https:\/\/www.samskitchen.at\/index.php?rest_route=\/wp\/v2\/posts"}],"about":[{"href":"https:\/\/www.samskitchen.at\/index.php?rest_route=\/wp\/v2\/types\/post"}],"author":[{"embeddable":true,"href":"https:\/\/www.samskitchen.at\/index.php?rest_route=\/wp\/v2\/users\/1"}],"replies":[{"embeddable":true,"href":"https:\/\/www.samskitchen.at\/index.php?rest_route=%2Fwp%2Fv2%2Fcomments&post=3521"}],"version-history":[{"count":3,"href":"https:\/\/www.samskitchen.at\/index.php?rest_route=\/wp\/v2\/posts\/3521\/revisions"}],"predecessor-version":[{"id":3532,"href":"https:\/\/www.samskitchen.at\/index.php?rest_route=\/wp\/v2\/posts\/3521\/revisions\/3532"}],"wp:featuredmedia":[{"embeddable":true,"href":"https:\/\/www.samskitchen.at\/index.php?rest_route=\/wp\/v2\/media\/3522"}],"wp:attachment":[{"href":"https:\/\/www.samskitchen.at\/index.php?rest_route=%2Fwp%2Fv2%2Fmedia&parent=3521"}],"wp:term":[{"taxonomy":"category","embeddable":true,"href":"https:\/\/www.samskitchen.at\/index.php?rest_route=%2Fwp%2Fv2%2Fcategories&post=3521"},{"taxonomy":"post_tag","embeddable":true,"href":"https:\/\/www.samskitchen.at\/index.php?rest_route=%2Fwp%2Fv2%2Ftags&post=3521"}],"curies":[{"name":"wp","href":"https:\/\/api.w.org\/{rel}","templated":true}]}}