{"id":351,"date":"2013-11-05T14:45:45","date_gmt":"2013-11-05T12:45:45","guid":{"rendered":"http:\/\/www.samskitchen.at\/?p=351"},"modified":"2013-11-08T07:15:45","modified_gmt":"2013-11-08T05:15:45","slug":"walnussbrot","status":"publish","type":"post","link":"https:\/\/www.samskitchen.at\/?p=351","title":{"rendered":"Walnussbrot"},"content":{"rendered":"<p><a href=\"http:\/\/www.samskitchen.at\/wp-content\/uploads\/2013\/11\/2013-11-05-09.39.51.jpg\"><img decoding=\"async\" loading=\"lazy\" class=\"alignnone size-medium wp-image-352\" alt=\"Walnussbrot aufgeschnitten\" src=\"http:\/\/www.samskitchen.at\/wp-content\/uploads\/2013\/11\/2013-11-05-09.39.51-300x246.jpg\" width=\"300\" height=\"246\" srcset=\"https:\/\/www.samskitchen.at\/wp-content\/uploads\/2013\/11\/2013-11-05-09.39.51-300x246.jpg 300w, https:\/\/www.samskitchen.at\/wp-content\/uploads\/2013\/11\/2013-11-05-09.39.51-510x419.jpg 510w, https:\/\/www.samskitchen.at\/wp-content\/uploads\/2013\/11\/2013-11-05-09.39.51-530x435.jpg 530w\" sizes=\"(max-width: 300px) 100vw, 300px\" \/><\/a><\/p>\n<p>Nachdem mich ein Bekannter um ein Rezept f\u00fcr ein Nussbrot gebeten hatte, dachte ich mir, ich versuch\u00b4s mal mit einer selbst gezimmerten Mixtur. Bei anderen Backwaren ist es mir auch schon gelungen. Einige Grundlagen sollte man aber schon beherzigen. Lutz Geislers \u201e<a href=\"http:\/\/www.brotbackbuch.de\">Brotbachbuch<\/a>\u201c war und ist mir bei solchen Versuchen eine gro\u00dfe Hilfe. Es sollte ein Mischbrot werden mit Roggensauerteig, nicht zu kleiner Poorung und einem w\u00fcrzigen kr\u00e4ftigen Geschmack. Auch wollte ich zwei verschieden Brote mit dem gleichen Teig backen. Eines mit Waln\u00fcssen, eins ohne N\u00fcsse.<\/p>\n<p><a href=\"http:\/\/www.samskitchen.at\/wp-content\/uploads\/2013\/11\/2013-11-05-12.44.38.jpg\"><img decoding=\"async\" loading=\"lazy\" class=\"alignnone size-medium wp-image-353\" alt=\"2013-11-05 12.44.38\" src=\"http:\/\/www.samskitchen.at\/wp-content\/uploads\/2013\/11\/2013-11-05-12.44.38-300x181.jpg\" width=\"300\" height=\"181\" srcset=\"https:\/\/www.samskitchen.at\/wp-content\/uploads\/2013\/11\/2013-11-05-12.44.38-300x181.jpg 300w, https:\/\/www.samskitchen.at\/wp-content\/uploads\/2013\/11\/2013-11-05-12.44.38-510x307.jpg 510w, https:\/\/www.samskitchen.at\/wp-content\/uploads\/2013\/11\/2013-11-05-12.44.38-530x320.jpg 530w\" sizes=\"(max-width: 300px) 100vw, 300px\" \/><\/a><\/p>\n<p><b>Rezept:\u00a0 <\/b>TA 165<b><\/b><\/p>\n<p><b>Vorteig:<br \/>\n<\/b>20 g RST (Roggenanstellgut)<br \/>\n150 g Roggenvollkornmehl<br \/>\n150 g Wasser<\/p>\n<p>Vorteigzutaten vermengen und ca. 12\u00a0 Stunden bei Raumtemperatur gehen lassen.<\/p>\n<p><b>Hauptteig:<br \/>\n<\/b>Vorteig (320 g)<br \/>\n250 g Weizenmehl W1600 (T1050)<br \/>\n250 g Weizenmehl W 700\u00a0 (T 550)<br \/>\n270 g Wasser<br \/>\n10 g Hefe<br \/>\n15 g Salz<br \/>\n18 g Schmalz<br \/>\n150 g ger\u00f6stete Waln\u00fcsse<\/p>\n<p>Alle Zutaten ca. 5 Minuten langsam kneten, dann nochmals 5 Minuten schneller, bis der Teig sich beginnt vom Sch\u00fcsselboden zu l\u00f6sen.<br \/>\nDen Teig in eine ge\u00f6lte Sch\u00fcssel geben und eine Stunde bei ca. 24 Grad gehen lassen. Einmal strecken und falten.<br \/>\nDann den Teig mit einer Teigkarte in zwei H\u00e4lften teilen. Die eine H\u00e4lfte mit den N\u00fcssen verkneten und rund wirken. Die\u00a0 andere H\u00e4lfte hab ich ohne N\u00fcsse gelassen, weil ich dachte, auch ohne N\u00fcsse muss dieses Brot gut schmecken. Nach einer Teigruhe von ca. 15 Minuten zu d\u00fcnnen ca. 30 cm langen Wecken wirken und im bemehlten B\u00e4ckerleinen 45 Minuten zur St\u00fcckgare stellen.<br \/>\nDas Nussbrot hab ich wie ein Baguette drei mal flach eingeschnitten. Das Andere in einer Sch\u00fcssel mit Roggenvollkornmehl wie ein Wurzelbrot verdreht.<\/p>\n<p>Backofen mit Backstein\u00a0 auf 250 Grad aufheizen. Mit viel Schwaden einschie\u00dfen und fallend auf 200 Grad ca 30 Minuten sch\u00f6n braun backen.<\/p>\n<p>Schwaden nach 10 Minuten ablassen (Ofent\u00fcr weit \u00f6ffnen). Auf einem Gitterrot ausk\u00fchlen lassen und genie\u00dfen.<\/p>\n<p><a href=\"http:\/\/www.samskitchen.at\/wp-content\/uploads\/2013\/11\/2013-11-05-09.37.29.jpg\"><img decoding=\"async\" loading=\"lazy\" class=\"alignnone size-medium wp-image-354\" alt=\"walnussbrot\" src=\"http:\/\/www.samskitchen.at\/wp-content\/uploads\/2013\/11\/2013-11-05-09.37.29-300x186.jpg\" width=\"300\" height=\"186\" srcset=\"https:\/\/www.samskitchen.at\/wp-content\/uploads\/2013\/11\/2013-11-05-09.37.29-300x186.jpg 300w, https:\/\/www.samskitchen.at\/wp-content\/uploads\/2013\/11\/2013-11-05-09.37.29-510x316.jpg 510w, https:\/\/www.samskitchen.at\/wp-content\/uploads\/2013\/11\/2013-11-05-09.37.29-530x329.jpg 530w\" sizes=\"(max-width: 300px) 100vw, 300px\" \/><\/a><\/p>\n<p style=\"text-align: center;\">Wie kommt ein frisch gebackenes Brot nach Australien?<br \/>\nAltbacken<\/p>\n","protected":false},"excerpt":{"rendered":"<p>Nachdem mich ein Bekannter um ein Rezept f\u00fcr ein Nussbrot gebeten hatte, dachte ich mir, ich versuch\u00b4s mal mit einer selbst gezimmerten Mixtur. Bei anderen Backwaren ist es mir auch schon gelungen. Einige Grundlagen sollte man aber schon beherzigen. Lutz Geislers \u201eBrotbachbuch\u201c war und ist mir bei solchen Versuchen eine gro\u00dfe Hilfe. Es sollte ein Mischbrot werden mit Roggensauerteig, nicht &hellip;<\/p>\n","protected":false},"author":1,"featured_media":354,"comment_status":"open","ping_status":"open","sticky":false,"template":"","format":"standard","meta":{"_mi_skip_tracking":false,"_exactmetrics_sitenote_active":false,"_exactmetrics_sitenote_note":"","_exactmetrics_sitenote_category":0,"ngg_post_thumbnail":0,"jetpack_post_was_ever_published":false,"_jetpack_newsletter_access":"","footnotes":"","jetpack_publicize_message":"","jetpack_is_tweetstorm":false,"jetpack_publicize_feature_enabled":true,"jetpack_social_post_already_shared":true,"jetpack_social_options":{"image_generator_settings":{"template":"highway","enabled":false}}},"categories":[2],"tags":[59,56,54,57,53,58],"jetpack_publicize_connections":[],"jetpack_featured_media_url":"https:\/\/www.samskitchen.at\/wp-content\/uploads\/2013\/11\/2013-11-05-09.37.29.jpg","jetpack_sharing_enabled":true,"jetpack_shortlink":"https:\/\/wp.me\/p41IW0-5F","_links":{"self":[{"href":"https:\/\/www.samskitchen.at\/index.php?rest_route=\/wp\/v2\/posts\/351"}],"collection":[{"href":"https:\/\/www.samskitchen.at\/index.php?rest_route=\/wp\/v2\/posts"}],"about":[{"href":"https:\/\/www.samskitchen.at\/index.php?rest_route=\/wp\/v2\/types\/post"}],"author":[{"embeddable":true,"href":"https:\/\/www.samskitchen.at\/index.php?rest_route=\/wp\/v2\/users\/1"}],"replies":[{"embeddable":true,"href":"https:\/\/www.samskitchen.at\/index.php?rest_route=%2Fwp%2Fv2%2Fcomments&post=351"}],"version-history":[{"count":5,"href":"https:\/\/www.samskitchen.at\/index.php?rest_route=\/wp\/v2\/posts\/351\/revisions"}],"predecessor-version":[{"id":377,"href":"https:\/\/www.samskitchen.at\/index.php?rest_route=\/wp\/v2\/posts\/351\/revisions\/377"}],"wp:featuredmedia":[{"embeddable":true,"href":"https:\/\/www.samskitchen.at\/index.php?rest_route=\/wp\/v2\/media\/354"}],"wp:attachment":[{"href":"https:\/\/www.samskitchen.at\/index.php?rest_route=%2Fwp%2Fv2%2Fmedia&parent=351"}],"wp:term":[{"taxonomy":"category","embeddable":true,"href":"https:\/\/www.samskitchen.at\/index.php?rest_route=%2Fwp%2Fv2%2Fcategories&post=351"},{"taxonomy":"post_tag","embeddable":true,"href":"https:\/\/www.samskitchen.at\/index.php?rest_route=%2Fwp%2Fv2%2Ftags&post=351"}],"curies":[{"name":"wp","href":"https:\/\/api.w.org\/{rel}","templated":true}]}}