{"id":3484,"date":"2018-06-22T10:14:36","date_gmt":"2018-06-22T08:14:36","guid":{"rendered":"http:\/\/www.samskitchen.at\/?p=3484"},"modified":"2018-06-22T10:14:36","modified_gmt":"2018-06-22T08:14:36","slug":"griechischer-gerstenzwieback-dakos-oder-%ce%bd%cf%84%ce%b1%ce%ba%ce%bf%cf%83","status":"publish","type":"post","link":"https:\/\/www.samskitchen.at\/?p=3484","title":{"rendered":"Griechischer Gerstenzwieback (Dakos oder \u039d\u03c4\u03b1\u03ba\u03bf\u03c3)"},"content":{"rendered":"<p class=\"western\"><a href=\"http:\/\/www.samskitchen.at\/?attachment_id=3501\" rel=\"attachment wp-att-3501\"><img decoding=\"async\" loading=\"lazy\" class=\"alignnone size-full wp-image-3501\" src=\"http:\/\/www.samskitchen.at\/wp-content\/uploads\/2018\/06\/2018-03-23-11.20.21-1.jpg\" alt=\"\" width=\"1200\" height=\"1016\" srcset=\"https:\/\/www.samskitchen.at\/wp-content\/uploads\/2018\/06\/2018-03-23-11.20.21-1.jpg 1200w, https:\/\/www.samskitchen.at\/wp-content\/uploads\/2018\/06\/2018-03-23-11.20.21-1-300x254.jpg 300w, https:\/\/www.samskitchen.at\/wp-content\/uploads\/2018\/06\/2018-03-23-11.20.21-1-768x650.jpg 768w, https:\/\/www.samskitchen.at\/wp-content\/uploads\/2018\/06\/2018-03-23-11.20.21-1-510x432.jpg 510w, https:\/\/www.samskitchen.at\/wp-content\/uploads\/2018\/06\/2018-03-23-11.20.21-1-118x100.jpg 118w\" sizes=\"(max-width: 1200px) 100vw, 1200px\" \/><\/a><\/p>\n<p class=\"western\"><span style=\"color: #222222;\"><span style=\"font-family: Arial, sans-serif;\"><span style=\"font-size: small;\"><b>Dakos oder \u039d\u03c4\u03b1\u03ba\u03bf\u03c3<\/b><\/span><\/span><\/span><span style=\"color: #222222;\"><span style=\"font-family: Arial, sans-serif;\"><span style=\"font-size: small;\">ist ein griechischer Gerstenzwieback der urspr\u00fcnglich aus Kreta kommt, er ist relativ hart und kann eigentlich nicht pur verzehrt werden ohne anschliessend eine Zahnarzt aufzusuchen. Deshalb wird dieser Zwieback mit einer Mischung aus klein zerst\u00fcckelten oder aufgeriebenen Tomaten, Feta (grischischer Schafk\u00e4se), Kr\u00e4uter, Kapern und Oliven serviert. Klingt relativ Simpel ist aber eine hervorragend schmeckende Vorspeise. <\/span><\/span><\/span><\/p>\n<p class=\"western\"><strong><span style=\"color: #222222;\"><span style=\"font-family: Arial, sans-serif;\"><span style=\"font-size: small;\"><b>Zutaten \/ Zubereitung<\/b><\/span><\/span><\/span><\/strong><\/p>\n<p class=\"western\"><strong><span style=\"color: #222222;\"><span style=\"font-family: Arial, sans-serif;\"><span style=\"font-size: small;\">Poosish:<br \/>\n<\/span><\/span><\/span><\/strong><span style=\"color: #222222;\"><span style=\"font-family: Arial, sans-serif;\"><span style=\"font-size: small;\">100 g Hartweizenmehl oder W550<\/span><\/span><\/span><span style=\"color: #222222;\"><span style=\"font-family: Arial, sans-serif;\"><span style=\"font-size: small;\"><br \/>\n100 g Wasser<br \/>\n1 g Frischhefe<\/span><\/span><\/span><\/p>\n<p class=\"western\"><span style=\"color: #222222;\"><span style=\"font-family: Arial, sans-serif;\"><span style=\"font-size: small;\">Alle Zutaten gut vermischen und ein bis zwei Stunden bei 24\u00b0C reifen lassen. <\/span><\/span><\/span><span style=\"font-family: Arial, sans-serif;\"><span style=\"font-size: small;\">Danach kann er bis zu 24 Stunden im K\u00fchlschrank bei 4\u00b0C gelagert werden.<\/span><\/span><\/p>\n<p class=\"western\"><span style=\"color: #222222;\"><span style=\"font-family: Arial, sans-serif;\"><span style=\"font-size: small;\"><strong>Hauptteig:<\/strong><br \/>\n201 g Poolish<br \/>\n400 g Gerstenmehl (Vollkorn)<br \/>\n100 g Hartweizenmehl oder W550<br \/>\n12 g Salz<br \/>\n12 g Honig<br \/>\n30 g Butter<br \/>\n4 g Hefe<br \/>\n60 g Lievito Madre oder Sauerteig<br \/>\n300 g Wasser ev. etwas mehr<\/span><\/span><\/span><\/p>\n<p class=\"western\"><span style=\"color: #222222;\"><span style=\"font-family: Arial, sans-serif;\"><span style=\"font-size: small;\">Alles miteinander Vermischen und 10 Minuten langsam kneten, anschliessend noch ca. 2-3 Minuten schnell. Kesselgare f\u00fcr 20-30 Minuten.<br \/>\nAnschliessend werden Teilst\u00fccke zu je 100g ausgewogen und rund geschliffen.<br \/>\nNach einer kurzen Ruhezeit von ca. 15 Minuten werden die rund geschliffenen Teiglinge flach gedr\u00fcckt und in der Mitte mit den Fingern ein Loch machen (wie bei Donuts). Auf ein mit Backpapier belegtes Blech legen und sch\u00f6n aufgehen (ca. 60 Minuten) lassen. Die L\u00f6cher nicht zu gross machen, sie sollten sich nach der St\u00fcckgare fast verschlossen haben.<br \/>\nDan Backofen auf ca. 220 Grad aufheizen und ohne oder nur mit wenig Schwaden 20 Minuten &nbsp;backen.&nbsp;<br \/>\nAusk\u00fchlen lassen und die Br\u00f6tchen in der Mitte auseinander schneiden und nochmals bei 150 \u2103 1-2 Stunden trocknen lassen.<br \/>\nBei trockener Lagerung ist dieser Zwieback einige Monate lang haltbar.<\/span><\/span><\/span><\/p>\n<p class=\"western\"><span style=\"color: #222222;\"><span style=\"font-family: Arial, sans-serif;\"><span style=\"font-size: small;\">Und nun kommen wir zur Verwendung ohne anschliessenden Zahnarztbesuch<\/span><\/span><\/span><\/p>\n<p class=\"western\"><strong><span style=\"color: #222222;\"><span style=\"font-family: Arial, sans-serif;\"><span style=\"font-size: small;\"><b>Dakos \u2013 Salat<\/b><\/span><\/span><\/span><\/strong><\/p>\n<p class=\"western\"><span style=\"color: #222222;\"><span style=\"font-family: Arial, sans-serif;\"><span style=\"font-size: small;\">4 St\u00fcck griechischen Gerstenzwieback <\/span><\/span><\/span><\/p>\n<p class=\"western\"><span style=\"color: #222222;\"><span style=\"font-family: Arial, sans-serif;\"><span style=\"font-size: small;\">300 g vollreife, fast \u00fcberreife Tomaten<\/span><\/span><\/span><\/p>\n<p class=\"western\"><span style=\"color: #222222;\"><span style=\"font-family: Arial, sans-serif;\"><span style=\"font-size: small;\">160 g Feta K\u00e4se<\/span><\/span><\/span><\/p>\n<p class=\"western\"><span style=\"color: #222222;\"><span style=\"font-family: Arial, sans-serif;\"><span style=\"font-size: small;\">Oliven\u00f6l<br \/>\nEssig (Weinessig)<br \/>\nOregano<\/span><\/span><\/span><\/p>\n<p class=\"western\"><span style=\"color: #222222;\"><span style=\"font-family: Arial, sans-serif;\"><span style=\"font-size: small;\">Kapern und gute Oliven (Kalamata)<br \/>\nSalat oder frische Kr\u00e4uter nach Belieben<\/span><\/span><\/span><\/p>\n<p class=\"western\"><span style=\"color: #222222;\"><span style=\"font-family: Arial, sans-serif;\"><span style=\"font-size: small;\">Die Paradeiser klein w\u00fcrfeln am besten in einem Teller aufschneiden, weil den Saft der Tomaten brauchen wir unbedingt. Die Dakos saugen ihn dann auf und werden so erst ohne Gefahr verzehrbar.&nbsp;<br \/>\nPro Person ein St\u00fcck Zwieback auf einen Teller legen und die gew\u00fcrfelten Paradeiser samt Fl\u00fcssigkeit darauf verteilen. Den Feta-K\u00e4se zerbr\u00f6seln und ebenfalls darauf geben. Mit Salz und Origano w\u00fcrzen und mit \u00d6l betr\u00e4ufeln. Wer will kann noch frische Kr\u00e4uter und Knoblauch dazugeben. Abschliessend noch mit Kapern und Oliven garnieren. Kurz durchziehen lassen damit der Dakos sch\u00f6n weich von der ganzen Fl\u00fcssigkeit wird, und geniessen! <\/span><\/span><\/span><\/p>\n<p class=\"western\"><span style=\"color: #222222;\"><span style=\"font-family: Arial, sans-serif;\"><span style=\"font-size: small;\">Guten Appetit<br \/>\n\u03ba\u03b1\u03bb\u03ae \u03cc\u03c1\u03b5\u03be\u03b7<\/span><\/span><\/span><\/p>\n<p class=\"western\"><span style=\"color: #222222;\"><span style=\"font-family: Arial, sans-serif;\"><span style=\"font-size: small;\">FAKTEN:<br \/>\nSchwierigkeitsgrad Einfach<br \/>\nGetreide Weizen \/ Gerste<br \/>\nTriebmittel Hefe \/ Livito Madre<br \/>\nZeit gesammt 5 Stunden<br \/>\nZeit am Backtag 5 Stunden<br \/>\nBackzeit 20 Minuten bei 220\u2103 und 1 bis 2 Stunden bei 150\u2103<br \/>\nSchwaden nein<\/span><\/span><\/span><\/p>\n<p><a href=\"http:\/\/www.samskitchen.at\/?attachment_id=3506\" rel=\"attachment wp-att-3506\"><img decoding=\"async\" loading=\"lazy\" class=\"alignnone size-full wp-image-3506\" src=\"http:\/\/www.samskitchen.at\/wp-content\/uploads\/2018\/06\/2018-03-22-11.46.22-1.jpg\" alt=\"\" width=\"1200\" height=\"900\" srcset=\"https:\/\/www.samskitchen.at\/wp-content\/uploads\/2018\/06\/2018-03-22-11.46.22-1.jpg 1200w, https:\/\/www.samskitchen.at\/wp-content\/uploads\/2018\/06\/2018-03-22-11.46.22-1-300x225.jpg 300w, https:\/\/www.samskitchen.at\/wp-content\/uploads\/2018\/06\/2018-03-22-11.46.22-1-768x576.jpg 768w, https:\/\/www.samskitchen.at\/wp-content\/uploads\/2018\/06\/2018-03-22-11.46.22-1-510x383.jpg 510w, https:\/\/www.samskitchen.at\/wp-content\/uploads\/2018\/06\/2018-03-22-11.46.22-1-125x94.jpg 125w\" sizes=\"(max-width: 1200px) 100vw, 1200px\" \/><\/a> <a href=\"http:\/\/www.samskitchen.at\/?attachment_id=3507\" rel=\"attachment wp-att-3507\"><img decoding=\"async\" loading=\"lazy\" class=\"alignnone size-full wp-image-3507\" src=\"http:\/\/www.samskitchen.at\/wp-content\/uploads\/2018\/06\/2018-03-22-11.35.16-1.jpg\" alt=\"\" width=\"1200\" height=\"900\" srcset=\"https:\/\/www.samskitchen.at\/wp-content\/uploads\/2018\/06\/2018-03-22-11.35.16-1.jpg 1200w, https:\/\/www.samskitchen.at\/wp-content\/uploads\/2018\/06\/2018-03-22-11.35.16-1-300x225.jpg 300w, https:\/\/www.samskitchen.at\/wp-content\/uploads\/2018\/06\/2018-03-22-11.35.16-1-768x576.jpg 768w, https:\/\/www.samskitchen.at\/wp-content\/uploads\/2018\/06\/2018-03-22-11.35.16-1-510x383.jpg 510w, https:\/\/www.samskitchen.at\/wp-content\/uploads\/2018\/06\/2018-03-22-11.35.16-1-125x94.jpg 125w\" sizes=\"(max-width: 1200px) 100vw, 1200px\" \/><\/a> <a href=\"http:\/\/www.samskitchen.at\/?attachment_id=3505\" rel=\"attachment wp-att-3505\"><img decoding=\"async\" loading=\"lazy\" class=\"alignnone size-full wp-image-3505\" src=\"http:\/\/www.samskitchen.at\/wp-content\/uploads\/2018\/06\/2018-03-22-11.46.27-1.jpg\" alt=\"\" width=\"1200\" height=\"900\" srcset=\"https:\/\/www.samskitchen.at\/wp-content\/uploads\/2018\/06\/2018-03-22-11.46.27-1.jpg 1200w, https:\/\/www.samskitchen.at\/wp-content\/uploads\/2018\/06\/2018-03-22-11.46.27-1-300x225.jpg 300w, https:\/\/www.samskitchen.at\/wp-content\/uploads\/2018\/06\/2018-03-22-11.46.27-1-768x576.jpg 768w, https:\/\/www.samskitchen.at\/wp-content\/uploads\/2018\/06\/2018-03-22-11.46.27-1-510x383.jpg 510w, https:\/\/www.samskitchen.at\/wp-content\/uploads\/2018\/06\/2018-03-22-11.46.27-1-125x94.jpg 125w\" sizes=\"(max-width: 1200px) 100vw, 1200px\" \/><\/a> <a href=\"http:\/\/www.samskitchen.at\/?attachment_id=3501\" rel=\"attachment wp-att-3501\"><img decoding=\"async\" loading=\"lazy\" class=\"alignnone size-full wp-image-3501\" src=\"http:\/\/www.samskitchen.at\/wp-content\/uploads\/2018\/06\/2018-03-23-11.20.21-1.jpg\" alt=\"\" width=\"1200\" height=\"1016\" srcset=\"https:\/\/www.samskitchen.at\/wp-content\/uploads\/2018\/06\/2018-03-23-11.20.21-1.jpg 1200w, https:\/\/www.samskitchen.at\/wp-content\/uploads\/2018\/06\/2018-03-23-11.20.21-1-300x254.jpg 300w, https:\/\/www.samskitchen.at\/wp-content\/uploads\/2018\/06\/2018-03-23-11.20.21-1-768x650.jpg 768w, https:\/\/www.samskitchen.at\/wp-content\/uploads\/2018\/06\/2018-03-23-11.20.21-1-510x432.jpg 510w, https:\/\/www.samskitchen.at\/wp-content\/uploads\/2018\/06\/2018-03-23-11.20.21-1-118x100.jpg 118w\" sizes=\"(max-width: 1200px) 100vw, 1200px\" \/><\/a> <a href=\"http:\/\/www.samskitchen.at\/?attachment_id=3504\" rel=\"attachment wp-att-3504\"><img decoding=\"async\" loading=\"lazy\" class=\"alignnone size-full wp-image-3504\" src=\"http:\/\/www.samskitchen.at\/wp-content\/uploads\/2018\/06\/2018-03-23-11.19.43-2.jpg\" alt=\"\" width=\"1200\" height=\"900\" srcset=\"https:\/\/www.samskitchen.at\/wp-content\/uploads\/2018\/06\/2018-03-23-11.19.43-2.jpg 1200w, https:\/\/www.samskitchen.at\/wp-content\/uploads\/2018\/06\/2018-03-23-11.19.43-2-300x225.jpg 300w, https:\/\/www.samskitchen.at\/wp-content\/uploads\/2018\/06\/2018-03-23-11.19.43-2-768x576.jpg 768w, https:\/\/www.samskitchen.at\/wp-content\/uploads\/2018\/06\/2018-03-23-11.19.43-2-510x383.jpg 510w, https:\/\/www.samskitchen.at\/wp-content\/uploads\/2018\/06\/2018-03-23-11.19.43-2-125x94.jpg 125w\" sizes=\"(max-width: 1200px) 100vw, 1200px\" \/><\/a> <a href=\"http:\/\/www.samskitchen.at\/?attachment_id=3502\" rel=\"attachment wp-att-3502\"><img decoding=\"async\" loading=\"lazy\" class=\"alignnone size-full wp-image-3502\" src=\"http:\/\/www.samskitchen.at\/wp-content\/uploads\/2018\/06\/2018-03-23-11.20.04-1.jpg\" alt=\"\" width=\"1200\" height=\"900\" srcset=\"https:\/\/www.samskitchen.at\/wp-content\/uploads\/2018\/06\/2018-03-23-11.20.04-1.jpg 1200w, https:\/\/www.samskitchen.at\/wp-content\/uploads\/2018\/06\/2018-03-23-11.20.04-1-300x225.jpg 300w, https:\/\/www.samskitchen.at\/wp-content\/uploads\/2018\/06\/2018-03-23-11.20.04-1-768x576.jpg 768w, https:\/\/www.samskitchen.at\/wp-content\/uploads\/2018\/06\/2018-03-23-11.20.04-1-510x383.jpg 510w, https:\/\/www.samskitchen.at\/wp-content\/uploads\/2018\/06\/2018-03-23-11.20.04-1-125x94.jpg 125w\" sizes=\"(max-width: 1200px) 100vw, 1200px\" \/><\/a> <a href=\"http:\/\/www.samskitchen.at\/?attachment_id=3500\" rel=\"attachment wp-att-3500\"><img decoding=\"async\" loading=\"lazy\" class=\"alignnone size-full wp-image-3500\" src=\"http:\/\/www.samskitchen.at\/wp-content\/uploads\/2018\/06\/2018-03-23-11.21.15-1.jpg\" alt=\"\" width=\"960\" height=\"786\" srcset=\"https:\/\/www.samskitchen.at\/wp-content\/uploads\/2018\/06\/2018-03-23-11.21.15-1.jpg 960w, https:\/\/www.samskitchen.at\/wp-content\/uploads\/2018\/06\/2018-03-23-11.21.15-1-300x246.jpg 300w, https:\/\/www.samskitchen.at\/wp-content\/uploads\/2018\/06\/2018-03-23-11.21.15-1-768x629.jpg 768w, https:\/\/www.samskitchen.at\/wp-content\/uploads\/2018\/06\/2018-03-23-11.21.15-1-510x418.jpg 510w, https:\/\/www.samskitchen.at\/wp-content\/uploads\/2018\/06\/2018-03-23-11.21.15-1-122x100.jpg 122w\" sizes=\"(max-width: 960px) 100vw, 960px\" \/><\/a><\/p>\n<p>&nbsp;<\/p>\n","protected":false},"excerpt":{"rendered":"<p>Dakos oder \u039d\u03c4\u03b1\u03ba\u03bf\u03c3ist ein griechischer Gerstenzwieback der urspr\u00fcnglich aus Kreta kommt, er ist relativ hart und kann eigentlich nicht pur verzehrt werden ohne anschliessend eine Zahnarzt aufzusuchen. Deshalb wird dieser Zwieback mit einer Mischung aus klein zerst\u00fcckelten oder aufgeriebenen Tomaten, Feta (grischischer Schafk\u00e4se), Kr\u00e4uter, Kapern und Oliven serviert. Klingt relativ Simpel ist aber eine hervorragend schmeckende Vorspeise. Zutaten \/ Zubereitung &hellip;<\/p>\n","protected":false},"author":1,"featured_media":3501,"comment_status":"open","ping_status":"open","sticky":false,"template":"","format":"standard","meta":{"_mi_skip_tracking":false,"_exactmetrics_sitenote_active":false,"_exactmetrics_sitenote_note":"","_exactmetrics_sitenote_category":0,"ngg_post_thumbnail":0,"jetpack_post_was_ever_published":false,"_jetpack_newsletter_access":"","footnotes":"","jetpack_publicize_message":"","jetpack_is_tweetstorm":false,"jetpack_publicize_feature_enabled":true,"jetpack_social_post_already_shared":true,"jetpack_social_options":{"image_generator_settings":{"template":"highway","enabled":false}}},"categories":[2],"tags":[352,338],"jetpack_publicize_connections":[],"jetpack_featured_media_url":"https:\/\/www.samskitchen.at\/wp-content\/uploads\/2018\/06\/2018-03-23-11.20.21-1.jpg","jetpack_sharing_enabled":true,"jetpack_shortlink":"https:\/\/wp.me\/p41IW0-Uc","_links":{"self":[{"href":"https:\/\/www.samskitchen.at\/index.php?rest_route=\/wp\/v2\/posts\/3484"}],"collection":[{"href":"https:\/\/www.samskitchen.at\/index.php?rest_route=\/wp\/v2\/posts"}],"about":[{"href":"https:\/\/www.samskitchen.at\/index.php?rest_route=\/wp\/v2\/types\/post"}],"author":[{"embeddable":true,"href":"https:\/\/www.samskitchen.at\/index.php?rest_route=\/wp\/v2\/users\/1"}],"replies":[{"embeddable":true,"href":"https:\/\/www.samskitchen.at\/index.php?rest_route=%2Fwp%2Fv2%2Fcomments&post=3484"}],"version-history":[{"count":2,"href":"https:\/\/www.samskitchen.at\/index.php?rest_route=\/wp\/v2\/posts\/3484\/revisions"}],"predecessor-version":[{"id":3508,"href":"https:\/\/www.samskitchen.at\/index.php?rest_route=\/wp\/v2\/posts\/3484\/revisions\/3508"}],"wp:featuredmedia":[{"embeddable":true,"href":"https:\/\/www.samskitchen.at\/index.php?rest_route=\/wp\/v2\/media\/3501"}],"wp:attachment":[{"href":"https:\/\/www.samskitchen.at\/index.php?rest_route=%2Fwp%2Fv2%2Fmedia&parent=3484"}],"wp:term":[{"taxonomy":"category","embeddable":true,"href":"https:\/\/www.samskitchen.at\/index.php?rest_route=%2Fwp%2Fv2%2Fcategories&post=3484"},{"taxonomy":"post_tag","embeddable":true,"href":"https:\/\/www.samskitchen.at\/index.php?rest_route=%2Fwp%2Fv2%2Ftags&post=3484"}],"curies":[{"name":"wp","href":"https:\/\/api.w.org\/{rel}","templated":true}]}}