{"id":3480,"date":"2018-06-23T09:47:21","date_gmt":"2018-06-23T07:47:21","guid":{"rendered":"http:\/\/www.samskitchen.at\/?p=3480"},"modified":"2018-06-23T09:47:21","modified_gmt":"2018-06-23T07:47:21","slug":"schnelles-fladenbrot","status":"publish","type":"post","link":"https:\/\/www.samskitchen.at\/?p=3480","title":{"rendered":"Schnelles Fladenbrot"},"content":{"rendered":"<p><a href=\"http:\/\/www.samskitchen.at\/?attachment_id=3511\" rel=\"attachment wp-att-3511\"><img decoding=\"async\" loading=\"lazy\" class=\"alignnone size-full wp-image-3511\" src=\"http:\/\/www.samskitchen.at\/wp-content\/uploads\/2018\/06\/2018-06-21-17.30.01.jpg\" alt=\"\" width=\"1200\" height=\"900\" srcset=\"https:\/\/www.samskitchen.at\/wp-content\/uploads\/2018\/06\/2018-06-21-17.30.01.jpg 1200w, https:\/\/www.samskitchen.at\/wp-content\/uploads\/2018\/06\/2018-06-21-17.30.01-300x225.jpg 300w, https:\/\/www.samskitchen.at\/wp-content\/uploads\/2018\/06\/2018-06-21-17.30.01-768x576.jpg 768w, https:\/\/www.samskitchen.at\/wp-content\/uploads\/2018\/06\/2018-06-21-17.30.01-510x383.jpg 510w, https:\/\/www.samskitchen.at\/wp-content\/uploads\/2018\/06\/2018-06-21-17.30.01-125x94.jpg 125w\" sizes=\"(max-width: 1200px) 100vw, 1200px\" \/><\/a><\/p>\n<p>Oft einmal muss es schnell gehen &#8211; so auch heute! Das sch\u00f6nste Wetter dass mann sich nur vorstellen kann &#8211; so um die 30 Grad im Schatten. Also ist Freiluftk\u00fcche angesagt. Zur Abwechslung gibt wieder einmal was aus der Tajine. <a href=\"http:\/\/www.samskitchen.at\/?p=3397\">Marokkanische Fleischb\u00e4llchen<\/a>. Und was passt da am besten dazu? Fladenbrot- richtig. Aber heute fehlt mir die wichtigste Zutat &#8211; ZEIT. Dann machen wir es heute Ausnahmsweise mit einer schnellen Variante.<\/p>\n<p>Hauptteig:<\/p>\n<p>600 g Tipo 0 oder W700<br \/>\n300 g semola di grano duro rimacinata<br \/>\n100 g W 1600<br \/>\n1 EL Oliven\u00f6l<br \/>\n22 g Salz<br \/>\n100 g LM<br \/>\n750 g Wasser&nbsp;<br \/>\n10 g Hefe (frisch)<\/p>\n<p>Alle Zutaten bis aufs \u00d6l &nbsp;kneten bis sich der Teig von der Knetsch\u00fcssel zu l\u00f6sen beginnt, dann das \u00d6l zugeben und Weiterkneten bis sich der Teig vollst\u00e4ndig von der Sch\u00fcssel getrennt hat. In die ge\u00f6lte Wanne geben und ca. 2 Stunden bei Raumtemperatur gehen lassen. W\u00e4hrend der Teigruhe, drei Mal stecken und falten. Dann kommt der Teig in den K\u00fchlschrank bei ca 5 Grad und wartet dort auf die Weiterverarbeitung. Nach ca. vier Stunden im K\u00fchlschrank den Teig herausnehmen, in ca 6-8 Teile teilen, rund schleifen und 15 Minuten entspannen lassen. Nach der Ruhrphase die Teiglinge mit der Hand oder einem Nudelholz zu runden Fladen ausziehen oder ausrollen und ein Muster eindr\u00fccken. mit Wasser bespr\u00fchen und mit Sesam &nbsp;bestreuen. Nicht vergessen den Backofen auf ca. 280 Grad vorzuheizen. Die Fladen werden dann nacheinander eingeschossen und sch\u00f6n Goldgelb mit Schwaden ausgebacken. Ausk\u00fchlen lassen und geniessen.&nbsp;<\/p>\n<p><a href=\"http:\/\/www.samskitchen.at\/?attachment_id=3510\" rel=\"attachment wp-att-3510\"><img decoding=\"async\" loading=\"lazy\" class=\"alignnone size-full wp-image-3510\" src=\"http:\/\/www.samskitchen.at\/wp-content\/uploads\/2018\/06\/2018-06-21-16.23.46.jpg\" alt=\"\" width=\"1200\" height=\"675\" srcset=\"https:\/\/www.samskitchen.at\/wp-content\/uploads\/2018\/06\/2018-06-21-16.23.46.jpg 1200w, https:\/\/www.samskitchen.at\/wp-content\/uploads\/2018\/06\/2018-06-21-16.23.46-300x169.jpg 300w, https:\/\/www.samskitchen.at\/wp-content\/uploads\/2018\/06\/2018-06-21-16.23.46-768x432.jpg 768w, https:\/\/www.samskitchen.at\/wp-content\/uploads\/2018\/06\/2018-06-21-16.23.46-510x287.jpg 510w, https:\/\/www.samskitchen.at\/wp-content\/uploads\/2018\/06\/2018-06-21-16.23.46-125x70.jpg 125w\" sizes=\"(max-width: 1200px) 100vw, 1200px\" \/><\/a> <a href=\"http:\/\/www.samskitchen.at\/?attachment_id=3512\" rel=\"attachment wp-att-3512\"><img decoding=\"async\" loading=\"lazy\" class=\"alignnone size-full wp-image-3512\" src=\"http:\/\/www.samskitchen.at\/wp-content\/uploads\/2018\/06\/2018-06-21-17.30.04.jpg\" alt=\"\" width=\"4032\" height=\"3024\" srcset=\"https:\/\/www.samskitchen.at\/wp-content\/uploads\/2018\/06\/2018-06-21-17.30.04.jpg 4032w, https:\/\/www.samskitchen.at\/wp-content\/uploads\/2018\/06\/2018-06-21-17.30.04-300x225.jpg 300w, https:\/\/www.samskitchen.at\/wp-content\/uploads\/2018\/06\/2018-06-21-17.30.04-768x576.jpg 768w, https:\/\/www.samskitchen.at\/wp-content\/uploads\/2018\/06\/2018-06-21-17.30.04-510x383.jpg 510w, https:\/\/www.samskitchen.at\/wp-content\/uploads\/2018\/06\/2018-06-21-17.30.04-125x94.jpg 125w\" sizes=\"(max-width: 4032px) 100vw, 4032px\" \/><\/a> <a href=\"http:\/\/www.samskitchen.at\/?attachment_id=3513\" rel=\"attachment wp-att-3513\"><img decoding=\"async\" loading=\"lazy\" class=\"alignnone size-full wp-image-3513\" src=\"http:\/\/www.samskitchen.at\/wp-content\/uploads\/2018\/06\/2018-06-21-17.30.08.jpg\" alt=\"\" width=\"1200\" height=\"900\" srcset=\"https:\/\/www.samskitchen.at\/wp-content\/uploads\/2018\/06\/2018-06-21-17.30.08.jpg 1200w, https:\/\/www.samskitchen.at\/wp-content\/uploads\/2018\/06\/2018-06-21-17.30.08-300x225.jpg 300w, https:\/\/www.samskitchen.at\/wp-content\/uploads\/2018\/06\/2018-06-21-17.30.08-768x576.jpg 768w, https:\/\/www.samskitchen.at\/wp-content\/uploads\/2018\/06\/2018-06-21-17.30.08-510x383.jpg 510w, https:\/\/www.samskitchen.at\/wp-content\/uploads\/2018\/06\/2018-06-21-17.30.08-125x94.jpg 125w\" sizes=\"(max-width: 1200px) 100vw, 1200px\" \/><\/a> <a href=\"http:\/\/www.samskitchen.at\/?attachment_id=3514\" rel=\"attachment wp-att-3514\"><img decoding=\"async\" loading=\"lazy\" class=\"alignnone size-full wp-image-3514\" src=\"http:\/\/www.samskitchen.at\/wp-content\/uploads\/2018\/06\/2018-06-21-19.30.13.jpg\" alt=\"\" width=\"1200\" height=\"900\" srcset=\"https:\/\/www.samskitchen.at\/wp-content\/uploads\/2018\/06\/2018-06-21-19.30.13.jpg 1200w, https:\/\/www.samskitchen.at\/wp-content\/uploads\/2018\/06\/2018-06-21-19.30.13-300x225.jpg 300w, https:\/\/www.samskitchen.at\/wp-content\/uploads\/2018\/06\/2018-06-21-19.30.13-768x576.jpg 768w, https:\/\/www.samskitchen.at\/wp-content\/uploads\/2018\/06\/2018-06-21-19.30.13-510x383.jpg 510w, https:\/\/www.samskitchen.at\/wp-content\/uploads\/2018\/06\/2018-06-21-19.30.13-125x94.jpg 125w\" sizes=\"(max-width: 1200px) 100vw, 1200px\" \/><\/a> <a href=\"http:\/\/www.samskitchen.at\/?attachment_id=3515\" rel=\"attachment wp-att-3515\"><img decoding=\"async\" loading=\"lazy\" class=\"alignnone size-full wp-image-3515\" src=\"http:\/\/www.samskitchen.at\/wp-content\/uploads\/2018\/06\/2018-06-21-19.30.25.jpg\" alt=\"\" width=\"1200\" height=\"900\" srcset=\"https:\/\/www.samskitchen.at\/wp-content\/uploads\/2018\/06\/2018-06-21-19.30.25.jpg 1200w, https:\/\/www.samskitchen.at\/wp-content\/uploads\/2018\/06\/2018-06-21-19.30.25-300x225.jpg 300w, https:\/\/www.samskitchen.at\/wp-content\/uploads\/2018\/06\/2018-06-21-19.30.25-768x576.jpg 768w, https:\/\/www.samskitchen.at\/wp-content\/uploads\/2018\/06\/2018-06-21-19.30.25-510x383.jpg 510w, https:\/\/www.samskitchen.at\/wp-content\/uploads\/2018\/06\/2018-06-21-19.30.25-125x94.jpg 125w\" sizes=\"(max-width: 1200px) 100vw, 1200px\" \/><\/a><\/p>\n<p>&nbsp;<\/p>\n","protected":false},"excerpt":{"rendered":"<p>Oft einmal muss es schnell gehen &#8211; so auch heute! Das sch\u00f6nste Wetter dass mann sich nur vorstellen kann &#8211; so um die 30 Grad im Schatten. Also ist Freiluftk\u00fcche angesagt. Zur Abwechslung gibt wieder einmal was aus der Tajine. Marokkanische Fleischb\u00e4llchen. Und was passt da am besten dazu? Fladenbrot- richtig. Aber heute fehlt mir die wichtigste Zutat &#8211; ZEIT. &hellip;<\/p>\n","protected":false},"author":1,"featured_media":3511,"comment_status":"open","ping_status":"open","sticky":false,"template":"","format":"standard","meta":{"_mi_skip_tracking":false,"_exactmetrics_sitenote_active":false,"_exactmetrics_sitenote_note":"","_exactmetrics_sitenote_category":0,"ngg_post_thumbnail":0,"jetpack_post_was_ever_published":false,"_jetpack_newsletter_access":"","footnotes":"","jetpack_publicize_message":"","jetpack_is_tweetstorm":false,"jetpack_publicize_feature_enabled":true,"jetpack_social_post_already_shared":true,"jetpack_social_options":{"image_generator_settings":{"template":"highway","enabled":false}}},"categories":[2],"tags":[353,111,354],"jetpack_publicize_connections":[],"jetpack_featured_media_url":"https:\/\/www.samskitchen.at\/wp-content\/uploads\/2018\/06\/2018-06-21-17.30.01.jpg","jetpack_sharing_enabled":true,"jetpack_shortlink":"https:\/\/wp.me\/p41IW0-U8","_links":{"self":[{"href":"https:\/\/www.samskitchen.at\/index.php?rest_route=\/wp\/v2\/posts\/3480"}],"collection":[{"href":"https:\/\/www.samskitchen.at\/index.php?rest_route=\/wp\/v2\/posts"}],"about":[{"href":"https:\/\/www.samskitchen.at\/index.php?rest_route=\/wp\/v2\/types\/post"}],"author":[{"embeddable":true,"href":"https:\/\/www.samskitchen.at\/index.php?rest_route=\/wp\/v2\/users\/1"}],"replies":[{"embeddable":true,"href":"https:\/\/www.samskitchen.at\/index.php?rest_route=%2Fwp%2Fv2%2Fcomments&post=3480"}],"version-history":[{"count":3,"href":"https:\/\/www.samskitchen.at\/index.php?rest_route=\/wp\/v2\/posts\/3480\/revisions"}],"predecessor-version":[{"id":3518,"href":"https:\/\/www.samskitchen.at\/index.php?rest_route=\/wp\/v2\/posts\/3480\/revisions\/3518"}],"wp:featuredmedia":[{"embeddable":true,"href":"https:\/\/www.samskitchen.at\/index.php?rest_route=\/wp\/v2\/media\/3511"}],"wp:attachment":[{"href":"https:\/\/www.samskitchen.at\/index.php?rest_route=%2Fwp%2Fv2%2Fmedia&parent=3480"}],"wp:term":[{"taxonomy":"category","embeddable":true,"href":"https:\/\/www.samskitchen.at\/index.php?rest_route=%2Fwp%2Fv2%2Fcategories&post=3480"},{"taxonomy":"post_tag","embeddable":true,"href":"https:\/\/www.samskitchen.at\/index.php?rest_route=%2Fwp%2Fv2%2Ftags&post=3480"}],"curies":[{"name":"wp","href":"https:\/\/api.w.org\/{rel}","templated":true}]}}