{"id":3468,"date":"2018-05-17T15:47:38","date_gmt":"2018-05-17T13:47:38","guid":{"rendered":"http:\/\/www.samskitchen.at\/?p=3468"},"modified":"2018-05-17T15:47:38","modified_gmt":"2018-05-17T13:47:38","slug":"flacher-laib","status":"publish","type":"post","link":"https:\/\/www.samskitchen.at\/?p=3468","title":{"rendered":"Flacher Laib"},"content":{"rendered":"<p><a href=\"http:\/\/www.samskitchen.at\/?attachment_id=3470\" rel=\"attachment wp-att-3470\"><img decoding=\"async\" loading=\"lazy\" class=\"alignnone size-full wp-image-3470\" src=\"http:\/\/www.samskitchen.at\/wp-content\/uploads\/2018\/05\/2018-05-16-07.50.38.jpg\" alt=\"\" width=\"893\" height=\"800\" srcset=\"https:\/\/www.samskitchen.at\/wp-content\/uploads\/2018\/05\/2018-05-16-07.50.38.jpg 893w, https:\/\/www.samskitchen.at\/wp-content\/uploads\/2018\/05\/2018-05-16-07.50.38-300x269.jpg 300w, https:\/\/www.samskitchen.at\/wp-content\/uploads\/2018\/05\/2018-05-16-07.50.38-768x688.jpg 768w, https:\/\/www.samskitchen.at\/wp-content\/uploads\/2018\/05\/2018-05-16-07.50.38-510x457.jpg 510w, https:\/\/www.samskitchen.at\/wp-content\/uploads\/2018\/05\/2018-05-16-07.50.38-112x100.jpg 112w\" sizes=\"(max-width: 893px) 100vw, 893px\" \/><\/a>Warum der Titel &#8222;Flacher Laib&#8220; ?<\/p>\n<p>Bei uns in Klagenfurt gibt es einen B\u00e4cker, der hat ein Natursauerteigbrot &nbsp;mit eben dieser Bezeichnung &#8211; flach &#8211; fast wie ein Fladen nur ca. 6 cm St\u00e4rke. Aber ein Traum von einem Brot, wie man es halt von einem Roggenbrot gewohnt ist. &nbsp;Mein Brot ist eine Anlehnung an diesen flachen Laib. Da ich noch einiges an Vollkornmehlen zu verbrauchen hatte, gibts so eine Mischung aus verschiedenen Getreidesorten. Da ich ein Liebhaber von grossen Broten bin hab ich eins mit ca. 1,8 KG gebacken &#8211; wer es lieber kleiner hat, kann zwei Brote aus der gleichen Menge Teig machen.<\/p>\n<p>Rezept f\u00fcr ein Teiggewicht von 1800g (2 Stk\/ 900g):<\/p>\n<p>1. Sauerteigstufe:<\/p>\n<p>80g Anstellgut<br \/>\n90g Wasser<br \/>\n130g Roggenmehl \/ Vollkorn&nbsp;<br \/>\nT 25\u00b0C RZ: 15-24 Stunden<\/p>\n<p>2. Sauerteigstufe<\/p>\n<p>300g 1.Sauerteigstufe<br \/>\n305g Wasser<br \/>\n265g Roggenmehl \/ Vollkorn<br \/>\nTT 30\u00b0C RZ: 3 Stunden<\/p>\n<p>Hauptteig:<\/p>\n<p>870g Sauerteig&nbsp;<br \/>\n200g Waldstaudenroggen (Vollkorn)<br \/>\n200g Khorasan Weizen (Vollkorn)<br \/>\n200g Weizen T1600<br \/>\n340g Wasser (etwas Wasser zur\u00fcckbehalten und nach Bedarf w\u00e4hrend des Knetens dazugeben)<br \/>\n22g Meersalz<br \/>\n10g Hefe (wer einen sehr aktiven Sauerteig hat, kann die Hefe ganz oder Teilweise weglassen)<\/p>\n<p>Alle Zutaten 7 Minuten am langsamen Gang Mischen und kurz vor Ende etwa 30 Sekunden schnell laufen lassen. Nach einer kurzen Reifezeit von 30 Minuten den Teig teilen und zu runden Laiben formen. Da der Teig relativ weich ist, geht dies am Besten mit einer grossen Teigkarte.<\/p>\n<p>Mit dem Schluss nach unten in einen G\u00e4rkorb legen und ca. eine Stunde sch\u00f6n aufgehen lassen. Auf der Oberfl\u00e4che sollten sich schon breite Risse gebildet haben. Auf eine Backschaufel st\u00fcrzen und &nbsp;bei 270\u00b0C mit etwas verz\u00f6gerter Schwadengabe in den Ofen schieben. Ofen erst nach 10 Minuten auf 200\u00b0C zur\u00fcckschalten und r\u00f6sch ausbacken. Gebacken werden die Roggenlaibe etwa 50-55 Minuten.&nbsp;<\/p>\n<p><a href=\"http:\/\/www.samskitchen.at\/?attachment_id=3472\" rel=\"attachment wp-att-3472\"><img decoding=\"async\" loading=\"lazy\" class=\"alignnone size-full wp-image-3472\" src=\"http:\/\/www.samskitchen.at\/wp-content\/uploads\/2018\/05\/Foto-16.05.18-07-50-45.jpg\" alt=\"\" width=\"1200\" height=\"900\" srcset=\"https:\/\/www.samskitchen.at\/wp-content\/uploads\/2018\/05\/Foto-16.05.18-07-50-45.jpg 1200w, https:\/\/www.samskitchen.at\/wp-content\/uploads\/2018\/05\/Foto-16.05.18-07-50-45-300x225.jpg 300w, https:\/\/www.samskitchen.at\/wp-content\/uploads\/2018\/05\/Foto-16.05.18-07-50-45-768x576.jpg 768w, https:\/\/www.samskitchen.at\/wp-content\/uploads\/2018\/05\/Foto-16.05.18-07-50-45-510x383.jpg 510w, https:\/\/www.samskitchen.at\/wp-content\/uploads\/2018\/05\/Foto-16.05.18-07-50-45-125x94.jpg 125w\" sizes=\"(max-width: 1200px) 100vw, 1200px\" \/><\/a> <a href=\"http:\/\/www.samskitchen.at\/?attachment_id=3473\" rel=\"attachment wp-att-3473\"><img decoding=\"async\" loading=\"lazy\" class=\"alignnone size-full wp-image-3473\" src=\"http:\/\/www.samskitchen.at\/wp-content\/uploads\/2018\/05\/Foto-16.05.18-07-50-48.jpg\" alt=\"\" width=\"1200\" height=\"900\" srcset=\"https:\/\/www.samskitchen.at\/wp-content\/uploads\/2018\/05\/Foto-16.05.18-07-50-48.jpg 1200w, https:\/\/www.samskitchen.at\/wp-content\/uploads\/2018\/05\/Foto-16.05.18-07-50-48-300x225.jpg 300w, https:\/\/www.samskitchen.at\/wp-content\/uploads\/2018\/05\/Foto-16.05.18-07-50-48-768x576.jpg 768w, https:\/\/www.samskitchen.at\/wp-content\/uploads\/2018\/05\/Foto-16.05.18-07-50-48-510x383.jpg 510w, https:\/\/www.samskitchen.at\/wp-content\/uploads\/2018\/05\/Foto-16.05.18-07-50-48-125x94.jpg 125w\" sizes=\"(max-width: 1200px) 100vw, 1200px\" \/><\/a> <a href=\"http:\/\/www.samskitchen.at\/?attachment_id=3474\" rel=\"attachment wp-att-3474\"><img decoding=\"async\" loading=\"lazy\" class=\"alignnone size-full wp-image-3474\" src=\"http:\/\/www.samskitchen.at\/wp-content\/uploads\/2018\/05\/Foto-16.05.18-07-55-34.jpg\" alt=\"\" width=\"1200\" height=\"759\" srcset=\"https:\/\/www.samskitchen.at\/wp-content\/uploads\/2018\/05\/Foto-16.05.18-07-55-34.jpg 1200w, https:\/\/www.samskitchen.at\/wp-content\/uploads\/2018\/05\/Foto-16.05.18-07-55-34-300x190.jpg 300w, https:\/\/www.samskitchen.at\/wp-content\/uploads\/2018\/05\/Foto-16.05.18-07-55-34-768x486.jpg 768w, https:\/\/www.samskitchen.at\/wp-content\/uploads\/2018\/05\/Foto-16.05.18-07-55-34-510x323.jpg 510w, https:\/\/www.samskitchen.at\/wp-content\/uploads\/2018\/05\/Foto-16.05.18-07-55-34-125x79.jpg 125w\" sizes=\"(max-width: 1200px) 100vw, 1200px\" \/><\/a> <a href=\"http:\/\/www.samskitchen.at\/?attachment_id=3475\" rel=\"attachment wp-att-3475\"><img decoding=\"async\" loading=\"lazy\" class=\"alignnone size-full wp-image-3475\" src=\"http:\/\/www.samskitchen.at\/wp-content\/uploads\/2018\/05\/Foto-16.05.18-07-55-44.jpg\" alt=\"\" width=\"1138\" height=\"748\" srcset=\"https:\/\/www.samskitchen.at\/wp-content\/uploads\/2018\/05\/Foto-16.05.18-07-55-44.jpg 1138w, https:\/\/www.samskitchen.at\/wp-content\/uploads\/2018\/05\/Foto-16.05.18-07-55-44-300x197.jpg 300w, https:\/\/www.samskitchen.at\/wp-content\/uploads\/2018\/05\/Foto-16.05.18-07-55-44-768x505.jpg 768w, https:\/\/www.samskitchen.at\/wp-content\/uploads\/2018\/05\/Foto-16.05.18-07-55-44-510x335.jpg 510w, https:\/\/www.samskitchen.at\/wp-content\/uploads\/2018\/05\/Foto-16.05.18-07-55-44-125x82.jpg 125w\" sizes=\"(max-width: 1138px) 100vw, 1138px\" \/><\/a><\/p>\n<p>&nbsp;<\/p>\n<p>&nbsp;<\/p>\n","protected":false},"excerpt":{"rendered":"<p>Warum der Titel &#8222;Flacher Laib&#8220; ? Bei uns in Klagenfurt gibt es einen B\u00e4cker, der hat ein Natursauerteigbrot &nbsp;mit eben dieser Bezeichnung &#8211; flach &#8211; fast wie ein Fladen nur ca. 6 cm St\u00e4rke. Aber ein Traum von einem Brot, wie man es halt von einem Roggenbrot gewohnt ist. &nbsp;Mein Brot ist eine Anlehnung an diesen flachen Laib. Da ich &hellip;<\/p>\n","protected":false},"author":1,"featured_media":3471,"comment_status":"open","ping_status":"open","sticky":false,"template":"","format":"standard","meta":{"_mi_skip_tracking":false,"_exactmetrics_sitenote_active":false,"_exactmetrics_sitenote_note":"","_exactmetrics_sitenote_category":0,"ngg_post_thumbnail":0,"jetpack_post_was_ever_published":false,"_jetpack_newsletter_access":"","footnotes":"","jetpack_publicize_message":"","jetpack_is_tweetstorm":false,"jetpack_publicize_feature_enabled":true,"jetpack_social_post_already_shared":true,"jetpack_social_options":{"image_generator_settings":{"template":"highway","enabled":false}}},"categories":[2],"tags":[351,35,350,346],"jetpack_publicize_connections":[],"jetpack_featured_media_url":"https:\/\/www.samskitchen.at\/wp-content\/uploads\/2018\/05\/Foto-16.05.18-07-50-37.jpg","jetpack_sharing_enabled":true,"jetpack_shortlink":"https:\/\/wp.me\/p41IW0-TW","_links":{"self":[{"href":"https:\/\/www.samskitchen.at\/index.php?rest_route=\/wp\/v2\/posts\/3468"}],"collection":[{"href":"https:\/\/www.samskitchen.at\/index.php?rest_route=\/wp\/v2\/posts"}],"about":[{"href":"https:\/\/www.samskitchen.at\/index.php?rest_route=\/wp\/v2\/types\/post"}],"author":[{"embeddable":true,"href":"https:\/\/www.samskitchen.at\/index.php?rest_route=\/wp\/v2\/users\/1"}],"replies":[{"embeddable":true,"href":"https:\/\/www.samskitchen.at\/index.php?rest_route=%2Fwp%2Fv2%2Fcomments&post=3468"}],"version-history":[{"count":2,"href":"https:\/\/www.samskitchen.at\/index.php?rest_route=\/wp\/v2\/posts\/3468\/revisions"}],"predecessor-version":[{"id":3476,"href":"https:\/\/www.samskitchen.at\/index.php?rest_route=\/wp\/v2\/posts\/3468\/revisions\/3476"}],"wp:featuredmedia":[{"embeddable":true,"href":"https:\/\/www.samskitchen.at\/index.php?rest_route=\/wp\/v2\/media\/3471"}],"wp:attachment":[{"href":"https:\/\/www.samskitchen.at\/index.php?rest_route=%2Fwp%2Fv2%2Fmedia&parent=3468"}],"wp:term":[{"taxonomy":"category","embeddable":true,"href":"https:\/\/www.samskitchen.at\/index.php?rest_route=%2Fwp%2Fv2%2Fcategories&post=3468"},{"taxonomy":"post_tag","embeddable":true,"href":"https:\/\/www.samskitchen.at\/index.php?rest_route=%2Fwp%2Fv2%2Ftags&post=3468"}],"curies":[{"name":"wp","href":"https:\/\/api.w.org\/{rel}","templated":true}]}}