{"id":3415,"date":"2018-03-07T11:15:35","date_gmt":"2018-03-07T10:15:35","guid":{"rendered":"http:\/\/www.samskitchen.at\/?p=3415"},"modified":"2018-03-07T11:51:58","modified_gmt":"2018-03-07T10:51:58","slug":"waldstauden-schwarzbrot-vollkorn","status":"publish","type":"post","link":"https:\/\/www.samskitchen.at\/?p=3415","title":{"rendered":"Waldstauden &#8211; Schwarzbrot (Vollkorn)"},"content":{"rendered":"<p><a href=\"http:\/\/www.samskitchen.at\/?attachment_id=3419\" rel=\"attachment wp-att-3419\"><img decoding=\"async\" loading=\"lazy\" class=\"alignnone size-full wp-image-3419\" src=\"http:\/\/www.samskitchen.at\/wp-content\/uploads\/2018\/03\/2018-03-06-14.31.37.jpg\" alt=\"\" width=\"1200\" height=\"900\" srcset=\"https:\/\/www.samskitchen.at\/wp-content\/uploads\/2018\/03\/2018-03-06-14.31.37.jpg 1200w, https:\/\/www.samskitchen.at\/wp-content\/uploads\/2018\/03\/2018-03-06-14.31.37-300x225.jpg 300w, https:\/\/www.samskitchen.at\/wp-content\/uploads\/2018\/03\/2018-03-06-14.31.37-768x576.jpg 768w, https:\/\/www.samskitchen.at\/wp-content\/uploads\/2018\/03\/2018-03-06-14.31.37-510x383.jpg 510w, https:\/\/www.samskitchen.at\/wp-content\/uploads\/2018\/03\/2018-03-06-14.31.37-125x94.jpg 125w\" sizes=\"(max-width: 1200px) 100vw, 1200px\" \/><\/a><\/p>\n<p>Waldstaudenkorn, auch Waldstaude oder Johannisroggen &nbsp;(lat. Secale multicaule) &nbsp;ist eine Urform des Roggens. Es dauert 2 Jahre von der Aussaat bis zur Ernte und die K\u00f6rner sind kleiner als beim Roggen \u2013 vermeintlich kein gro\u00dfer Anreiz, das Korn gro\u00dffl\u00e4chig anzubauen.<\/p>\n<p>Es hat aber auch entscheidende Vorteile: das Korn schmeckt wesentlich intensiver als Roggen und das daraus gebackene Brot ein Genuss.&nbsp;<br \/>\nDa ich von der <a href=\"https:\/\/hecker-urkorn.de\">Fa. Hecker<\/a> einige &nbsp;Kilogramm Waldstaudenroggen (Vollkorn) bekommen habe, m\u00f6chte ich heute ein reines Roggenvollkornbrot mit 50% Waldstaudenroggen backen.<br \/>\nNach meinem Motto: Schau ma mal &#8211; dann werden wir schon sehen!<\/p>\n<p><strong>Rezept f\u00fcr ca. 2700g Brotteig<\/strong><\/p>\n<p>Grundsauer:<br \/>\n60g Anstellgut vom Roggen (Vollkorn)&nbsp;<br \/>\n150g Wasser<br \/>\n200g Roggenvollkornmehl&nbsp;<br \/>\nTeigtemperatur 26-28 \u00b0C Reifezeit 15-24 Stunden bei ca 28\u00b0C<\/p>\n<p>Vollsauer:<br \/>\n410g Grundsauer<br \/>\n490g Wasser<br \/>\n390g Roggenvollkornmehl<br \/>\nTeigtemperatur: 30\u00b0C &nbsp;Reifezeit: 3 Stunden &nbsp;bei 30\u00b0C<\/p>\n<p>Hauptteig:<br \/>\n1290g Sauerteig<br \/>\n885g Waldstaudenroggenmehl (Vollkorn)<br \/>\n550g Wasser<br \/>\n35g Salz<br \/>\n10g Hefe&nbsp;<\/p>\n<p>Alle Zutaten 3-4 Minuten langsam mischen und kurz vor dem Ende noch ca eine Minute schneller. Nach einer Kesselgare von 30 Minuten den Teig in zwei Teile teilen und zu runden Laiben formen. Mit dem Schluss nach unten in ein gut bemehltes G\u00e4rk\u00f6rberl legen und ca. 1 Stunde bei ca 30\u00b0C gehen lassen. Wenn es k\u00fchler ist dann verz\u00f6gert sich halt die Gare entsprechend. Also immer sch\u00f6n beobachten. Bei ca 2\/3 Gare, der Teig sollte sch\u00f6n sichtbar an Volumen zugenommen haben und an der Teigoberfl\u00e4che Risse bekommen, auf eine bemehlte Backschaufel kippen und bei ca. 250-260\u00b0C in den gut vorgeheizten Ofen schieben. Wenig Schwaden und nach ca. 10 Minuten auf 200\u00b0C zur\u00fcckschalten und sch\u00f6n ausbacken. Gebacken wird dieses sehr aromatische Brot ca. 50-60 Minuten. Vor dem Anschneiden bitte gut ausk\u00fchlen lassen &#8211; am besten \u00fcber Nacht &#8211; aber wer kann schon so lange warten?<\/p>\n<p><a href=\"http:\/\/www.samskitchen.at\/?attachment_id=3423\" rel=\"attachment wp-att-3423\"><img decoding=\"async\" loading=\"lazy\" class=\"alignnone size-full wp-image-3423\" src=\"http:\/\/www.samskitchen.at\/wp-content\/uploads\/2018\/03\/2018-03-06-16.21.09.jpg\" alt=\"\" width=\"1200\" height=\"900\" srcset=\"https:\/\/www.samskitchen.at\/wp-content\/uploads\/2018\/03\/2018-03-06-16.21.09.jpg 1200w, https:\/\/www.samskitchen.at\/wp-content\/uploads\/2018\/03\/2018-03-06-16.21.09-300x225.jpg 300w, https:\/\/www.samskitchen.at\/wp-content\/uploads\/2018\/03\/2018-03-06-16.21.09-768x576.jpg 768w, https:\/\/www.samskitchen.at\/wp-content\/uploads\/2018\/03\/2018-03-06-16.21.09-510x383.jpg 510w, https:\/\/www.samskitchen.at\/wp-content\/uploads\/2018\/03\/2018-03-06-16.21.09-125x94.jpg 125w\" sizes=\"(max-width: 1200px) 100vw, 1200px\" \/><\/a> <a href=\"http:\/\/www.samskitchen.at\/?attachment_id=3424\" rel=\"attachment wp-att-3424\"><img decoding=\"async\" loading=\"lazy\" class=\"alignnone size-full wp-image-3424\" src=\"http:\/\/www.samskitchen.at\/wp-content\/uploads\/2018\/03\/2018-03-06-16.27.54.jpg\" alt=\"\" width=\"1200\" height=\"900\" srcset=\"https:\/\/www.samskitchen.at\/wp-content\/uploads\/2018\/03\/2018-03-06-16.27.54.jpg 1200w, https:\/\/www.samskitchen.at\/wp-content\/uploads\/2018\/03\/2018-03-06-16.27.54-300x225.jpg 300w, https:\/\/www.samskitchen.at\/wp-content\/uploads\/2018\/03\/2018-03-06-16.27.54-768x576.jpg 768w, https:\/\/www.samskitchen.at\/wp-content\/uploads\/2018\/03\/2018-03-06-16.27.54-510x383.jpg 510w, https:\/\/www.samskitchen.at\/wp-content\/uploads\/2018\/03\/2018-03-06-16.27.54-125x94.jpg 125w\" sizes=\"(max-width: 1200px) 100vw, 1200px\" \/><\/a> <a href=\"http:\/\/www.samskitchen.at\/?attachment_id=3425\" rel=\"attachment wp-att-3425\"><img decoding=\"async\" loading=\"lazy\" class=\"alignnone size-full wp-image-3425\" src=\"http:\/\/www.samskitchen.at\/wp-content\/uploads\/2018\/03\/2018-03-06-16.28.32.jpg\" alt=\"\" width=\"1200\" height=\"880\" srcset=\"https:\/\/www.samskitchen.at\/wp-content\/uploads\/2018\/03\/2018-03-06-16.28.32.jpg 1200w, https:\/\/www.samskitchen.at\/wp-content\/uploads\/2018\/03\/2018-03-06-16.28.32-300x220.jpg 300w, https:\/\/www.samskitchen.at\/wp-content\/uploads\/2018\/03\/2018-03-06-16.28.32-768x563.jpg 768w, https:\/\/www.samskitchen.at\/wp-content\/uploads\/2018\/03\/2018-03-06-16.28.32-510x374.jpg 510w, https:\/\/www.samskitchen.at\/wp-content\/uploads\/2018\/03\/2018-03-06-16.28.32-125x92.jpg 125w\" sizes=\"(max-width: 1200px) 100vw, 1200px\" \/><\/a> <a href=\"http:\/\/www.samskitchen.at\/?attachment_id=3422\" rel=\"attachment wp-att-3422\"><img decoding=\"async\" loading=\"lazy\" class=\"alignnone size-full wp-image-3422\" src=\"http:\/\/www.samskitchen.at\/wp-content\/uploads\/2018\/03\/2018-03-06-16.20.58.jpg\" alt=\"\" width=\"1200\" height=\"900\" srcset=\"https:\/\/www.samskitchen.at\/wp-content\/uploads\/2018\/03\/2018-03-06-16.20.58.jpg 1200w, https:\/\/www.samskitchen.at\/wp-content\/uploads\/2018\/03\/2018-03-06-16.20.58-300x225.jpg 300w, https:\/\/www.samskitchen.at\/wp-content\/uploads\/2018\/03\/2018-03-06-16.20.58-768x576.jpg 768w, https:\/\/www.samskitchen.at\/wp-content\/uploads\/2018\/03\/2018-03-06-16.20.58-510x383.jpg 510w, https:\/\/www.samskitchen.at\/wp-content\/uploads\/2018\/03\/2018-03-06-16.20.58-125x94.jpg 125w\" sizes=\"(max-width: 1200px) 100vw, 1200px\" \/><\/a> <a href=\"http:\/\/www.samskitchen.at\/?attachment_id=3421\" rel=\"attachment wp-att-3421\"><img decoding=\"async\" loading=\"lazy\" class=\"alignnone size-full wp-image-3421\" src=\"http:\/\/www.samskitchen.at\/wp-content\/uploads\/2018\/03\/2018-03-06-16.20.39.jpg\" alt=\"\" width=\"1200\" height=\"900\" srcset=\"https:\/\/www.samskitchen.at\/wp-content\/uploads\/2018\/03\/2018-03-06-16.20.39.jpg 1200w, https:\/\/www.samskitchen.at\/wp-content\/uploads\/2018\/03\/2018-03-06-16.20.39-300x225.jpg 300w, https:\/\/www.samskitchen.at\/wp-content\/uploads\/2018\/03\/2018-03-06-16.20.39-768x576.jpg 768w, https:\/\/www.samskitchen.at\/wp-content\/uploads\/2018\/03\/2018-03-06-16.20.39-510x383.jpg 510w, https:\/\/www.samskitchen.at\/wp-content\/uploads\/2018\/03\/2018-03-06-16.20.39-125x94.jpg 125w\" sizes=\"(max-width: 1200px) 100vw, 1200px\" \/><\/a> <a href=\"http:\/\/www.samskitchen.at\/?attachment_id=3427\" rel=\"attachment wp-att-3427\"><img decoding=\"async\" loading=\"lazy\" class=\"alignnone size-full wp-image-3427\" src=\"http:\/\/www.samskitchen.at\/wp-content\/uploads\/2018\/03\/2018-03-06-16.28.04.jpg\" alt=\"\" width=\"1200\" height=\"900\" srcset=\"https:\/\/www.samskitchen.at\/wp-content\/uploads\/2018\/03\/2018-03-06-16.28.04.jpg 1200w, https:\/\/www.samskitchen.at\/wp-content\/uploads\/2018\/03\/2018-03-06-16.28.04-300x225.jpg 300w, https:\/\/www.samskitchen.at\/wp-content\/uploads\/2018\/03\/2018-03-06-16.28.04-768x576.jpg 768w, https:\/\/www.samskitchen.at\/wp-content\/uploads\/2018\/03\/2018-03-06-16.28.04-510x383.jpg 510w, https:\/\/www.samskitchen.at\/wp-content\/uploads\/2018\/03\/2018-03-06-16.28.04-125x94.jpg 125w\" sizes=\"(max-width: 1200px) 100vw, 1200px\" \/><\/a> <a href=\"http:\/\/www.samskitchen.at\/?attachment_id=3426\" rel=\"attachment wp-att-3426\"><img decoding=\"async\" loading=\"lazy\" class=\"alignnone size-full wp-image-3426\" src=\"http:\/\/www.samskitchen.at\/wp-content\/uploads\/2018\/03\/2018-03-06-16.28.32-1.jpg\" alt=\"\" width=\"1200\" height=\"900\" srcset=\"https:\/\/www.samskitchen.at\/wp-content\/uploads\/2018\/03\/2018-03-06-16.28.32-1.jpg 1200w, https:\/\/www.samskitchen.at\/wp-content\/uploads\/2018\/03\/2018-03-06-16.28.32-1-300x225.jpg 300w, https:\/\/www.samskitchen.at\/wp-content\/uploads\/2018\/03\/2018-03-06-16.28.32-1-768x576.jpg 768w, https:\/\/www.samskitchen.at\/wp-content\/uploads\/2018\/03\/2018-03-06-16.28.32-1-510x383.jpg 510w, https:\/\/www.samskitchen.at\/wp-content\/uploads\/2018\/03\/2018-03-06-16.28.32-1-125x94.jpg 125w\" sizes=\"(max-width: 1200px) 100vw, 1200px\" \/><\/a><\/p>\n<p>&nbsp;<\/p>\n","protected":false},"excerpt":{"rendered":"<p>Waldstaudenkorn, auch Waldstaude oder Johannisroggen &nbsp;(lat. Secale multicaule) &nbsp;ist eine Urform des Roggens. Es dauert 2 Jahre von der Aussaat bis zur Ernte und die K\u00f6rner sind kleiner als beim Roggen \u2013 vermeintlich kein gro\u00dfer Anreiz, das Korn gro\u00dffl\u00e4chig anzubauen. Es hat aber auch entscheidende Vorteile: das Korn schmeckt wesentlich intensiver als Roggen und das daraus gebackene Brot ein Genuss.&nbsp; &hellip;<\/p>\n","protected":false},"author":1,"featured_media":3423,"comment_status":"open","ping_status":"open","sticky":false,"template":"","format":"standard","meta":{"_mi_skip_tracking":false,"_exactmetrics_sitenote_active":false,"_exactmetrics_sitenote_note":"","_exactmetrics_sitenote_category":0,"ngg_post_thumbnail":0,"jetpack_post_was_ever_published":false,"_jetpack_newsletter_access":"","footnotes":"","jetpack_publicize_message":"","jetpack_is_tweetstorm":false,"jetpack_publicize_feature_enabled":true,"jetpack_social_post_already_shared":true,"jetpack_social_options":{"image_generator_settings":{"template":"highway","enabled":false}}},"categories":[2],"tags":[35,216,347,346],"jetpack_publicize_connections":[],"jetpack_featured_media_url":"https:\/\/www.samskitchen.at\/wp-content\/uploads\/2018\/03\/2018-03-06-16.21.09.jpg","jetpack_sharing_enabled":true,"jetpack_shortlink":"https:\/\/wp.me\/p41IW0-T5","_links":{"self":[{"href":"https:\/\/www.samskitchen.at\/index.php?rest_route=\/wp\/v2\/posts\/3415"}],"collection":[{"href":"https:\/\/www.samskitchen.at\/index.php?rest_route=\/wp\/v2\/posts"}],"about":[{"href":"https:\/\/www.samskitchen.at\/index.php?rest_route=\/wp\/v2\/types\/post"}],"author":[{"embeddable":true,"href":"https:\/\/www.samskitchen.at\/index.php?rest_route=\/wp\/v2\/users\/1"}],"replies":[{"embeddable":true,"href":"https:\/\/www.samskitchen.at\/index.php?rest_route=%2Fwp%2Fv2%2Fcomments&post=3415"}],"version-history":[{"count":5,"href":"https:\/\/www.samskitchen.at\/index.php?rest_route=\/wp\/v2\/posts\/3415\/revisions"}],"predecessor-version":[{"id":3431,"href":"https:\/\/www.samskitchen.at\/index.php?rest_route=\/wp\/v2\/posts\/3415\/revisions\/3431"}],"wp:featuredmedia":[{"embeddable":true,"href":"https:\/\/www.samskitchen.at\/index.php?rest_route=\/wp\/v2\/media\/3423"}],"wp:attachment":[{"href":"https:\/\/www.samskitchen.at\/index.php?rest_route=%2Fwp%2Fv2%2Fmedia&parent=3415"}],"wp:term":[{"taxonomy":"category","embeddable":true,"href":"https:\/\/www.samskitchen.at\/index.php?rest_route=%2Fwp%2Fv2%2Fcategories&post=3415"},{"taxonomy":"post_tag","embeddable":true,"href":"https:\/\/www.samskitchen.at\/index.php?rest_route=%2Fwp%2Fv2%2Ftags&post=3415"}],"curies":[{"name":"wp","href":"https:\/\/api.w.org\/{rel}","templated":true}]}}