{"id":3373,"date":"2018-01-30T15:07:22","date_gmt":"2018-01-30T14:07:22","guid":{"rendered":"http:\/\/www.samskitchen.at\/?p=3373"},"modified":"2018-01-30T16:04:08","modified_gmt":"2018-01-30T15:04:08","slug":"einkorn-vollkorn-kastenbrot","status":"publish","type":"post","link":"https:\/\/www.samskitchen.at\/?p=3373","title":{"rendered":"Einkorn Kastenbrot (Vollkorn)"},"content":{"rendered":"<p><a href=\"http:\/\/www.samskitchen.at\/?attachment_id=3385\" rel=\"attachment wp-att-3385\"><img decoding=\"async\" loading=\"lazy\" src=\"http:\/\/www.samskitchen.at\/wp-content\/uploads\/2018\/01\/2018-01-30-12.27.49.jpg\" class=\"alignnone size-full wp-image-3385\" height=\"1500\" alt=\"\" width=\"2000\" srcset=\"https:\/\/www.samskitchen.at\/wp-content\/uploads\/2018\/01\/2018-01-30-12.27.49.jpg 2000w, https:\/\/www.samskitchen.at\/wp-content\/uploads\/2018\/01\/2018-01-30-12.27.49-300x225.jpg 300w, https:\/\/www.samskitchen.at\/wp-content\/uploads\/2018\/01\/2018-01-30-12.27.49-768x576.jpg 768w, https:\/\/www.samskitchen.at\/wp-content\/uploads\/2018\/01\/2018-01-30-12.27.49-510x383.jpg 510w, https:\/\/www.samskitchen.at\/wp-content\/uploads\/2018\/01\/2018-01-30-12.27.49-125x94.jpg 125w\" sizes=\"(max-width: 2000px) 100vw, 2000px\" \/><\/a><\/p>\n<p>Unl\u00e4ngst erhielt ich ein Paket Mehl von der Fa. <a href=\"https:\/\/hecker-urkorn.de\">&#8222;Hecker-Urkorn&#8220;<\/a>\u00a0mit einigen Urkorn Vollkornmehlen. Darunter auch Einkorn &#8211; Vollkornmehl. Mit Urk\u00f6rnern hatte ich bis dahin eigentlich so gut wie keine Erfahrung, ausser Dinkel. Also rann an den Mischer. Normalerweise ist Einkorn alleine sehr schwer zu verarbeiten. Aber ich nehme diese Herausforderung an. Einkorn hat einen leicht nussigen Geschmack mit vielen Mineralstoffen und Spurenelementen. Einkorn ist angeblich auch eine gute Alternative f\u00fcr Weizenallergiker. Es gilt auch als das vermutlich \u00e4lteste Getreide der Menschheit.<\/p>\n<p><strong>Rezept:<\/strong><\/p>\n<p><strong>Vorteig:<\/strong><br \/>\n150 g Einkorn-Vollkornmehl<br \/>\n150 g Wasser<br \/>\n3 g frische Hefe<\/p>\n<p>Vermischen und 1 Stunde bei Raumtemperatur anspringen lassen, danach in den K\u00fchlschrank f\u00fcr ca. 8 Stunden.<\/p>\n<p><strong>Quellst\u00fcck:<br \/>\n<\/strong>150 g Einkorn-Vollkornmehl<br \/>\n150 g Wasser (kochend)<br \/>\n17 g Salz<\/p>\n<p>Vermischen abk\u00fchlen lassen und ab in den K\u00fchlschrank f\u00fcr ca. 8 Stunden<\/p>\n<p><strong>Hauptteig:<br \/>\n<\/strong>303 g Vorteig<br \/>\n317 g Quellst\u00fcck<br \/>\n500 g Einkorn-Vollkornmehl<br \/>\n260 g Wasser<br \/>\n4 g frische Hefe<\/p>\n<p>F\u00fcr den Hauptteig alle Zutaten ca. 5 Minuten auf der erste Stufe kneten, dann noch 1 Minute \u00a0 \u00a0schnell. Da ich mir nicht sicher war wieviel Wasser dieses Mehl ben\u00f6tigt hab ich einenTeil zur\u00fcckbehalten und dann Schluckweise dazu gemischt. Nach einer Kesselgare von ca 30 Minuten den Teig in drei Teile teilen und Rund wirken. Anschliessend hab ich die Teiglinge in Holzbackrahmen ca. eine Stunde bei 30\u00b0C reifen lassen. Mit Wasser bestreichen und ev. mit \u00a0gehackten K\u00f6rnern bestreuen. Gebacken wird das Brot bei 270\u00b0C fallend auf 210 \u00b0C mit Schwaden ca. 50 Minuten.Vor dem Anschneiden bitte einige Stunden ausk\u00fchlen lassen.<\/p>\n<p><a href=\"http:\/\/www.samskitchen.at\/?attachment_id=3390\" rel=\"attachment wp-att-3390\"><img decoding=\"async\" loading=\"lazy\" src=\"http:\/\/www.samskitchen.at\/wp-content\/uploads\/2018\/01\/2018-01-30-13.12.51.jpg\" class=\"alignnone wp-image-3390 size-full\" height=\"1880\" alt=\"\" width=\"3041\" srcset=\"https:\/\/www.samskitchen.at\/wp-content\/uploads\/2018\/01\/2018-01-30-13.12.51.jpg 3041w, https:\/\/www.samskitchen.at\/wp-content\/uploads\/2018\/01\/2018-01-30-13.12.51-300x185.jpg 300w, https:\/\/www.samskitchen.at\/wp-content\/uploads\/2018\/01\/2018-01-30-13.12.51-768x475.jpg 768w, https:\/\/www.samskitchen.at\/wp-content\/uploads\/2018\/01\/2018-01-30-13.12.51-510x315.jpg 510w, https:\/\/www.samskitchen.at\/wp-content\/uploads\/2018\/01\/2018-01-30-13.12.51-125x77.jpg 125w\" sizes=\"(max-width: 3041px) 100vw, 3041px\" \/><\/a><a href=\"http:\/\/www.samskitchen.at\/?attachment_id=3389\" rel=\"attachment wp-att-3389\"><img decoding=\"async\" loading=\"lazy\" src=\"http:\/\/www.samskitchen.at\/wp-content\/uploads\/2018\/01\/2018-01-30-13.12.46.jpg\" class=\"alignnone size-full wp-image-3389\" height=\"2448\" alt=\"\" width=\"3264\" srcset=\"https:\/\/www.samskitchen.at\/wp-content\/uploads\/2018\/01\/2018-01-30-13.12.46.jpg 3264w, https:\/\/www.samskitchen.at\/wp-content\/uploads\/2018\/01\/2018-01-30-13.12.46-300x225.jpg 300w, https:\/\/www.samskitchen.at\/wp-content\/uploads\/2018\/01\/2018-01-30-13.12.46-768x576.jpg 768w, https:\/\/www.samskitchen.at\/wp-content\/uploads\/2018\/01\/2018-01-30-13.12.46-510x383.jpg 510w, https:\/\/www.samskitchen.at\/wp-content\/uploads\/2018\/01\/2018-01-30-13.12.46-125x94.jpg 125w\" sizes=\"(max-width: 3264px) 100vw, 3264px\" \/><\/a><a href=\"http:\/\/www.samskitchen.at\/?attachment_id=3388\" rel=\"attachment wp-att-3388\"><img decoding=\"async\" loading=\"lazy\" src=\"http:\/\/www.samskitchen.at\/wp-content\/uploads\/2018\/01\/2018-01-30-13.12.33.jpg\" class=\"alignnone wp-image-3388 size-full\" height=\"1786\" alt=\"\" width=\"2792\" srcset=\"https:\/\/www.samskitchen.at\/wp-content\/uploads\/2018\/01\/2018-01-30-13.12.33.jpg 2792w, https:\/\/www.samskitchen.at\/wp-content\/uploads\/2018\/01\/2018-01-30-13.12.33-300x192.jpg 300w, https:\/\/www.samskitchen.at\/wp-content\/uploads\/2018\/01\/2018-01-30-13.12.33-768x491.jpg 768w, https:\/\/www.samskitchen.at\/wp-content\/uploads\/2018\/01\/2018-01-30-13.12.33-510x326.jpg 510w, https:\/\/www.samskitchen.at\/wp-content\/uploads\/2018\/01\/2018-01-30-13.12.33-125x80.jpg 125w\" sizes=\"(max-width: 2792px) 100vw, 2792px\" \/><\/a><a href=\"http:\/\/www.samskitchen.at\/?attachment_id=3387\" rel=\"attachment wp-att-3387\"><img decoding=\"async\" loading=\"lazy\" src=\"http:\/\/www.samskitchen.at\/wp-content\/uploads\/2018\/01\/2018-01-30-12.28.20.jpg\" class=\"alignnone wp-image-3387 size-full\" height=\"1500\" alt=\"\" width=\"2000\" srcset=\"https:\/\/www.samskitchen.at\/wp-content\/uploads\/2018\/01\/2018-01-30-12.28.20.jpg 2000w, https:\/\/www.samskitchen.at\/wp-content\/uploads\/2018\/01\/2018-01-30-12.28.20-300x225.jpg 300w, https:\/\/www.samskitchen.at\/wp-content\/uploads\/2018\/01\/2018-01-30-12.28.20-768x576.jpg 768w, https:\/\/www.samskitchen.at\/wp-content\/uploads\/2018\/01\/2018-01-30-12.28.20-510x383.jpg 510w, https:\/\/www.samskitchen.at\/wp-content\/uploads\/2018\/01\/2018-01-30-12.28.20-125x94.jpg 125w\" sizes=\"(max-width: 2000px) 100vw, 2000px\" \/><\/a><a href=\"http:\/\/www.samskitchen.at\/?attachment_id=3386\" rel=\"attachment wp-att-3386\"><img decoding=\"async\" loading=\"lazy\" src=\"http:\/\/www.samskitchen.at\/wp-content\/uploads\/2018\/01\/2018-01-30-12.28.02.jpg\" class=\"alignnone wp-image-3386 size-full\" height=\"1500\" alt=\"\" width=\"2000\" srcset=\"https:\/\/www.samskitchen.at\/wp-content\/uploads\/2018\/01\/2018-01-30-12.28.02.jpg 2000w, https:\/\/www.samskitchen.at\/wp-content\/uploads\/2018\/01\/2018-01-30-12.28.02-300x225.jpg 300w, https:\/\/www.samskitchen.at\/wp-content\/uploads\/2018\/01\/2018-01-30-12.28.02-768x576.jpg 768w, https:\/\/www.samskitchen.at\/wp-content\/uploads\/2018\/01\/2018-01-30-12.28.02-510x383.jpg 510w, https:\/\/www.samskitchen.at\/wp-content\/uploads\/2018\/01\/2018-01-30-12.28.02-125x94.jpg 125w\" sizes=\"(max-width: 2000px) 100vw, 2000px\" \/><\/a><\/p>\n","protected":false},"excerpt":{"rendered":"<p>Unl\u00e4ngst erhielt ich ein Paket Mehl von der Fa. &#8222;Hecker-Urkorn&#8220;\u00a0mit einigen Urkorn Vollkornmehlen. Darunter auch Einkorn &#8211; Vollkornmehl. Mit Urk\u00f6rnern hatte ich bis dahin eigentlich so gut wie keine Erfahrung, ausser Dinkel. Also rann an den Mischer. Normalerweise ist Einkorn alleine sehr schwer zu verarbeiten. Aber ich nehme diese Herausforderung an. Einkorn hat einen leicht nussigen Geschmack mit vielen Mineralstoffen &hellip;<\/p>\n","protected":false},"author":1,"featured_media":3384,"comment_status":"open","ping_status":"open","sticky":false,"template":"","format":"standard","meta":{"_mi_skip_tracking":false,"_exactmetrics_sitenote_active":false,"_exactmetrics_sitenote_note":"","_exactmetrics_sitenote_category":0,"ngg_post_thumbnail":0,"jetpack_post_was_ever_published":false,"_jetpack_newsletter_access":"","footnotes":"","jetpack_publicize_message":"","jetpack_is_tweetstorm":false,"jetpack_publicize_feature_enabled":true,"jetpack_social_post_already_shared":true,"jetpack_social_options":{"image_generator_settings":{"template":"highway","enabled":false}}},"categories":[2],"tags":[345,216,110],"jetpack_publicize_connections":[],"jetpack_featured_media_url":"https:\/\/www.samskitchen.at\/wp-content\/uploads\/2018\/01\/2018-01-30-12.27.48.jpg","jetpack_sharing_enabled":true,"jetpack_shortlink":"https:\/\/wp.me\/p41IW0-Sp","_links":{"self":[{"href":"https:\/\/www.samskitchen.at\/index.php?rest_route=\/wp\/v2\/posts\/3373"}],"collection":[{"href":"https:\/\/www.samskitchen.at\/index.php?rest_route=\/wp\/v2\/posts"}],"about":[{"href":"https:\/\/www.samskitchen.at\/index.php?rest_route=\/wp\/v2\/types\/post"}],"author":[{"embeddable":true,"href":"https:\/\/www.samskitchen.at\/index.php?rest_route=\/wp\/v2\/users\/1"}],"replies":[{"embeddable":true,"href":"https:\/\/www.samskitchen.at\/index.php?rest_route=%2Fwp%2Fv2%2Fcomments&post=3373"}],"version-history":[{"count":4,"href":"https:\/\/www.samskitchen.at\/index.php?rest_route=\/wp\/v2\/posts\/3373\/revisions"}],"predecessor-version":[{"id":3393,"href":"https:\/\/www.samskitchen.at\/index.php?rest_route=\/wp\/v2\/posts\/3373\/revisions\/3393"}],"wp:featuredmedia":[{"embeddable":true,"href":"https:\/\/www.samskitchen.at\/index.php?rest_route=\/wp\/v2\/media\/3384"}],"wp:attachment":[{"href":"https:\/\/www.samskitchen.at\/index.php?rest_route=%2Fwp%2Fv2%2Fmedia&parent=3373"}],"wp:term":[{"taxonomy":"category","embeddable":true,"href":"https:\/\/www.samskitchen.at\/index.php?rest_route=%2Fwp%2Fv2%2Fcategories&post=3373"},{"taxonomy":"post_tag","embeddable":true,"href":"https:\/\/www.samskitchen.at\/index.php?rest_route=%2Fwp%2Fv2%2Ftags&post=3373"}],"curies":[{"name":"wp","href":"https:\/\/api.w.org\/{rel}","templated":true}]}}