{"id":3242,"date":"2017-08-30T07:33:15","date_gmt":"2017-08-30T05:33:15","guid":{"rendered":"http:\/\/www.samskitchen.at\/?p=3242"},"modified":"2017-09-16T11:04:09","modified_gmt":"2017-09-16T09:04:09","slug":"zwetschkenfleck","status":"publish","type":"post","link":"https:\/\/www.samskitchen.at\/?p=3242","title":{"rendered":"Zwetschkenfleck"},"content":{"rendered":"<p><a href=\"http:\/\/www.samskitchen.at\/?attachment_id=3246\" rel=\"attachment wp-att-3246\"><img decoding=\"async\" loading=\"lazy\" class=\"alignnone size-full wp-image-3246\" src=\"http:\/\/www.samskitchen.at\/wp-content\/uploads\/2017\/08\/2017-08-25-13.42.24.jpg\" alt=\"\" width=\"865\" height=\"899\" srcset=\"https:\/\/www.samskitchen.at\/wp-content\/uploads\/2017\/08\/2017-08-25-13.42.24.jpg 865w, https:\/\/www.samskitchen.at\/wp-content\/uploads\/2017\/08\/2017-08-25-13.42.24-289x300.jpg 289w, https:\/\/www.samskitchen.at\/wp-content\/uploads\/2017\/08\/2017-08-25-13.42.24-768x798.jpg 768w, https:\/\/www.samskitchen.at\/wp-content\/uploads\/2017\/08\/2017-08-25-13.42.24-510x530.jpg 510w, https:\/\/www.samskitchen.at\/wp-content\/uploads\/2017\/08\/2017-08-25-13.42.24-96x100.jpg 96w\" sizes=\"(max-width: 865px) 100vw, 865px\" \/><\/a>Die Zwetschken sind reif &#8211; also wird der beliebte Zwetschkenfleck gebacken. Zwetscjkenfleck dieses Wort kann nicht ein jeder aussprechen, viele tun sich da schwer oder versuchen es gar nicht. Aber essen kann man es auch ohne es artikulieren zu k\u00f6nnen. Die Zwetschke oder auch Zwetschge genannt ist eine sehr alte Obstsorte, hat kleine l\u00e4ngliche blaue Fr\u00fcchte, die man f\u00fcr alles M\u00f6gliche verwenden kann. Auch Schnaps kann man daraus brennen. Hier ein Rezept f\u00fcr den ber\u00fchmten Zwetschkenfleck. Bitte nur reife fast \u00fcberreife Fr\u00fcchte verwenden.<\/p>\n<p><strong>Rezept f\u00fcr 1 Backblech ca 40\/30<\/strong><\/p>\n<p>125g Milch<br \/>\n375g Mehl W700<br \/>\n1 Prise Salz<br \/>\n100g Butter<br \/>\n1 Ei<br \/>\n1 Pk. Vanillezucker<br \/>\n60g Zucker<br \/>\n1 Tl Zitronenschale<br \/>\n20g frische Hefe<br \/>\n1 kg reife Zwetschken<br \/>\n&nbsp;<\/p>\n<p>Streusel:<br \/>\n100g Zucker<br \/>\n100g Mehl W700<br \/>\n100g Butter<br \/>\n1 TL Zimt<\/p>\n<p>Zubereitung:<br \/>\nDie Butter schmelzen, Milch leicht anw\u00e4rmen, Hefe und Zucker darin aufl\u00f6sen.&nbsp;<br \/>\nDann die Butter, Hefemilch, Zitronenschale, Salz, Ei, Vanillezucker mit dem Mehl&nbsp;Stunde an einem warmen Ort gehen lassen. Der Teig sollte sich deutlich vergr\u00f6\u00dfert haben.&nbsp;<br \/>\nIn der Zwischenzeit den Streusel vorbereiten. Dazu werden 100g Mehl mit 100g Zucker, 100g Butter und ein geh\u00e4ufter TL Zimt zu einem kompakten Teig geknetet und im Tiefk\u00fchlfach zwischengelagert.<br \/>\nDen aufgegangenen Hefeteig auf einer bemehlten Arbeitsfl\u00e4che ausrollen und auf ein mit Backpapier belegtes Backblech legen. Dann mit den geviertelten Zwetschken belegen.<br \/>\nDen Streuselteig durch eine grobe Gem\u00fcsereibe \u00fcber die Fr\u00fcchte reiben.<br \/>\nDen Kuchen dann zugedeckt ca. 30 Minuten gehen lassen. In der Zwischenzeit das Backrohr auf 180 Grad vorheizen. Der Kuchen wird dann ca. 30 Minuten bei 180 Grad gebacken.<\/p>\n<p><a href=\"http:\/\/www.samskitchen.at\/?attachment_id=3245\" rel=\"attachment wp-att-3245\"><img decoding=\"async\" loading=\"lazy\" class=\"alignnone size-full wp-image-3245\" src=\"http:\/\/www.samskitchen.at\/wp-content\/uploads\/2017\/08\/2017-08-25-13.42.24-Kopie.jpg\" alt=\"\" width=\"540\" height=\"469\" srcset=\"https:\/\/www.samskitchen.at\/wp-content\/uploads\/2017\/08\/2017-08-25-13.42.24-Kopie.jpg 540w, https:\/\/www.samskitchen.at\/wp-content\/uploads\/2017\/08\/2017-08-25-13.42.24-Kopie-300x261.jpg 300w, https:\/\/www.samskitchen.at\/wp-content\/uploads\/2017\/08\/2017-08-25-13.42.24-Kopie-510x443.jpg 510w, https:\/\/www.samskitchen.at\/wp-content\/uploads\/2017\/08\/2017-08-25-13.42.24-Kopie-115x100.jpg 115w\" sizes=\"(max-width: 540px) 100vw, 540px\" \/><\/a><\/p>\n<p>&nbsp;<\/p>\n","protected":false},"excerpt":{"rendered":"<p>Die Zwetschken sind reif &#8211; also wird der beliebte Zwetschkenfleck gebacken. Zwetscjkenfleck dieses Wort kann nicht ein jeder aussprechen, viele tun sich da schwer oder versuchen es gar nicht. Aber essen kann man es auch ohne es artikulieren zu k\u00f6nnen. Die Zwetschke oder auch Zwetschge genannt ist eine sehr alte Obstsorte, hat kleine l\u00e4ngliche blaue Fr\u00fcchte, die man f\u00fcr alles &hellip;<\/p>\n","protected":false},"author":1,"featured_media":3246,"comment_status":"open","ping_status":"open","sticky":false,"template":"","format":"standard","meta":{"_mi_skip_tracking":false,"_exactmetrics_sitenote_active":false,"_exactmetrics_sitenote_note":"","_exactmetrics_sitenote_category":0,"ngg_post_thumbnail":0,"jetpack_post_was_ever_published":false,"_jetpack_newsletter_access":"","footnotes":"","jetpack_publicize_message":"","jetpack_is_tweetstorm":false,"jetpack_publicize_feature_enabled":true,"jetpack_social_post_already_shared":true,"jetpack_social_options":{"image_generator_settings":{"template":"highway","enabled":false}}},"categories":[103],"tags":[74,337,336],"jetpack_publicize_connections":[],"jetpack_featured_media_url":"https:\/\/www.samskitchen.at\/wp-content\/uploads\/2017\/08\/2017-08-25-13.42.24.jpg","jetpack_sharing_enabled":true,"jetpack_shortlink":"https:\/\/wp.me\/p41IW0-Qi","_links":{"self":[{"href":"https:\/\/www.samskitchen.at\/index.php?rest_route=\/wp\/v2\/posts\/3242"}],"collection":[{"href":"https:\/\/www.samskitchen.at\/index.php?rest_route=\/wp\/v2\/posts"}],"about":[{"href":"https:\/\/www.samskitchen.at\/index.php?rest_route=\/wp\/v2\/types\/post"}],"author":[{"embeddable":true,"href":"https:\/\/www.samskitchen.at\/index.php?rest_route=\/wp\/v2\/users\/1"}],"replies":[{"embeddable":true,"href":"https:\/\/www.samskitchen.at\/index.php?rest_route=%2Fwp%2Fv2%2Fcomments&post=3242"}],"version-history":[{"count":4,"href":"https:\/\/www.samskitchen.at\/index.php?rest_route=\/wp\/v2\/posts\/3242\/revisions"}],"predecessor-version":[{"id":3251,"href":"https:\/\/www.samskitchen.at\/index.php?rest_route=\/wp\/v2\/posts\/3242\/revisions\/3251"}],"wp:featuredmedia":[{"embeddable":true,"href":"https:\/\/www.samskitchen.at\/index.php?rest_route=\/wp\/v2\/media\/3246"}],"wp:attachment":[{"href":"https:\/\/www.samskitchen.at\/index.php?rest_route=%2Fwp%2Fv2%2Fmedia&parent=3242"}],"wp:term":[{"taxonomy":"category","embeddable":true,"href":"https:\/\/www.samskitchen.at\/index.php?rest_route=%2Fwp%2Fv2%2Fcategories&post=3242"},{"taxonomy":"post_tag","embeddable":true,"href":"https:\/\/www.samskitchen.at\/index.php?rest_route=%2Fwp%2Fv2%2Ftags&post=3242"}],"curies":[{"name":"wp","href":"https:\/\/api.w.org\/{rel}","templated":true}]}}