{"id":323,"date":"2013-11-03T14:10:10","date_gmt":"2013-11-03T12:10:10","guid":{"rendered":"http:\/\/www.samskitchen.at\/?p=323"},"modified":"2016-05-23T05:56:59","modified_gmt":"2016-05-23T03:56:59","slug":"fladenbrotunfall","status":"publish","type":"post","link":"https:\/\/www.samskitchen.at\/?p=323","title":{"rendered":"Fladenbrotunfall"},"content":{"rendered":"<p>&nbsp;<\/p>\n<p><a href=\"http:\/\/www.samskitchen.at\/wp-content\/uploads\/2013\/11\/2013-11-03-12.21.26.jpg\"><img decoding=\"async\" loading=\"lazy\" class=\"alignnone size-medium wp-image-330\" src=\"http:\/\/www.samskitchen.at\/wp-content\/uploads\/2013\/11\/2013-11-03-12.21.26-300x86.jpg\" alt=\"2013-11-03 12.21.26\" width=\"300\" height=\"86\" srcset=\"https:\/\/www.samskitchen.at\/wp-content\/uploads\/2013\/11\/2013-11-03-12.21.26-300x86.jpg 300w, https:\/\/www.samskitchen.at\/wp-content\/uploads\/2013\/11\/2013-11-03-12.21.26-510x147.jpg 510w, https:\/\/www.samskitchen.at\/wp-content\/uploads\/2013\/11\/2013-11-03-12.21.26-530x153.jpg 530w\" sizes=\"(max-width: 300px) 100vw, 300px\" \/><\/a>Heute ist mir was passiert, was ich lieber Verschweigen sollte. Gestern hab ich meinen heutigen Backtag so richtig durchgeplant. Ich wollte vier verschiedene Backwaren backen und hab einen richtigen Zeitplan aufgestellt, damit ich beim \u00a0Backen \u00a0keinen Stress bekomme. Alles recht und sch\u00f6n, die Vorteige alle Gestern angesetzt, um 6 Uhr aufgestanden, die Kaffeemaschine in Gang gebracht. Den ersten Vorteig hergenommen, aber jetzt kommst &#8211; das falsche Rezept (sch&#8230;..) bin erst beim Kneten draufgekommen &#8211; habe versucht noch zu retten was zu retten geht. Jetzt schaun wir man was rauskommt. <em><strong>Fladenbrotunfall\u00a0<\/strong><\/em> oder wie soll ichs sonst nennen? Habt Ihr auch schon sowas mitgemacht? Ich wollte Noon Barbari und Noon Sangak backen. Jetzt wird ein dicker Sangak und ein d\u00fcnner Barbari oder doch umgekehrt. oder ein t\u00fcrkisches oder ev. ein griechisches oder eins nach Schuslerart. Bitte was ist ein Schusler? Na einer der herumschuselt, a bisserl schlampig ist und dabei Fehleranf\u00e4llig wird. N\u00e4chstes Mal wird&#8217;s anders (aber das sagen sie immer, die Schusler).<\/p>\n<p>Ergebnis meiner Schuslerei:<\/p>\n<div id=\"attachment_326\" style=\"width: 234px\" class=\"wp-caption alignnone\"><a href=\"http:\/\/www.samskitchen.at\/wp-content\/uploads\/2013\/11\/2013-11-03-11.16.25.jpg\"><img aria-describedby=\"caption-attachment-326\" decoding=\"async\" loading=\"lazy\" class=\"size-medium wp-image-326\" src=\"http:\/\/www.samskitchen.at\/wp-content\/uploads\/2013\/11\/2013-11-03-11.16.25-224x300.jpg\" alt=\"Noon Sagnak aber mit Noon Barbri Vorteig - trotzdem gut\" width=\"224\" height=\"300\" srcset=\"https:\/\/www.samskitchen.at\/wp-content\/uploads\/2013\/11\/2013-11-03-11.16.25-224x300.jpg 224w, https:\/\/www.samskitchen.at\/wp-content\/uploads\/2013\/11\/2013-11-03-11.16.25-510x680.jpg 510w\" sizes=\"(max-width: 224px) 100vw, 224px\" \/><\/a><p id=\"caption-attachment-326\" class=\"wp-caption-text\">Noon Sagnak aber mit Noon Barbri Vorteig &#8211; trotzdem gut<\/p><\/div>\n<p>Rezept f\u00fcr Noon Sagnak ist vom <a href=\"http:\/\/brotdoc.com\/2013\/04\/26\/noon-sangak-1-versuch\/\">Brotdoc:<\/a><\/p>\n<p><strong>Sauerteig TA 200:<\/strong><br \/>\n100 g Weizenmehl 550<br \/>\n100 g Hartweizenmehl<br \/>\n20 g Weizen-Anstellgut<br \/>\n200 g Wasser (28-30\u00b0)<br \/>\nGut vermischen und 12 Stunden bei Raumtemperatur reifen lassen.<\/p>\n<p><strong>Hauptteig TA 168:<\/strong><br \/>\nSauerteig<br \/>\n400 g Weizenvollkornmehl<br \/>\n200 g Weizenmehl 550<br \/>\n344 g Wasser (lauwarm)<br \/>\n1 TL Oliven\u00f6l<br \/>\n1 TL Honig<br \/>\n16 g Salz<\/p>\n<p>Gut verkneten, bis der Teig eine glatte Struktur zeigt. In eine einge\u00f6lte Sch\u00fcssel geben und 3 Stunden reifen lassen. Nach 30, 90 und 150 Minuten strecken und falten. Mindestens 1 Stunde vor dem Backen den Ofen gr\u00fcndlich vorheizen auf 250, besser auf 280\u00b0.<br \/>\n6 Teiglinge von ca. 230g Teiglingsgewicht abstechen und locker rundwirken. Die Teiglinge abgedeckt auf der Arbeitsfl\u00e4che ruhen lassen. Fr\u00fchestens nach 20 Minuten den ersten Teigling ausrollen auf ca. 5-6 mm Dicke.<\/p>\n<p>Ab in den Ofen &#8211; bis sie die gew\u00fcnschte Farbe haben.<\/p>\n<div id=\"attachment_331\" style=\"width: 310px\" class=\"wp-caption alignnone\"><a href=\"http:\/\/www.samskitchen.at\/wp-content\/uploads\/2013\/11\/2013-11-03-12.21.261.jpg\"><img aria-describedby=\"caption-attachment-331\" decoding=\"async\" loading=\"lazy\" class=\"size-medium wp-image-331\" src=\"http:\/\/www.samskitchen.at\/wp-content\/uploads\/2013\/11\/2013-11-03-12.21.261-300x224.jpg\" alt=\"Noon Barbari mit Noon Sagnak Vorteig\" width=\"300\" height=\"224\" srcset=\"https:\/\/www.samskitchen.at\/wp-content\/uploads\/2013\/11\/2013-11-03-12.21.261-300x224.jpg 300w, https:\/\/www.samskitchen.at\/wp-content\/uploads\/2013\/11\/2013-11-03-12.21.261-510x382.jpg 510w, https:\/\/www.samskitchen.at\/wp-content\/uploads\/2013\/11\/2013-11-03-12.21.261-530x397.jpg 530w\" sizes=\"(max-width: 300px) 100vw, 300px\" \/><\/a><p id=\"caption-attachment-331\" class=\"wp-caption-text\">Noon Barbari mit Noon Sagnak Vorteig<\/p><\/div>\n<p>Rezept f\u00fcr Noon Barbari &#8211; ebenfalls vom <a href=\"http:\/\/brotdoc.com\/?s=noon+barbari\">Brotdoc<\/a><\/p>\n<p>Menge f\u00fcr 4 gro\u00dfe Fladen<\/p>\n<p><strong>Biga-Vorteig TA 160<\/strong><\/p>\n<p>200 g Weizenmehl 550<br \/>\n120 g Wasser<br \/>\n1 g Frischhefe<br \/>\nGut vermischen und 12 Stunden reifen lassen.<\/p>\n<p><strong>Hauptteig TA 167<\/strong><\/p>\n<p>321 g Biga<br \/>\n550 g Wasser (kalt)<br \/>\n400 g Hartweizenmehl<br \/>\n400 g Weizenmehl 550<br \/>\n12 g Frischhefe<br \/>\n20 g Zucker<br \/>\n20 g Salz<br \/>\n1 EL Oliven\u00f6l<br \/>\n10 g Weizenmalzmehl (enzyminaktiv, kann weggelassen werden)<br \/>\n10 g Sonnenblumenlecithin (kann weggelassen werden)<\/p>\n<p>&nbsp;<\/p>\n<p>Die Zutaten im Kneter so lange kneten, bis ein glatter elastischer Teig, der sich von der Sch\u00fcsselwand l\u00f6st, entstanden ist. Den Teig 90 Minuten zur Zwischengare stellen, nach 45 Minuten einmal strecken und falten.<br \/>\nDann auf die bemehlte Arbeitsfl\u00e4che geben und den Teigbatzen vierteilen, die Teiglinge m\u00fcssen nicht haargenau gleich schwer sein. Die Teiglinge rundwirken und auf der Arbeitsfl\u00e4che abgedeckt 30 Minuten gehen lassen. Dabei den Ofen auf 270\u00b0 (oder so hei\u00df wie m\u00f6glich) vorheizen.<\/p>\n<p>Den Teigling mit beiden bemehlten H\u00e4nden fassen und einmal in die Mehlwanne plumpsen lassen. Dann mit angewinkelten Fingern beider H\u00e4nde unter den Teigling greifen und diesen wie ein Autolenkrand fassen und etwas kreisend auseinanderdehnen. Dabei vorsichtig sein, da\u00df er nicht in der Mitte zu d\u00fcnn wird, gleichm\u00e4\u00dfig arbeiten.<\/p>\n<p><span style=\"line-height: 1.8em;\">Sodann den Teigling auf den Einschie\u00dfer geben, mit Kartoffelst\u00e4rke best\u00e4uben, mit reichlich Wasser abstreichen und dann die gew\u00fcnschten Saaten aufstreuen.<\/span><\/p>\n<p><span style=\"line-height: 1.8em;\">Dann in den gut vorgeheizten Ofen, optimalerweise direkt auf den Backstein einschie\u00dfen. Gut schwaden. F\u00fcr einen sch\u00f6nen Glanz nach 10 Minuten noch mal einspr\u00fchen. Bei konstanter Temperatur (270\u00b0) f\u00fcr 15-20 Minuten bis zur gew\u00fcnschten Br\u00e4une ausbacken. Bei den anderen Teiglingen gleich verfahren, es ist nicht schlimm, wenn diese l\u00e4nger gehen. Entweder gleich frisch genie\u00dfen oder nach dem Abk\u00fchlen in eine Plastikt\u00fcte f\u00fcr einige Stunden geben, dann haben sie die bekannte weiche Kruste wie aus dem orientalischen Laden.<\/span><\/p>\n<p>Quelle: <a href=\"http:\/\/brotdoc.com\">Brotdoc<\/a><\/p>\n<p>Die Lehre aus dieser Geschichte: Nur nit schuseln &#8211; oder nur mit hudeln &#8211; obwohl das Wort &#8222;hudeln&#8220; beim Brotbacken wieder eine andere Bedeutung hat, aber das ist eine andere Geschichte.<\/p>\n<p>&nbsp;<\/p>\n","protected":false},"excerpt":{"rendered":"<p>&nbsp; Heute ist mir was passiert, was ich lieber Verschweigen sollte. Gestern hab ich meinen heutigen Backtag so richtig durchgeplant. Ich wollte vier verschiedene Backwaren backen und hab einen richtigen Zeitplan aufgestellt, damit ich beim \u00a0Backen \u00a0keinen Stress bekomme. Alles recht und sch\u00f6n, die Vorteige alle Gestern angesetzt, um 6 Uhr aufgestanden, die Kaffeemaschine in Gang gebracht. Den ersten Vorteig &hellip;<\/p>\n","protected":false},"author":1,"featured_media":327,"comment_status":"open","ping_status":"open","sticky":false,"template":"","format":"standard","meta":{"_mi_skip_tracking":false,"_exactmetrics_sitenote_active":false,"_exactmetrics_sitenote_note":"","_exactmetrics_sitenote_category":0,"ngg_post_thumbnail":0,"jetpack_post_was_ever_published":false,"_jetpack_newsletter_access":"","footnotes":"","jetpack_publicize_message":"","jetpack_is_tweetstorm":false,"jetpack_publicize_feature_enabled":true,"jetpack_social_post_already_shared":true,"jetpack_social_options":{"image_generator_settings":{"template":"highway","enabled":false}}},"categories":[2],"tags":[],"jetpack_publicize_connections":[],"jetpack_featured_media_url":"https:\/\/www.samskitchen.at\/wp-content\/uploads\/2013\/11\/2013-11-03-10.41.46.jpg","jetpack_sharing_enabled":true,"jetpack_shortlink":"https:\/\/wp.me\/p41IW0-5d","_links":{"self":[{"href":"https:\/\/www.samskitchen.at\/index.php?rest_route=\/wp\/v2\/posts\/323"}],"collection":[{"href":"https:\/\/www.samskitchen.at\/index.php?rest_route=\/wp\/v2\/posts"}],"about":[{"href":"https:\/\/www.samskitchen.at\/index.php?rest_route=\/wp\/v2\/types\/post"}],"author":[{"embeddable":true,"href":"https:\/\/www.samskitchen.at\/index.php?rest_route=\/wp\/v2\/users\/1"}],"replies":[{"embeddable":true,"href":"https:\/\/www.samskitchen.at\/index.php?rest_route=%2Fwp%2Fv2%2Fcomments&post=323"}],"version-history":[{"count":9,"href":"https:\/\/www.samskitchen.at\/index.php?rest_route=\/wp\/v2\/posts\/323\/revisions"}],"predecessor-version":[{"id":2624,"href":"https:\/\/www.samskitchen.at\/index.php?rest_route=\/wp\/v2\/posts\/323\/revisions\/2624"}],"wp:featuredmedia":[{"embeddable":true,"href":"https:\/\/www.samskitchen.at\/index.php?rest_route=\/wp\/v2\/media\/327"}],"wp:attachment":[{"href":"https:\/\/www.samskitchen.at\/index.php?rest_route=%2Fwp%2Fv2%2Fmedia&parent=323"}],"wp:term":[{"taxonomy":"category","embeddable":true,"href":"https:\/\/www.samskitchen.at\/index.php?rest_route=%2Fwp%2Fv2%2Fcategories&post=323"},{"taxonomy":"post_tag","embeddable":true,"href":"https:\/\/www.samskitchen.at\/index.php?rest_route=%2Fwp%2Fv2%2Ftags&post=323"}],"curies":[{"name":"wp","href":"https:\/\/api.w.org\/{rel}","templated":true}]}}