{"id":3115,"date":"2017-06-05T11:14:24","date_gmt":"2017-06-05T09:14:24","guid":{"rendered":"http:\/\/www.samskitchen.at\/?p=3115"},"modified":"2017-06-12T18:07:30","modified_gmt":"2017-06-12T16:07:30","slug":"bergisches-schrotbrot","status":"publish","type":"post","link":"https:\/\/www.samskitchen.at\/?p=3115","title":{"rendered":"Bergisches Schrotbrot"},"content":{"rendered":"<p><a href=\"http:\/\/www.samskitchen.at\/?attachment_id=3124\" rel=\"attachment wp-att-3124\"><img decoding=\"async\" loading=\"lazy\" class=\"alignnone size-full wp-image-3124\" src=\"http:\/\/www.samskitchen.at\/wp-content\/uploads\/2017\/06\/2017-06-05-10.41.10.jpg\" alt=\"\" width=\"800\" height=\"391\" srcset=\"https:\/\/www.samskitchen.at\/wp-content\/uploads\/2017\/06\/2017-06-05-10.41.10.jpg 800w, https:\/\/www.samskitchen.at\/wp-content\/uploads\/2017\/06\/2017-06-05-10.41.10-300x147.jpg 300w, https:\/\/www.samskitchen.at\/wp-content\/uploads\/2017\/06\/2017-06-05-10.41.10-768x375.jpg 768w, https:\/\/www.samskitchen.at\/wp-content\/uploads\/2017\/06\/2017-06-05-10.41.10-510x249.jpg 510w, https:\/\/www.samskitchen.at\/wp-content\/uploads\/2017\/06\/2017-06-05-10.41.10-125x61.jpg 125w\" sizes=\"(max-width: 800px) 100vw, 800px\" \/><\/a><\/p>\n<p>Es ist ein typisches Landbrot des Bergischen Landes. Man ist es mit dick Butter, Mettwurst und darauf gehobelter Zwiebel. Arbeiter bekamen diese kalorienreichen Butterbrote fr\u00fcher mit in die Klingenschmieden. Die Gegend um Solingen ist ber\u00fchmt f\u00fcr die Messerklingen. Und weil es im Bergischen viele kleine Fl\u00fcsse gibt, gab es auch viele Wasserkraftwerke zum Antreiben der Maschinen.&nbsp;<br \/>\nDa es keine verwertbaren Rezepte f\u00fcr dieses Brot gab, bzw. ich nichts passendes fand, hab ich aus den vorhandenen Inhaltsangaben versucht so ein Bergisches Brot nachzubauen. Um die Wasserbindung zu erh\u00f6hen hab ich ein sogenanntes Aromast\u00fcck oder Malzteig eingebaut.<\/p>\n<h2 class=\"article_title\">Aromast\u00fcck \/ Malzteig<\/h2>\n<div class=\"article_content\">\n<p>Bei dieser Verfahrenstechnik wird Roggenmehl, Wasser (TA 300%) und die Zugabe eines Enzymaktives Malzes (3-5%)&nbsp;f\u00fcr 3 Stunden bei 65\u00b0C ger\u00fchrt. Auf diesem Weg wird eine malzig-s\u00fc\u00df schmeckende, braune Zutat gewonnen. Hierbei kommt es gezielt zu einer Enzymatischen Reaktion und zu einer verst\u00e4rkten Maltosebildung. Der Erhitzungsprozess bewirkt eine intensive Verquellung und Wasserbindung. (Quelle: www.homebaking.at)<\/p>\n<p>Das&nbsp;Malzteiges eignet sich sehr gut zur Steigerung des Geb\u00e4ckaromas durch eine malzige Note. Gerade bei Broten mit Sauerteig kann durch den Malzteig zu einer Geschmacksabrundung kommen, die den S\u00e4ureeindruck vermindert.<\/p>\n<p>Auch wenn mit der F\u00fchrung des Malzteiges ein zus\u00e4tzlicher Aufwand verbunden ist, kann dadurch nicht nur das Geb\u00e4ckaroma verbessert werden, sondern auch die Frischhaltung und die Saftigkeit der Krume&nbsp;kann dadurch gesteigert werden.<\/p>\n<p><strong>Vollkornsauerteig:<br \/>\n<\/strong>300g Roggenvollkornmehl<br \/>\n300g Wasser<br \/>\n&nbsp; 30g Anstellgut<\/p>\n<p>TA: 200&nbsp; RZ: 18Stunden&nbsp;&nbsp; TT: 26-27\u00b0C<\/p>\n<p><strong>Br\u00fchst\u00fcck:<br \/>\n<\/strong>200g Roggenschrot grob<br \/>\n200g Wasser (kochend)<br \/>\n&nbsp; 16g Salz<\/p>\n<p>Vermischen, abk\u00fchlen lassen und f\u00fcr 18 Stunden in den K\u00fchlschrank stellen.<\/p>\n<p>&nbsp;<\/p>\n<p><strong>Hauptteig:<br \/>\n<\/strong>630g reifer Sauerteig<br \/>\n416g Kochst\u00fcck<br \/>\n300g Roggenschrot fein<br \/>\n160g Aromast\u00fcck\/Malzteig<br \/>\n180g Wasser<br \/>\n&nbsp; &nbsp; &nbsp;7g Hefe (Vorsicht: erst gegen Ende der ersten Mischphase)<\/p>\n<p>&nbsp;TT: 30\u00b0C&nbsp;&nbsp;&nbsp; MZ: 20Min langsam\/10Min.langsam<\/p>\n<p>&nbsp;<\/p>\n<p>Alle Zutaten au\u00dfer Hefe im langsamen Gang 20 Minuten mischen (Hefe erste kurz vor Ende der Mischzeit beimengen).<\/p>\n<p>Danach wird eine 30 Minuten lange Ruhezeit eingelegt. Anschlie\u00dfend wird der Teig weitere 10 Minuten am langsamen Gang gemischt. Um dem Teig die gew\u00fcnschte Teigfestigkeit zu geben, kann noch einmal Wasser nachgesch\u00fcttet werden.<\/p>\n<p>Der Teig reift nun f\u00fcr weitere 20 Minuten im Kessel, und wird danach in drei gleich gro\u00dfe Teile geteilt. Rund wirken und sofort in einen Backrahmen legen, mit Mehl bestauben und garen lassen. Der Backrahmen sollte nur bis zur H\u00e4lfte mit Brotteig gef\u00fcllt sein, den dadurch erreicht man ein besseres und sch\u00f6neres&nbsp;Backergebnis&nbsp;<\/p>\n<p>Bei 3\/4 Gare werden die Brote bei 260\u00b0C mit Schwaden in das Backrohr geschoben. Nach einigen&nbsp;Minuten wird der Schaden abgelassen. Nach weiteren 10 Minuten Ofen auf 195-200\u00b0C stellen und nochmals 55-60 Minuten Backen. Die gesamte Backzeit sollte 70 Minuten nicht unterschreiten. Da das Brot so was von saftig ist, sollte es vor dem Anschneiden mindestens 24 Stunden ruhen. Aber wer kann sich solange Beherrschen!<\/p>\n<p><a href=\"http:\/\/www.samskitchen.at\/?attachment_id=3127\" rel=\"attachment wp-att-3127\"><img decoding=\"async\" loading=\"lazy\" class=\"alignnone size-full wp-image-3127\" src=\"http:\/\/www.samskitchen.at\/wp-content\/uploads\/2017\/06\/2017-06-05-10.41.25-1.jpg\" alt=\"\" width=\"700\" height=\"321\" srcset=\"https:\/\/www.samskitchen.at\/wp-content\/uploads\/2017\/06\/2017-06-05-10.41.25-1.jpg 700w, https:\/\/www.samskitchen.at\/wp-content\/uploads\/2017\/06\/2017-06-05-10.41.25-1-300x138.jpg 300w, https:\/\/www.samskitchen.at\/wp-content\/uploads\/2017\/06\/2017-06-05-10.41.25-1-510x234.jpg 510w, https:\/\/www.samskitchen.at\/wp-content\/uploads\/2017\/06\/2017-06-05-10.41.25-1-125x57.jpg 125w\" sizes=\"(max-width: 700px) 100vw, 700px\" \/><\/a> <a href=\"http:\/\/www.samskitchen.at\/?attachment_id=3126\" rel=\"attachment wp-att-3126\"><img decoding=\"async\" loading=\"lazy\" class=\"alignnone size-full wp-image-3126\" src=\"http:\/\/www.samskitchen.at\/wp-content\/uploads\/2017\/06\/2017-06-05-10.41.18.jpg\" alt=\"\" width=\"700\" height=\"525\" srcset=\"https:\/\/www.samskitchen.at\/wp-content\/uploads\/2017\/06\/2017-06-05-10.41.18.jpg 700w, https:\/\/www.samskitchen.at\/wp-content\/uploads\/2017\/06\/2017-06-05-10.41.18-300x225.jpg 300w, https:\/\/www.samskitchen.at\/wp-content\/uploads\/2017\/06\/2017-06-05-10.41.18-510x383.jpg 510w, https:\/\/www.samskitchen.at\/wp-content\/uploads\/2017\/06\/2017-06-05-10.41.18-125x94.jpg 125w\" sizes=\"(max-width: 700px) 100vw, 700px\" \/><\/a> <a href=\"http:\/\/www.samskitchen.at\/?attachment_id=3125\" rel=\"attachment wp-att-3125\"><img decoding=\"async\" loading=\"lazy\" class=\"alignnone size-full wp-image-3125\" src=\"http:\/\/www.samskitchen.at\/wp-content\/uploads\/2017\/06\/2017-06-05-10.41.15.jpg\" alt=\"\" width=\"700\" height=\"525\" srcset=\"https:\/\/www.samskitchen.at\/wp-content\/uploads\/2017\/06\/2017-06-05-10.41.15.jpg 700w, https:\/\/www.samskitchen.at\/wp-content\/uploads\/2017\/06\/2017-06-05-10.41.15-300x225.jpg 300w, https:\/\/www.samskitchen.at\/wp-content\/uploads\/2017\/06\/2017-06-05-10.41.15-510x383.jpg 510w, https:\/\/www.samskitchen.at\/wp-content\/uploads\/2017\/06\/2017-06-05-10.41.15-125x94.jpg 125w\" sizes=\"(max-width: 700px) 100vw, 700px\" \/><\/a> <a href=\"http:\/\/www.samskitchen.at\/?attachment_id=3123\" rel=\"attachment wp-att-3123\"><img decoding=\"async\" loading=\"lazy\" class=\"alignnone size-full wp-image-3123\" src=\"http:\/\/www.samskitchen.at\/wp-content\/uploads\/2017\/06\/2017-06-05-10.40.31.jpg\" alt=\"\" width=\"700\" height=\"525\" srcset=\"https:\/\/www.samskitchen.at\/wp-content\/uploads\/2017\/06\/2017-06-05-10.40.31.jpg 700w, https:\/\/www.samskitchen.at\/wp-content\/uploads\/2017\/06\/2017-06-05-10.40.31-300x225.jpg 300w, https:\/\/www.samskitchen.at\/wp-content\/uploads\/2017\/06\/2017-06-05-10.40.31-510x383.jpg 510w, https:\/\/www.samskitchen.at\/wp-content\/uploads\/2017\/06\/2017-06-05-10.40.31-125x94.jpg 125w\" sizes=\"(max-width: 700px) 100vw, 700px\" \/><\/a> <a href=\"http:\/\/www.samskitchen.at\/?attachment_id=3122\" rel=\"attachment wp-att-3122\"><img decoding=\"async\" loading=\"lazy\" class=\"alignnone size-full wp-image-3122\" src=\"http:\/\/www.samskitchen.at\/wp-content\/uploads\/2017\/06\/2017-06-05-10.40.28.jpg\" alt=\"\" width=\"700\" height=\"525\" srcset=\"https:\/\/www.samskitchen.at\/wp-content\/uploads\/2017\/06\/2017-06-05-10.40.28.jpg 700w, https:\/\/www.samskitchen.at\/wp-content\/uploads\/2017\/06\/2017-06-05-10.40.28-300x225.jpg 300w, https:\/\/www.samskitchen.at\/wp-content\/uploads\/2017\/06\/2017-06-05-10.40.28-510x383.jpg 510w, https:\/\/www.samskitchen.at\/wp-content\/uploads\/2017\/06\/2017-06-05-10.40.28-125x94.jpg 125w\" sizes=\"(max-width: 700px) 100vw, 700px\" \/><\/a> <a href=\"http:\/\/www.samskitchen.at\/?attachment_id=3121\" rel=\"attachment wp-att-3121\"><img decoding=\"async\" loading=\"lazy\" class=\"alignnone size-full wp-image-3121\" src=\"http:\/\/www.samskitchen.at\/wp-content\/uploads\/2017\/06\/2017-06-05-10.40.18.jpg\" alt=\"\" width=\"700\" height=\"525\" srcset=\"https:\/\/www.samskitchen.at\/wp-content\/uploads\/2017\/06\/2017-06-05-10.40.18.jpg 700w, https:\/\/www.samskitchen.at\/wp-content\/uploads\/2017\/06\/2017-06-05-10.40.18-300x225.jpg 300w, https:\/\/www.samskitchen.at\/wp-content\/uploads\/2017\/06\/2017-06-05-10.40.18-510x383.jpg 510w, https:\/\/www.samskitchen.at\/wp-content\/uploads\/2017\/06\/2017-06-05-10.40.18-125x94.jpg 125w\" sizes=\"(max-width: 700px) 100vw, 700px\" \/><\/a><\/p>\n<p>eingereicht bei: <a href=\"http:\/\/www.wildyeastblog.com\/yeastspotting\/\">Yeastspotting<\/a><\/p>\n<\/div>\n","protected":false},"excerpt":{"rendered":"<p>Es ist ein typisches Landbrot des Bergischen Landes. Man ist es mit dick Butter, Mettwurst und darauf gehobelter Zwiebel. Arbeiter bekamen diese kalorienreichen Butterbrote fr\u00fcher mit in die Klingenschmieden. Die Gegend um Solingen ist ber\u00fchmt f\u00fcr die Messerklingen. Und weil es im Bergischen viele kleine Fl\u00fcsse gibt, gab es auch viele Wasserkraftwerke zum Antreiben der Maschinen.&nbsp; Da es keine verwertbaren &hellip;<\/p>\n","protected":false},"author":1,"featured_media":3124,"comment_status":"open","ping_status":"open","sticky":false,"template":"","format":"standard","meta":{"_mi_skip_tracking":false,"_exactmetrics_sitenote_active":false,"_exactmetrics_sitenote_note":"","_exactmetrics_sitenote_category":0,"ngg_post_thumbnail":0,"jetpack_post_was_ever_published":false,"_jetpack_newsletter_access":"","footnotes":"","jetpack_publicize_message":"","jetpack_is_tweetstorm":false,"jetpack_publicize_feature_enabled":true,"jetpack_social_post_already_shared":true,"jetpack_social_options":{"image_generator_settings":{"template":"highway","enabled":false}}},"categories":[2],"tags":[108,111,325,326,35],"jetpack_publicize_connections":[],"jetpack_featured_media_url":"https:\/\/www.samskitchen.at\/wp-content\/uploads\/2017\/06\/2017-06-05-10.41.10.jpg","jetpack_sharing_enabled":true,"jetpack_shortlink":"https:\/\/wp.me\/p41IW0-Of","_links":{"self":[{"href":"https:\/\/www.samskitchen.at\/index.php?rest_route=\/wp\/v2\/posts\/3115"}],"collection":[{"href":"https:\/\/www.samskitchen.at\/index.php?rest_route=\/wp\/v2\/posts"}],"about":[{"href":"https:\/\/www.samskitchen.at\/index.php?rest_route=\/wp\/v2\/types\/post"}],"author":[{"embeddable":true,"href":"https:\/\/www.samskitchen.at\/index.php?rest_route=\/wp\/v2\/users\/1"}],"replies":[{"embeddable":true,"href":"https:\/\/www.samskitchen.at\/index.php?rest_route=%2Fwp%2Fv2%2Fcomments&post=3115"}],"version-history":[{"count":6,"href":"https:\/\/www.samskitchen.at\/index.php?rest_route=\/wp\/v2\/posts\/3115\/revisions"}],"predecessor-version":[{"id":3132,"href":"https:\/\/www.samskitchen.at\/index.php?rest_route=\/wp\/v2\/posts\/3115\/revisions\/3132"}],"wp:featuredmedia":[{"embeddable":true,"href":"https:\/\/www.samskitchen.at\/index.php?rest_route=\/wp\/v2\/media\/3124"}],"wp:attachment":[{"href":"https:\/\/www.samskitchen.at\/index.php?rest_route=%2Fwp%2Fv2%2Fmedia&parent=3115"}],"wp:term":[{"taxonomy":"category","embeddable":true,"href":"https:\/\/www.samskitchen.at\/index.php?rest_route=%2Fwp%2Fv2%2Fcategories&post=3115"},{"taxonomy":"post_tag","embeddable":true,"href":"https:\/\/www.samskitchen.at\/index.php?rest_route=%2Fwp%2Fv2%2Ftags&post=3115"}],"curies":[{"name":"wp","href":"https:\/\/api.w.org\/{rel}","templated":true}]}}