{"id":3023,"date":"2017-03-24T12:25:09","date_gmt":"2017-03-24T11:25:09","guid":{"rendered":"http:\/\/www.samskitchen.at\/?p=3023"},"modified":"2017-03-24T12:25:09","modified_gmt":"2017-03-24T11:25:09","slug":"reine-de-meule-und-wurzelbrot","status":"publish","type":"post","link":"https:\/\/www.samskitchen.at\/?p=3023","title":{"rendered":"Reine de  Meule und Wurzelbrot"},"content":{"rendered":"<p>&nbsp;<\/p>\n<p><a href=\"http:\/\/www.samskitchen.at\/?attachment_id=3034\" rel=\"attachment wp-att-3034\"><img decoding=\"async\" loading=\"lazy\" class=\"alignnone size-full wp-image-3034\" src=\"http:\/\/www.samskitchen.at\/wp-content\/uploads\/2017\/03\/2017-03-24-11.47.52.jpg\" alt=\"\" width=\"650\" height=\"488\" srcset=\"https:\/\/www.samskitchen.at\/wp-content\/uploads\/2017\/03\/2017-03-24-11.47.52.jpg 650w, https:\/\/www.samskitchen.at\/wp-content\/uploads\/2017\/03\/2017-03-24-11.47.52-300x225.jpg 300w, https:\/\/www.samskitchen.at\/wp-content\/uploads\/2017\/03\/2017-03-24-11.47.52-510x383.jpg 510w, https:\/\/www.samskitchen.at\/wp-content\/uploads\/2017\/03\/2017-03-24-11.47.52-125x94.jpg 125w\" sizes=\"(max-width: 650px) 100vw, 650px\" \/><\/a>Einen Workshop mit <a href=\"http:\/\/www.homebaking.at\">Dietmar Kappel<\/a>&nbsp;&#8211; was will man mehr. Anl\u00e4sslich der &#8222;Kruste und Krume&#8220; &nbsp; in Wien durfte ich bei Dietmar noch einiges dazulernen, ganz besonders im Umgang mit weichen Teigen. Wie der mit Teigen umgeht einfach sehenswert. &nbsp;Ich hatte bisher immer die Angst weiche Teige zu \u00fcberkneten. Das ist jetzt vorbei. Sensationell wie sich so ein weicher Teig anf\u00fchlt. Sollte jeder einmal versuchen.<\/p>\n<p>Aber nun zum Rezept das wir gebacken haben. Gleicher Teig f\u00fcr zwei unterschiedliche Brote.&nbsp;<\/p>\n<p><strong>Zutaten f\u00fcr 2 Brote zu je 620g<\/strong><\/p>\n<p><strong>Roggensauerteig:<br \/>\n<\/strong>45g Roggenmehl T960<br \/>\n45g Wasser 40\u00b0 C<br \/>\n8g Anstellgut<\/p>\n<p>Zutaten vermengen und bei 27-30\u00b0C 12-15 Stunden reifen lassen.<\/p>\n<p><strong>Weizensauerteig:<br \/>\n<\/strong>30g Weizenmehl T 1600<br \/>\n30g Wasser 40\u00b0 C<br \/>\n5g Anstellgut<\/p>\n<p>Zutaten wieder gut vermischen und bei 27-30\u00b0C 12-15 Stunden reifen lassen.<\/p>\n<p><strong>Poolish:<br \/>\n<\/strong>170g Tippo 00<br \/>\n170g Wasser 20\u00b0C<br \/>\n1 g Hefe<\/p>\n<p>Zutaten vermischen und bei Raumtemperatur ca. zwei Stunden anspringen lassen. Anschliessend f\u00fcr 10 bis 12 Stunden im K\u00fchlschrank bei 4\u00b0C lagern.<\/p>\n<p><strong>Hauptteig:<\/strong><br \/>\n341g Poolish<br \/>\n98g Roggensauerteig<br \/>\n65g Weizensauerteig<br \/>\n440g Tippo 00<br \/>\n250g Wasser &nbsp;mehr oder weniger (zum Schluss schluckweise zusch\u00fctten)<br \/>\n14g Salz<br \/>\n25g Oliven\u00f6l<br \/>\n4g Hefe<\/p>\n<p>Alle Vorteige, Mehl und Wasser in den Kneter geben und gut vermischen. 30 Minuten ruhen lassen (Autolyse). Anschliessend Salz und Hefe dazugeben und ca 8 Minuten langsam mischen, dann in den schnellen Gang wechseln und so lange kneten bis sich der Teig von den Sch\u00fcssel zu L\u00f6ssen beginnt. \u00d6l dazugeben und Weiterkneten bis der Teig das \u00d6l vollst\u00e4ndig aufgenommen hat.&nbsp;<br \/>\nDann lagern wir den Teig in einer ge\u00f6lten Wanne f\u00fcr die n\u00e4chsten 100 Minuten. Nach 35 und 70 Minuten falten.&nbsp;<br \/>\nNach 100 Minuten sollte der Teig sch\u00f6n aufgegangen sein und sich sehr locker anf\u00fchlen. Wir sch\u00fctten den Teig vorsichtig auf eine gut bemehlte Arbeitsfl\u00e4che, ziehen ihn vorsichtig ohne viel Druck auszu\u00fcben zu einem Rechteck auseinander und teilen ihn in zwei Teile. Aus einem der Rechtecke machen wir ein Wurzelbrot und aus dem anderen eine Reine de Meule. Beim Wurzelbrot wird oft der Fehler gemacht zuviel Windungen zu drehen, dadurch werden den f\u00fcr dieses Brot typischen grosse Poren wieder herausgedr\u00fcckt (\u00e4hnlich wenn man einen Schwamm ausdr\u00fcckt). Zwei Windungen gen\u00fcgen. Noch besser gelingt es, wenn man das Teigrechteck in zwei l\u00e4ngliche Teile teilt und dann gegeneinander verdreht. Beim Reine de Meule hab ich das Rechteck in drei gleiche Teile gestochen mit drei Fingern alle drei aufgehoben und in ein bemehltes G\u00e4rk\u00f6rberl fallen lassen. Die Enden zurecht zupfen und zur Gare stellen.<br \/>\nBei voller Gare in den gut vorgeheizten Ofen einschiessen. 250\u00b0C fallend auf 220\u00b0C mit Schwaden ca. 35 Minuten backen. Gegen Ende den Schwaden ablassen.<\/p>\n<p><a href=\"http:\/\/www.samskitchen.at\/?attachment_id=3032\" rel=\"attachment wp-att-3032\"><img decoding=\"async\" loading=\"lazy\" class=\"alignnone size-full wp-image-3032\" src=\"http:\/\/www.samskitchen.at\/wp-content\/uploads\/2017\/03\/2017-03-24-11.47.38.jpg\" alt=\"\" width=\"650\" height=\"488\" srcset=\"https:\/\/www.samskitchen.at\/wp-content\/uploads\/2017\/03\/2017-03-24-11.47.38.jpg 650w, https:\/\/www.samskitchen.at\/wp-content\/uploads\/2017\/03\/2017-03-24-11.47.38-300x225.jpg 300w, https:\/\/www.samskitchen.at\/wp-content\/uploads\/2017\/03\/2017-03-24-11.47.38-510x383.jpg 510w, https:\/\/www.samskitchen.at\/wp-content\/uploads\/2017\/03\/2017-03-24-11.47.38-125x94.jpg 125w\" sizes=\"(max-width: 650px) 100vw, 650px\" \/><\/a> <a href=\"http:\/\/www.samskitchen.at\/?attachment_id=3031\" rel=\"attachment wp-att-3031\"><img decoding=\"async\" loading=\"lazy\" class=\"alignnone size-full wp-image-3031\" src=\"http:\/\/www.samskitchen.at\/wp-content\/uploads\/2017\/03\/2017-03-24-11.36.52.jpg\" alt=\"\" width=\"700\" height=\"525\" srcset=\"https:\/\/www.samskitchen.at\/wp-content\/uploads\/2017\/03\/2017-03-24-11.36.52.jpg 700w, https:\/\/www.samskitchen.at\/wp-content\/uploads\/2017\/03\/2017-03-24-11.36.52-300x225.jpg 300w, https:\/\/www.samskitchen.at\/wp-content\/uploads\/2017\/03\/2017-03-24-11.36.52-510x383.jpg 510w, https:\/\/www.samskitchen.at\/wp-content\/uploads\/2017\/03\/2017-03-24-11.36.52-125x94.jpg 125w\" sizes=\"(max-width: 700px) 100vw, 700px\" \/><\/a> <a href=\"http:\/\/www.samskitchen.at\/?attachment_id=3030\" rel=\"attachment wp-att-3030\"><img decoding=\"async\" loading=\"lazy\" class=\"alignnone size-full wp-image-3030\" src=\"http:\/\/www.samskitchen.at\/wp-content\/uploads\/2017\/03\/2017-03-24-11.36.47.jpg\" alt=\"\" width=\"700\" height=\"525\" srcset=\"https:\/\/www.samskitchen.at\/wp-content\/uploads\/2017\/03\/2017-03-24-11.36.47.jpg 700w, https:\/\/www.samskitchen.at\/wp-content\/uploads\/2017\/03\/2017-03-24-11.36.47-300x225.jpg 300w, https:\/\/www.samskitchen.at\/wp-content\/uploads\/2017\/03\/2017-03-24-11.36.47-510x383.jpg 510w, https:\/\/www.samskitchen.at\/wp-content\/uploads\/2017\/03\/2017-03-24-11.36.47-125x94.jpg 125w\" sizes=\"(max-width: 700px) 100vw, 700px\" \/><\/a> <a href=\"http:\/\/www.samskitchen.at\/?attachment_id=3029\" rel=\"attachment wp-att-3029\"><img decoding=\"async\" loading=\"lazy\" class=\"alignnone size-full wp-image-3029\" src=\"http:\/\/www.samskitchen.at\/wp-content\/uploads\/2017\/03\/2017-03-24-11.00.19.jpg\" alt=\"\" width=\"625\" height=\"478\" srcset=\"https:\/\/www.samskitchen.at\/wp-content\/uploads\/2017\/03\/2017-03-24-11.00.19.jpg 625w, https:\/\/www.samskitchen.at\/wp-content\/uploads\/2017\/03\/2017-03-24-11.00.19-300x229.jpg 300w, https:\/\/www.samskitchen.at\/wp-content\/uploads\/2017\/03\/2017-03-24-11.00.19-510x390.jpg 510w, https:\/\/www.samskitchen.at\/wp-content\/uploads\/2017\/03\/2017-03-24-11.00.19-125x96.jpg 125w\" sizes=\"(max-width: 625px) 100vw, 625px\" \/><\/a> <a href=\"http:\/\/www.samskitchen.at\/?attachment_id=3028\" rel=\"attachment wp-att-3028\"><img decoding=\"async\" loading=\"lazy\" class=\"alignnone size-full wp-image-3028\" src=\"http:\/\/www.samskitchen.at\/wp-content\/uploads\/2017\/03\/2017-03-24-11.00.16.jpg\" alt=\"\" width=\"700\" height=\"525\" srcset=\"https:\/\/www.samskitchen.at\/wp-content\/uploads\/2017\/03\/2017-03-24-11.00.16.jpg 700w, https:\/\/www.samskitchen.at\/wp-content\/uploads\/2017\/03\/2017-03-24-11.00.16-300x225.jpg 300w, https:\/\/www.samskitchen.at\/wp-content\/uploads\/2017\/03\/2017-03-24-11.00.16-510x383.jpg 510w, https:\/\/www.samskitchen.at\/wp-content\/uploads\/2017\/03\/2017-03-24-11.00.16-125x94.jpg 125w\" sizes=\"(max-width: 700px) 100vw, 700px\" \/><\/a> <a href=\"http:\/\/www.samskitchen.at\/?attachment_id=3027\" rel=\"attachment wp-att-3027\"><img decoding=\"async\" loading=\"lazy\" class=\"alignnone size-full wp-image-3027\" src=\"http:\/\/www.samskitchen.at\/wp-content\/uploads\/2017\/03\/2017-03-24-10.59.29.jpg\" alt=\"\" width=\"700\" height=\"525\" srcset=\"https:\/\/www.samskitchen.at\/wp-content\/uploads\/2017\/03\/2017-03-24-10.59.29.jpg 700w, https:\/\/www.samskitchen.at\/wp-content\/uploads\/2017\/03\/2017-03-24-10.59.29-300x225.jpg 300w, https:\/\/www.samskitchen.at\/wp-content\/uploads\/2017\/03\/2017-03-24-10.59.29-510x383.jpg 510w, https:\/\/www.samskitchen.at\/wp-content\/uploads\/2017\/03\/2017-03-24-10.59.29-125x94.jpg 125w\" sizes=\"(max-width: 700px) 100vw, 700px\" \/><\/a> <a href=\"http:\/\/www.samskitchen.at\/?attachment_id=3026\" rel=\"attachment wp-att-3026\"><img decoding=\"async\" loading=\"lazy\" class=\"alignnone size-full wp-image-3026\" src=\"http:\/\/www.samskitchen.at\/wp-content\/uploads\/2017\/03\/2017-03-24-10.59.24.jpg\" alt=\"\" width=\"700\" height=\"525\" srcset=\"https:\/\/www.samskitchen.at\/wp-content\/uploads\/2017\/03\/2017-03-24-10.59.24.jpg 700w, https:\/\/www.samskitchen.at\/wp-content\/uploads\/2017\/03\/2017-03-24-10.59.24-300x225.jpg 300w, https:\/\/www.samskitchen.at\/wp-content\/uploads\/2017\/03\/2017-03-24-10.59.24-510x383.jpg 510w, https:\/\/www.samskitchen.at\/wp-content\/uploads\/2017\/03\/2017-03-24-10.59.24-125x94.jpg 125w\" sizes=\"(max-width: 700px) 100vw, 700px\" \/><\/a> <a href=\"http:\/\/www.samskitchen.at\/?attachment_id=3025\" rel=\"attachment wp-att-3025\"><img decoding=\"async\" loading=\"lazy\" class=\"alignnone size-full wp-image-3025\" src=\"http:\/\/www.samskitchen.at\/wp-content\/uploads\/2017\/03\/2017-03-24-10.59.19.jpg\" alt=\"\" width=\"700\" height=\"525\" srcset=\"https:\/\/www.samskitchen.at\/wp-content\/uploads\/2017\/03\/2017-03-24-10.59.19.jpg 700w, https:\/\/www.samskitchen.at\/wp-content\/uploads\/2017\/03\/2017-03-24-10.59.19-300x225.jpg 300w, https:\/\/www.samskitchen.at\/wp-content\/uploads\/2017\/03\/2017-03-24-10.59.19-510x383.jpg 510w, https:\/\/www.samskitchen.at\/wp-content\/uploads\/2017\/03\/2017-03-24-10.59.19-125x94.jpg 125w\" sizes=\"(max-width: 700px) 100vw, 700px\" \/><\/a><\/p>\n<p>eingereicht bei: <a href=\"http:\/\/www.wildyeastblog.com\/yeastspotting\/\">Yeastspotting<\/a><\/p>\n<p>Inspiriert von: <a href=\"http:\/\/www.homebaking.at\">Dietmar Kappl<\/a><\/p>\n<p>&nbsp;<\/p>\n","protected":false},"excerpt":{"rendered":"<p>&nbsp; Einen Workshop mit Dietmar Kappel&nbsp;&#8211; was will man mehr. Anl\u00e4sslich der &#8222;Kruste und Krume&#8220; &nbsp; in Wien durfte ich bei Dietmar noch einiges dazulernen, ganz besonders im Umgang mit weichen Teigen. Wie der mit Teigen umgeht einfach sehenswert. &nbsp;Ich hatte bisher immer die Angst weiche Teige zu \u00fcberkneten. Das ist jetzt vorbei. Sensationell wie sich so ein weicher Teig &hellip;<\/p>\n","protected":false},"author":1,"featured_media":3033,"comment_status":"open","ping_status":"open","sticky":false,"template":"","format":"standard","meta":{"_mi_skip_tracking":false,"_exactmetrics_sitenote_active":false,"_exactmetrics_sitenote_note":"","_exactmetrics_sitenote_category":0,"ngg_post_thumbnail":0,"jetpack_post_was_ever_published":false,"_jetpack_newsletter_access":"","footnotes":"","jetpack_publicize_message":"","jetpack_is_tweetstorm":false,"jetpack_publicize_feature_enabled":true,"jetpack_social_post_already_shared":true,"jetpack_social_options":{"image_generator_settings":{"template":"highway","enabled":false}}},"categories":[2],"tags":[163,319,35,58],"jetpack_publicize_connections":[],"jetpack_featured_media_url":"https:\/\/www.samskitchen.at\/wp-content\/uploads\/2017\/03\/2017-03-24-11.47.42.jpg","jetpack_sharing_enabled":true,"jetpack_shortlink":"https:\/\/wp.me\/p41IW0-ML","_links":{"self":[{"href":"https:\/\/www.samskitchen.at\/index.php?rest_route=\/wp\/v2\/posts\/3023"}],"collection":[{"href":"https:\/\/www.samskitchen.at\/index.php?rest_route=\/wp\/v2\/posts"}],"about":[{"href":"https:\/\/www.samskitchen.at\/index.php?rest_route=\/wp\/v2\/types\/post"}],"author":[{"embeddable":true,"href":"https:\/\/www.samskitchen.at\/index.php?rest_route=\/wp\/v2\/users\/1"}],"replies":[{"embeddable":true,"href":"https:\/\/www.samskitchen.at\/index.php?rest_route=%2Fwp%2Fv2%2Fcomments&post=3023"}],"version-history":[{"count":2,"href":"https:\/\/www.samskitchen.at\/index.php?rest_route=\/wp\/v2\/posts\/3023\/revisions"}],"predecessor-version":[{"id":3035,"href":"https:\/\/www.samskitchen.at\/index.php?rest_route=\/wp\/v2\/posts\/3023\/revisions\/3035"}],"wp:featuredmedia":[{"embeddable":true,"href":"https:\/\/www.samskitchen.at\/index.php?rest_route=\/wp\/v2\/media\/3033"}],"wp:attachment":[{"href":"https:\/\/www.samskitchen.at\/index.php?rest_route=%2Fwp%2Fv2%2Fmedia&parent=3023"}],"wp:term":[{"taxonomy":"category","embeddable":true,"href":"https:\/\/www.samskitchen.at\/index.php?rest_route=%2Fwp%2Fv2%2Fcategories&post=3023"},{"taxonomy":"post_tag","embeddable":true,"href":"https:\/\/www.samskitchen.at\/index.php?rest_route=%2Fwp%2Fv2%2Ftags&post=3023"}],"curies":[{"name":"wp","href":"https:\/\/api.w.org\/{rel}","templated":true}]}}